{"id":176462,"date":"2019-07-01T16:47:30","date_gmt":"2019-07-01T13:47:30","guid":{"rendered":"http:\/\/www.tvturk.com\/index.php\/trabzonspor-9-futbolcuyla-sozlesme-imzaladi\/"},"modified":"2019-07-01T16:47:30","modified_gmt":"2019-07-01T13:47:30","slug":"trabzonspor-9-futbolcuyla-sozlesme-imzaladi","status":"publish","type":"post","link":"http:\/\/www.tvturk.com\/index.php\/trabzonspor-9-futbolcuyla-sozlesme-imzaladi\/","title":{"rendered":"Trabzonspor 9 futbolcuyla s\u00f6zle\u015fme imzalad\u0131"},"content":{"rendered":"<p>Trabzonspor, 1461 Trabzon ve altyap\u0131s\u0131ndan kadrosuna katt\u0131\u011f\u0131 9 futbolcuya Mehmet Ali Y\u0131lmaz Tesisleri\u2019ndeki Futbol Koordinasyon Merkezi\u2019nde imza t\u00f6reni d\u00fczenlendi.<\/p>\n<p>Ba\u015fkan Yard\u0131mc\u0131s\u0131 ve Genel Sayman Emin Kahraman ile \u0130dari \u0130\u015flerden Sorumlu Y\u00f6netim Kurulu \u00dcyesi Lokman Sad\u0131klar\u2019\u0131n kat\u0131ld\u0131\u011f\u0131 imza t\u00f6reninde H\u00fcseyin Mert Kurt, Faruk Can Gen\u00e7, Sertan \u0130rkilmez, Ahmet Eren, Furkan T\u00fct\u00fcnc\u00fc, \u0130smail Karaka\u015f, Azat Ku\u00e7kar, Talha Re\u015fat Bulut ve Mert Kurt ile s\u00f6zle\u015fme imzaland\u0131.<\/p>\n<p>1461 Trabzon\u2019dan, bordo-mavili tak\u0131ma kat\u0131lan Ahmet Eren, Furkan T\u00fct\u00fcnc\u00fc, Mert Kurt, \u0130smail Karaka\u015f ve Azat Ku\u00e7kar ile 3\u2019er y\u0131ll\u0131k, altyap\u0131dan kadroya dahil edilen Talha Re\u015fat Bulut, H\u00fcseyin Mert Kurt, Faruk Can Gen\u00e7 ve Sertan \u0130rkilmez ile 5\u2019er y\u0131ll\u0131k mukavele yap\u0131ld\u0131.<\/p>\n<p>\u0130mza t\u00f6reni sonras\u0131 a\u00e7\u0131klamalarda bulunan Ba\u015fkan Yard\u0131mc\u0131s\u0131 ve Genel Sayman Emin Kahraman, \u201c\u00c7ok g\u00fcvendi\u011fimiz, her biri birbirinden yetenekli 9 futbolcumuzu kadromuza dahil ettik. Baz\u0131 arkada\u015flar\u0131m\u0131z altyap\u0131m\u0131zda, baz\u0131lar\u0131 ise 1461 Trabzon\u2019da yine Trabzonsporumuz i\u00e7in m\u00fccadele ediyorlard\u0131. \u015eimdi onlar i\u00e7in yeni bir d\u00f6nem ba\u015fl\u0131yor. \u0130n\u015fallah \u00e7ok \u00e7al\u0131\u015facak, \u00e7ok dinleyecek, g\u00fc\u00e7lenerek Trabzonsporumuzun ba\u015far\u0131s\u0131 i\u00e7in ter d\u00f6kecekler. Hem camiam\u0131z hem de gen\u00e7 futbolcular\u0131m\u0131z i\u00e7in hay\u0131rl\u0131 olmas\u0131n\u0131 diliyorum\u201d dedi.<\/p>\n","protected":false},"excerpt":{"rendered":"<p>TRABZONSPOR, 1461 TRABZON VE ALTYAPISINDAN KADROSUNA KATTI\u011eI 9 FUTBOLCUYA MEHMET AL\u0130 YILMAZ TES\u0130SLER\u0130\u2019NDEK\u0130 FUTBOL KOORD\u0130NASYON MERKEZ\u0130\u2019NDE \u0130MZA T\u00d6REN\u0130 D\u00dcZENLEND\u0130.<\/p>\n","protected":false},"author":1,"featured_media":176463,"comment_status":"closed","ping_status":"open","sticky":false,"template":"","format":"standard","meta":{"jetpack_post_was_ever_published":false,"_jetpack_newsletter_access":"","_jetpack_dont_email_post_to_subs":false,"_jetpack_newsletter_tier_id":0,"_jetpack_memberships_contains_paywalled_content":false,"_jetpack_memberships_contains_paid_content":false,"footnotes":"","jetpack_publicize_message":"","jetpack_publicize_feature_enabled":true,"jetpack_social_post_already_shared":true,"jetpack_social_options":{"image_generator_settings":{"template":"highway","default_image_id":0,"font":"","enabled":false},"version":2}},"categories":[657],"tags":[6428,2317,4475,916],"class_list":["post-176462","post","type-post","status-publish","format-standard","has-post-thumbnail","hentry","category-spor","tag-futbolcuyla","tag-imzaladi","tag-sozlesme","tag-trabzonspor"],"jetpack_publicize_connections":[],"jetpack_featured_media_url":"https:\/\/i0.wp.com\/www.tvturk.com\/wp-content\/uploads\/2019\/07\/trabzonspor-9-futbolcuyla-sozlesme-imzaladi_8fe6ef3.jpg?fit=1000%2C699","jetpack_sharing_enabled":true,"jetpack_shortlink":"https:\/\/wp.me\/paKIfm-JUa","_links":{"self":[{"href":"http:\/\/www.tvturk.com\/index.php\/wp-json\/wp\/v2\/posts\/176462","targetHints":{"allow":["GET"]}}],"collection":[{"href":"http:\/\/www.tvturk.com\/index.php\/wp-json\/wp\/v2\/posts"}],"about":[{"href":"http:\/\/www.tvturk.com\/index.php\/wp-json\/wp\/v2\/types\/post"}],"author":[{"embeddable":true,"href":"http:\/\/www.tvturk.com\/index.php\/wp-json\/wp\/v2\/users\/1"}],"replies":[{"embeddable":true,"href":"http:\/\/www.tvturk.com\/index.php\/wp-json\/wp\/v2\/comments?post=176462"}],"version-history":[{"count":0,"href":"http:\/\/www.tvturk.com\/index.php\/wp-json\/wp\/v2\/posts\/176462\/revisions"}],"wp:featuredmedia":[{"embeddable":true,"href":"http:\/\/www.tvturk.com\/index.php\/wp-json\/wp\/v2\/media\/176463"}],"wp:attachment":[{"href":"http:\/\/www.tvturk.com\/index.php\/wp-json\/wp\/v2\/media?parent=176462"}],"wp:term":[{"taxonomy":"category","embeddable":true,"href":"http:\/\/www.tvturk.com\/index.php\/wp-json\/wp\/v2\/categories?post=176462"},{"taxonomy":"post_tag","embeddable":true,"href":"http:\/\/www.tvturk.com\/index.php\/wp-json\/wp\/v2\/tags?post=176462"}],"curies":[{"name":"wp","href":"https:\/\/api.w.org\/{rel}","templated":true}]}}