{"id":176464,"date":"2019-07-01T17:01:24","date_gmt":"2019-07-01T14:01:24","guid":{"rendered":"http:\/\/www.tvturk.com\/index.php\/emine-erdoganin-tokyoda-yunus-emre-enstitusu-ziyaret-etti\/"},"modified":"2019-07-01T17:01:24","modified_gmt":"2019-07-01T14:01:24","slug":"emine-erdoganin-tokyoda-yunus-emre-enstitusu-ziyaret-etti","status":"publish","type":"post","link":"http:\/\/www.tvturk.com\/index.php\/emine-erdoganin-tokyoda-yunus-emre-enstitusu-ziyaret-etti\/","title":{"rendered":"Emine Erdo\u011fan\u2019\u0131n Tokyo\u2019da Yunus Emre Enstit\u00fcs\u00fc ziyaret etti"},"content":{"rendered":"<p>Cumhurba\u015fkan\u0131 Recep Tayyip Erdo\u011fan\u2019a Japonya temaslar\u0131nda e\u015flik eden e\u015fi Emine Erdo\u011fan, Tokyo\u2019daki Yunus Emre Enstit\u00fcs\u00fc\u2019n\u00fc de ziyaret etti.<\/p>\n<p>Japonya\u2019n\u0131n ev sahipli\u011finde ger\u00e7ekle\u015ftirilen G20 Liderler Zirvesi kapsam\u0131nda Tokyo\u2019ya gelen Cumhurba\u015fkan\u0131 Recep Tayyip Erdo\u011fan\u2019a e\u015fi Emine Erdo\u011fan e\u015flik etti. Cumhurba\u015fkan\u0131n\u0131n program\u0131ndan ba\u011f\u0131ms\u0131z olarak ziyaretlerine devam eden Emine Erdo\u011fan, bug\u00fcnk\u00fc program\u0131 kapsam\u0131nda \u00f6nce Tokyo Camisi ard\u0131ndan da Tokyo Yunus Emre Enstit\u00fcs\u00fcn\u00fc ziyaret etti. Ziyaret s\u0131ras\u0131nda Emine Erdo\u011fan\u2019a e\u015flik eden Enstit\u00fc Ba\u015fkan\u0131 Prof. Dr. \u015eeref ATE\u015e, ger\u00e7ekle\u015ftirdikleri faaliyetler hakk\u0131nda bilgilendirmelerde bulundu. Ziyareti s\u0131ras\u0131nda yetkililerle sohbet eden Emine Erdo\u011fan, enstit\u00fc \u00e7al\u0131\u015fanlar\u0131 ve \u00f6\u011frenciler ile hat\u0131ra foto\u011fraf\u0131 \u00e7ektirmeyi ihmal etmedi.<\/p>\n","protected":false},"excerpt":{"rendered":"<p>EM\u0130NE ERDO\u011eAN\u2019IN TOKYO\u2019DA YUNUS EMRE ENST\u0130T\u00dcS\u00dc Z\u0130YARET ETT\u0130<\/p>\n","protected":false},"author":1,"featured_media":176465,"comment_status":"closed","ping_status":"open","sticky":false,"template":"","format":"standard","meta":{"jetpack_post_was_ever_published":false,"_jetpack_newsletter_access":"","_jetpack_dont_email_post_to_subs":false,"_jetpack_newsletter_tier_id":0,"_jetpack_memberships_contains_paywalled_content":false,"_jetpack_memberships_contains_paid_content":false,"footnotes":"","jetpack_publicize_message":"","jetpack_publicize_feature_enabled":true,"jetpack_social_post_already_shared":true,"jetpack_social_options":{"image_generator_settings":{"template":"highway","default_image_id":0,"font":"","enabled":false},"version":2}},"categories":[10],"tags":[3444,6360,19146,504,207,27348,858,150],"class_list":["post-176464","post","type-post","status-publish","format-standard","has-post-thumbnail","hentry","category-dunya","tag-emine","tag-emre","tag-enstitusu","tag-erdoganin","tag-etti","tag-tokyoda","tag-yunus","tag-ziyaret"],"jetpack_publicize_connections":[],"jetpack_featured_media_url":"https:\/\/i0.wp.com\/www.tvturk.com\/wp-content\/uploads\/2019\/07\/emine-erdoganin-tokyoda-yunus-emre-enstitusu-ziyaret-etti_09073ed.jpg?fit=1000%2C662","jetpack_sharing_enabled":true,"jetpack_shortlink":"https:\/\/wp.me\/paKIfm-JUc","_links":{"self":[{"href":"http:\/\/www.tvturk.com\/index.php\/wp-json\/wp\/v2\/posts\/176464","targetHints":{"allow":["GET"]}}],"collection":[{"href":"http:\/\/www.tvturk.com\/index.php\/wp-json\/wp\/v2\/posts"}],"about":[{"href":"http:\/\/www.tvturk.com\/index.php\/wp-json\/wp\/v2\/types\/post"}],"author":[{"embeddable":true,"href":"http:\/\/www.tvturk.com\/index.php\/wp-json\/wp\/v2\/users\/1"}],"replies":[{"embeddable":true,"href":"http:\/\/www.tvturk.com\/index.php\/wp-json\/wp\/v2\/comments?post=176464"}],"version-history":[{"count":0,"href":"http:\/\/www.tvturk.com\/index.php\/wp-json\/wp\/v2\/posts\/176464\/revisions"}],"wp:featuredmedia":[{"embeddable":true,"href":"http:\/\/www.tvturk.com\/index.php\/wp-json\/wp\/v2\/media\/176465"}],"wp:attachment":[{"href":"http:\/\/www.tvturk.com\/index.php\/wp-json\/wp\/v2\/media?parent=176464"}],"wp:term":[{"taxonomy":"category","embeddable":true,"href":"http:\/\/www.tvturk.com\/index.php\/wp-json\/wp\/v2\/categories?post=176464"},{"taxonomy":"post_tag","embeddable":true,"href":"http:\/\/www.tvturk.com\/index.php\/wp-json\/wp\/v2\/tags?post=176464"}],"curies":[{"name":"wp","href":"https:\/\/api.w.org\/{rel}","templated":true}]}}