{"id":176484,"date":"2019-07-01T17:16:32","date_gmt":"2019-07-01T14:16:32","guid":{"rendered":"http:\/\/www.tvturk.com\/index.php\/belediye-personelinin-nezaketi-sokak-kopegini-yerinde-etti\/"},"modified":"2019-07-01T17:16:32","modified_gmt":"2019-07-01T14:16:32","slug":"belediye-personelinin-nezaketi-sokak-kopegini-yerinde-etti","status":"publish","type":"post","link":"http:\/\/www.tvturk.com\/index.php\/belediye-personelinin-nezaketi-sokak-kopegini-yerinde-etti\/","title":{"rendered":"Belediye personelinin nezaketi, sokak k\u00f6pe\u011fini yerinde etti"},"content":{"rendered":"<p>Antalya\u2019da bir belediye personelinin belediye binas\u0131 \u00f6n\u00fcnde yatan sokak k\u00f6pe\u011fini kald\u0131rmak i\u00e7in nezaketi elden b\u0131rakmadan dil d\u00f6kt\u00fc\u011f\u00fc ve k\u00f6pe\u011fin kalk\u0131p gitti\u011fi anlar g\u00fcl\u00fcmsetti.<\/p>\n<p>Antalya Korkuteli Belediyesi \u00f6n\u00fcnde s\u0131caklardan bunalan bir k\u00f6pek binan\u0131n kap\u0131 giri\u015findeki g\u00f6lgeye yatarak serinlemek istedi ancak deyim yerindeyse ba\u015f\u0131 \u015fi\u015firildi. Belediye \u00f6n\u00fcnde uzanan k\u00f6pe\u011fin yan\u0131na gelen belediye personeli, tatl\u0131 bir dille k\u00f6pe\u011fe seslendi. Kap\u0131n\u0131n \u00f6n\u00fcnden kalkmas\u0131 gerekti\u011fini ifade eden belediye \u00e7al\u0131\u015fan\u0131n\u0131 muhtemelen bir arkada\u015f\u0131 telefonla g\u00f6r\u00fcnt\u00fcledi.<\/p>\n<p>Belediye \u00e7al\u0131\u015fan\u0131 k\u00f6pe\u011fe hitap ederek, &#8220;Hayvanlar\u0131 severiz, hayvanlar\u0131n do\u011fal ya\u015fam ortam\u0131na kar\u015f\u0131 de\u011filiz ama kap\u0131n\u0131n \u00f6n\u00fcnde yat\u0131yorsun babac\u0131m. \u0130nsanlar gelip ge\u00e7erken rahats\u0131z oluyor. Defalarca s\u00f6yledik ama biz, kar\u015f\u0131da park var&#8221; \u015feklinde konu\u015ftu.<\/p>\n<p>Derdini anlatan belediye personeline &#8220;hav&#8221; bile demeyen k\u00f6pek, bir s\u00fcre sonra ba\u015f\u0131n\u0131n \u015fi\u015firilmesine dayanamayarak yerinden kalk\u0131p gitti.<\/p>\n","protected":false},"excerpt":{"rendered":"<p>ANTALYA&#8217;DA B\u0130R BELED\u0130YE PERSONEL\u0130N\u0130N BELED\u0130YE B\u0130NASI \u00d6N\u00dcNDE OTURAN K\u00d6PEKLE \u0130LET\u0130\u015e\u0130M \u015eEKL\u0130 G\u00d6RENLER\u0130 G\u00dcL\u00dcMSETT\u0130.<\/p>\n","protected":false},"author":1,"featured_media":176485,"comment_status":"closed","ping_status":"open","sticky":false,"template":"","format":"standard","meta":{"jetpack_post_was_ever_published":false,"_jetpack_newsletter_access":"","_jetpack_dont_email_post_to_subs":false,"_jetpack_newsletter_tier_id":0,"_jetpack_memberships_contains_paywalled_content":false,"_jetpack_memberships_contains_paid_content":false,"footnotes":"","jetpack_publicize_message":"","jetpack_publicize_feature_enabled":true,"jetpack_social_post_already_shared":true,"jetpack_social_options":{"image_generator_settings":{"template":"highway","default_image_id":0,"font":"","enabled":false},"version":2}},"categories":[1],"tags":[134,207,14689,43080,14802,1183,2655],"class_list":["post-176484","post","type-post","status-publish","format-standard","has-post-thumbnail","hentry","category-genel","tag-belediye","tag-etti","tag-kopegini","tag-nezaketi","tag-personelinin","tag-sokak","tag-yerinde"],"jetpack_publicize_connections":[],"jetpack_featured_media_url":"https:\/\/i0.wp.com\/www.tvturk.com\/wp-content\/uploads\/2019\/07\/belediye-personelinin-nezaketi-sokak-kopegini-yerinde-etti_1fac036.jpg?fit=1000%2C946","jetpack_sharing_enabled":true,"jetpack_shortlink":"https:\/\/wp.me\/paKIfm-JUw","_links":{"self":[{"href":"http:\/\/www.tvturk.com\/index.php\/wp-json\/wp\/v2\/posts\/176484","targetHints":{"allow":["GET"]}}],"collection":[{"href":"http:\/\/www.tvturk.com\/index.php\/wp-json\/wp\/v2\/posts"}],"about":[{"href":"http:\/\/www.tvturk.com\/index.php\/wp-json\/wp\/v2\/types\/post"}],"author":[{"embeddable":true,"href":"http:\/\/www.tvturk.com\/index.php\/wp-json\/wp\/v2\/users\/1"}],"replies":[{"embeddable":true,"href":"http:\/\/www.tvturk.com\/index.php\/wp-json\/wp\/v2\/comments?post=176484"}],"version-history":[{"count":0,"href":"http:\/\/www.tvturk.com\/index.php\/wp-json\/wp\/v2\/posts\/176484\/revisions"}],"wp:featuredmedia":[{"embeddable":true,"href":"http:\/\/www.tvturk.com\/index.php\/wp-json\/wp\/v2\/media\/176485"}],"wp:attachment":[{"href":"http:\/\/www.tvturk.com\/index.php\/wp-json\/wp\/v2\/media?parent=176484"}],"wp:term":[{"taxonomy":"category","embeddable":true,"href":"http:\/\/www.tvturk.com\/index.php\/wp-json\/wp\/v2\/categories?post=176484"},{"taxonomy":"post_tag","embeddable":true,"href":"http:\/\/www.tvturk.com\/index.php\/wp-json\/wp\/v2\/tags?post=176484"}],"curies":[{"name":"wp","href":"https:\/\/api.w.org\/{rel}","templated":true}]}}