{"id":176488,"date":"2019-07-01T17:17:24","date_gmt":"2019-07-01T14:17:24","guid":{"rendered":"http:\/\/www.tvturk.com\/index.php\/emre-cukura-rakip-dayanmiyor\/"},"modified":"2019-07-01T17:17:24","modified_gmt":"2019-07-01T14:17:24","slug":"emre-cukura-rakip-dayanmiyor","status":"publish","type":"post","link":"http:\/\/www.tvturk.com\/index.php\/emre-cukura-rakip-dayanmiyor\/","title":{"rendered":"Emre \u00c7ukur\u2019a rakip dayanm\u0131yor"},"content":{"rendered":"<p>T\u00fcrk boks kul\u00fcb\u00fc Lions Sport Promotion\u2019un bu y\u0131l alt\u0131nc\u0131s\u0131n\u0131 d\u00fczenleyece\u011fi dev boks galas\u0131na say\u0131l\u0131 g\u00fcnler kala, Emre \u00c7ukur\u2019un rakibi ma\u00e7a \u00e7\u0131kmama karar\u0131 ald\u0131. \u00c7ukur\u2019un yeni rakibi ise Moldova\u2019dan Vadim Gurau oldu.<\/p>\n<p>13 Temmuz gecesi Almanya\u2019n\u0131n M\u00fcnih kentinde eski d\u00fcnya \u015fampiyonlar\u0131m\u0131zdan Levent \u00c7ukur\u2019un organize etti\u011fi galada o\u011flu Emre \u00c7ukur\u2019un rakibi ringe \u00e7\u0131kmama karar\u0131 ald\u0131. Bu karar\u0131n ard\u0131ndan \u00c7ukur, d\u00fcnya k\u0131talar aras\u0131 alt\u0131n kemer m\u00fcsabakas\u0131nda yeni rakibi Moldova\u2019dan Vadim Gurau\u2019ya kar\u015f\u0131 yumruk sallayacak. Bu durum boks d\u00fcnyas\u0131nda, Emre\u2019nin rakiplerinin g\u00f6z\u00fcn\u00fc \u015fimdiden korkuttu\u011fu yorumuna neden oldu. A\u011f\u0131rl\u0131k ve g\u00fc\u00e7 \u00e7al\u0131\u015fmalar\u0131 ile idmanlar\u0131n\u0131 s\u00fcrd\u00fcren Emre \u00c7ukur\u2019un antren\u00f6r\u00fc ve babas\u0131 Levent \u00c7ukur, hedeflerinin \u00fclkeye bir alt\u0131n kemer daha getirmek oldu\u011funu belirterek, \u201cHavalar \u00e7ok s\u0131cak, bir de a\u015f\u0131r\u0131 a\u011f\u0131rl\u0131k \u00e7al\u0131\u015fmalar\u0131 yap\u0131yoruz bu da Emre\u2019yi \u00e7ok yoruyor ve kaslar\u0131n\u0131n a\u015f\u0131r\u0131 \u0131s\u0131nmas\u0131na neden oluyor. Antrenmanlardan sonra \u00fc\u00e7-d\u00f6rt dakika buzlu suya yat\u0131r\u0131yoruz. A\u011f\u0131r antrenmanlar ile \u0131s\u0131nan kaslara \u00e7abuk yorgunluk hissi veriyor, ayn\u0131 zamanda k\u00fc\u00e7\u00fck \u00e7atlaklar nedeniyle \u015fi\u015fmeler de meydana geliyor. Buzlu su kan dola\u015f\u0131m\u0131n\u0131 h\u0131zland\u0131r\u0131rken, v\u00fccuttaki zehirli at\u0131klar\u0131n da h\u0131zla temizlenmesini sa\u011fl\u0131yor. D\u00fcnyan\u0131n en iyi promot\u00f6rleri aras\u0131nda yer alan EC BOX\u0130NG genel kurulu ba\u015fkan\u0131 Erol Ceylan, Emre\u2019nin stilini \u00e7ok be\u011fendi\u011fini s\u00f6yleyerek, d\u00fcnya \u015fampiyonluk yolunda kendisini destekleyece\u011fini belirtti. Bu da bizim i\u00e7in ayr\u0131 bir onur kayna\u011f\u0131d\u0131r\u201d \u015feklinde konu\u015ftu.<\/p>\n<p>Vedat Alyaz: &#8220;Sporcumuza olan g\u00fcvenimiz tamd\u0131r&#8221;<\/p>\n<p>Lions Sport promotion bas\u0131n dan\u0131\u015fman\u0131 Vedat Alyaz, bu kar\u015f\u0131la\u015fman\u0131n kendileri a\u00e7\u0131s\u0131ndan \u00e7ok \u00f6nemli oldu\u011funu vurgulayarak, \u201cEmre daha \u00f6nce Avrupa \u015fampiyonlu\u011fu ya\u015fam\u0131\u015f olan ba\u015far\u0131l\u0131 bir isim. Bug\u00fcne kadar yapt\u0131\u011f\u0131 13 ma\u00e7\u0131n t\u00fcm\u00fcn\u00fc b\u00fcy\u00fck bir ba\u015far\u0131yla alan 26 ya\u015f\u0131ndaki sporcu, yenilgisizlik unvan\u0131n\u0131 da s\u00fcrd\u00fcr\u00fcyor. Gelecekte boks d\u00fcnyas\u0131 onun isminden s\u0131k\u00e7a bahsedecektir. D\u00fcnya boks otoritelerinin g\u00f6z\u00fc kula\u011f\u0131 bu ma\u00e7ta olacak. \u015eayet kazan\u0131rsak d\u00fcnya \u015fampiyonlu\u011fu yolunda b\u00fcy\u00fck bir basama\u011f\u0131 daha t\u0131rmanm\u0131\u015f olaca\u011f\u0131z.  Ayn\u0131 gece ringe \u00e7\u0131kacak olan Lions Sport boks kul\u00fcb\u00fc sporcumuz Yusuf Sultano\u011flu da y\u00fckselme ma\u00e7\u0131 yapacak. Kazanmas\u0131 durumunda d\u00fcnya s\u0131ralamas\u0131ndaki yerini y\u00fckselterek, kemer ma\u00e7\u0131 yapmaya hak kazanacak. Her \u015fey alt\u0131n kemeri \u00fclkemize getirmek i\u00e7in yap\u0131yor ve t\u00fcm g\u00fcc\u00fcm\u00fczle \u00e7al\u0131\u015f\u0131yoruz. M\u00fcnih\u2019te ya\u015fayan gurbet\u00e7ileri kar\u015f\u0131la\u015fmaya gelerek, yapt\u0131klar\u0131 tezah\u00fcratlarla sporcumuzu desteklemelerini bekliyoruz\u201d dedi.<\/p>\n","protected":false},"excerpt":{"rendered":"<p>T\u00dcRK BOKS KUL\u00dcB\u00dc L\u0130ONS SPORT PROMOT\u0130ON\u2019UN BU YIL ALTINCISINI D\u00dcZENLEYECE\u011e\u0130 DEV BOKS GALASINA SAYILI G\u00dcNLER KALA, EMRE \u00c7UKUR\u2019UN RAK\u0130B\u0130 MA\u00c7A \u00c7IKMAMA KARARI ALDI. \u00c7UKUR\u2019UN YEN\u0130 RAK\u0130B\u0130 \u0130SE MOLDOVA&#8217;DAN VAD\u0130M GURAU OLDU.<\/p>\n","protected":false},"author":1,"featured_media":176489,"comment_status":"closed","ping_status":"open","sticky":false,"template":"","format":"standard","meta":{"jetpack_post_was_ever_published":false,"_jetpack_newsletter_access":"","_jetpack_dont_email_post_to_subs":false,"_jetpack_newsletter_tier_id":0,"_jetpack_memberships_contains_paywalled_content":false,"_jetpack_memberships_contains_paid_content":false,"footnotes":"","jetpack_publicize_message":"","jetpack_publicize_feature_enabled":true,"jetpack_social_post_already_shared":true,"jetpack_social_options":{"image_generator_settings":{"template":"highway","default_image_id":0,"font":"","enabled":false},"version":2}},"categories":[657],"tags":[1612,43081,6360,12374],"class_list":["post-176488","post","type-post","status-publish","format-standard","has-post-thumbnail","hentry","category-spor","tag-cukura","tag-dayanmiyor","tag-emre","tag-rakip"],"jetpack_publicize_connections":[],"jetpack_featured_media_url":"https:\/\/i0.wp.com\/www.tvturk.com\/wp-content\/uploads\/2019\/07\/emre-cukura-rakip-dayanmiyor_3069a43.jpg?fit=1000%2C855","jetpack_sharing_enabled":true,"jetpack_shortlink":"https:\/\/wp.me\/paKIfm-JUA","_links":{"self":[{"href":"http:\/\/www.tvturk.com\/index.php\/wp-json\/wp\/v2\/posts\/176488","targetHints":{"allow":["GET"]}}],"collection":[{"href":"http:\/\/www.tvturk.com\/index.php\/wp-json\/wp\/v2\/posts"}],"about":[{"href":"http:\/\/www.tvturk.com\/index.php\/wp-json\/wp\/v2\/types\/post"}],"author":[{"embeddable":true,"href":"http:\/\/www.tvturk.com\/index.php\/wp-json\/wp\/v2\/users\/1"}],"replies":[{"embeddable":true,"href":"http:\/\/www.tvturk.com\/index.php\/wp-json\/wp\/v2\/comments?post=176488"}],"version-history":[{"count":0,"href":"http:\/\/www.tvturk.com\/index.php\/wp-json\/wp\/v2\/posts\/176488\/revisions"}],"wp:featuredmedia":[{"embeddable":true,"href":"http:\/\/www.tvturk.com\/index.php\/wp-json\/wp\/v2\/media\/176489"}],"wp:attachment":[{"href":"http:\/\/www.tvturk.com\/index.php\/wp-json\/wp\/v2\/media?parent=176488"}],"wp:term":[{"taxonomy":"category","embeddable":true,"href":"http:\/\/www.tvturk.com\/index.php\/wp-json\/wp\/v2\/categories?post=176488"},{"taxonomy":"post_tag","embeddable":true,"href":"http:\/\/www.tvturk.com\/index.php\/wp-json\/wp\/v2\/tags?post=176488"}],"curies":[{"name":"wp","href":"https:\/\/api.w.org\/{rel}","templated":true}]}}