{"id":176504,"date":"2019-07-01T18:31:40","date_gmt":"2019-07-01T15:31:40","guid":{"rendered":"http:\/\/www.tvturk.com\/index.php\/uluslararasi-ogrenciler-mezuniyet-heyecani-yasiyor\/"},"modified":"2019-07-01T18:31:40","modified_gmt":"2019-07-01T15:31:40","slug":"uluslararasi-ogrenciler-mezuniyet-heyecani-yasiyor","status":"publish","type":"post","link":"http:\/\/www.tvturk.com\/index.php\/uluslararasi-ogrenciler-mezuniyet-heyecani-yasiyor\/","title":{"rendered":"Uluslararas\u0131 \u00f6\u011frenciler mezuniyet heyecan\u0131 ya\u015f\u0131yor"},"content":{"rendered":"<p>Yurtd\u0131\u015f\u0131 T\u00fcrkler ve Akraba Topluluklar Ba\u015fkanl\u0131\u011f\u0131\u2019n\u0131n (YTB) \u201cT\u00fcrkiye Burslar\u0131\u201d program\u0131yla d\u00fcnyan\u0131n d\u00f6rt bir yan\u0131ndan gelerek \u00fclkemizde e\u011fitim alan uluslararas\u0131 \u00f6\u011frenciler mezuniyet heyecan\u0131 ya\u015f\u0131yor.<\/p>\n<p>Son y\u0131llarda \u00f6nemli bir e\u011fitim \u00fcss\u00fc haline gelen T\u00fcrkiye, Yurtd\u0131\u015f\u0131 T\u00fcrkler ve Akraba Topluluklar Ba\u015fkanl\u0131\u011f\u0131\u2019n\u0131n (YTB) \u201cT\u00fcrkiye Burslar\u0131\u201d program\u0131yla d\u00fcnyan\u0131n d\u00f6rt bir yan\u0131ndan uluslararas\u0131 \u00f6\u011frencilere y\u00fcksek\u00f6\u011frenim alan\u0131nda e\u011fitim f\u0131rsat\u0131 sunuyor. T\u00fcrkiye\u2019nin \u00e7e\u015fitli \u00fcniversitelerinde lisans, y\u00fcksek lisans ve doktora d\u00fczeylerinde e\u011fitim alan uluslararas\u0131 \u00f6\u011frenciler ise mezuniyetleri sonras\u0131 \u00fclkelerine d\u00f6nerek toplumlar\u0131n\u0131n kalk\u0131nmas\u0131na katk\u0131 sa\u011fl\u0131yor. YTB her y\u0131l d\u00fczenledi\u011fi programlarla bu \u00f6\u011frencilerin mezuniyet heyecanlar\u0131na ortak oluyor.<\/p>\n<p>YTB taraf\u0131ndan geleneksel olarak d\u00fczenlenen \u201cUluslararas\u0131 Mezuniyet T\u00f6reni\u201dnin sekizincisi ise Cumhurba\u015fkan\u0131 Recep Tayyip Erdo\u011fan\u2019\u0131n kat\u0131l\u0131mlar\u0131yla 3 Temmuz 2019 tarihinde ATO Congressium\u2019da ger\u00e7ekle\u015ftiriliyor.<\/p>\n<p>T\u00fcrkiye\u2019de ge\u00e7irdikleri ba\u015far\u0131l\u0131 e\u011fitim hayat\u0131n\u0131n ard\u0131ndan mezuniyet heyecan\u0131 ya\u015fayan uluslararas\u0131 \u00f6\u011frenciler t\u00f6renin ard\u0131ndan \u00fclkemize veda edecek olurken, \u00fclkeler aras\u0131nda dostluk k\u00f6pr\u00fclerin de temellerini at\u0131yor.<\/p>\n<p>YTB mezunlar\u0131 b\u0131rakm\u0131yor<\/p>\n<p>YTB T\u00fcrkiye\u2019de ald\u0131klar\u0131 e\u011fitimin ard\u0131ndan \u00fclkesine d\u00f6nen mezunlar\u0131 da yaln\u0131z b\u0131rakm\u0131yor. D\u00fcnyan\u0131n d\u00f6rt bir yan\u0131nda Mezun Bulu\u015fmalar\u0131 programlar\u0131 d\u00fczenlenerek irtibatlar kuvvetlendirirken, \u00fclkeler aras\u0131; siyasi, k\u00fclt\u00fcrel, ekonomik ve ticari ili\u015fkilere de katk\u0131lar sa\u011flan\u0131yor. T\u00fcrkiye\u2019nin g\u00f6n\u00fcl el\u00e7ileri olan  \u201cT\u00fcrkiye Mezunlar\u0131\u201d da 160 \u00fclkeye yay\u0131lm\u0131\u015f olarak 150 bine yak\u0131n \u00fcyesiyle b\u00fcy\u00fck bir aileyi olu\u015fturuyor.<\/p>\n","protected":false},"excerpt":{"rendered":"<p>YURTDI\u015eI T\u00dcRKLER VE AKRABA TOPLULUKLAR BA\u015eKANLI\u011eI\u2019NIN (YTB) \u201cT\u00dcRK\u0130YE BURSLARI\u201d PROGRAMIYLA D\u00dcNYANIN D\u00d6RT B\u0130R YANINDAN GELEREK \u00dcLKEM\u0130ZDE E\u011e\u0130T\u0130M ALAN ULUSLARARASI \u00d6\u011eRENC\u0130LER MEZUN\u0130YET HEYECANI YA\u015eIYOR.<\/p>\n","protected":false},"author":1,"featured_media":176505,"comment_status":"closed","ping_status":"open","sticky":false,"template":"","format":"standard","meta":{"jetpack_post_was_ever_published":false,"_jetpack_newsletter_access":"","_jetpack_dont_email_post_to_subs":false,"_jetpack_newsletter_tier_id":0,"_jetpack_memberships_contains_paywalled_content":false,"_jetpack_memberships_contains_paid_content":false,"footnotes":"","jetpack_publicize_message":"","jetpack_publicize_feature_enabled":true,"jetpack_social_post_already_shared":true,"jetpack_social_options":{"image_generator_settings":{"template":"highway","default_image_id":0,"font":"","enabled":false},"version":2}},"categories":[1],"tags":[4839,1179,820,1293,6174],"class_list":["post-176504","post","type-post","status-publish","format-standard","has-post-thumbnail","hentry","category-genel","tag-uluslararasi","tag-heyecani","tag-mezuniyet","tag-ogrenciler","tag-yasiyor"],"jetpack_publicize_connections":[],"jetpack_featured_media_url":"https:\/\/i0.wp.com\/www.tvturk.com\/wp-content\/uploads\/2019\/07\/uluslararasi-ogrenciler-mezuniyet-heyecani-yasiyor_139df5e.jpg?fit=1000%2C731","jetpack_sharing_enabled":true,"jetpack_shortlink":"https:\/\/wp.me\/paKIfm-JUQ","_links":{"self":[{"href":"http:\/\/www.tvturk.com\/index.php\/wp-json\/wp\/v2\/posts\/176504","targetHints":{"allow":["GET"]}}],"collection":[{"href":"http:\/\/www.tvturk.com\/index.php\/wp-json\/wp\/v2\/posts"}],"about":[{"href":"http:\/\/www.tvturk.com\/index.php\/wp-json\/wp\/v2\/types\/post"}],"author":[{"embeddable":true,"href":"http:\/\/www.tvturk.com\/index.php\/wp-json\/wp\/v2\/users\/1"}],"replies":[{"embeddable":true,"href":"http:\/\/www.tvturk.com\/index.php\/wp-json\/wp\/v2\/comments?post=176504"}],"version-history":[{"count":0,"href":"http:\/\/www.tvturk.com\/index.php\/wp-json\/wp\/v2\/posts\/176504\/revisions"}],"wp:featuredmedia":[{"embeddable":true,"href":"http:\/\/www.tvturk.com\/index.php\/wp-json\/wp\/v2\/media\/176505"}],"wp:attachment":[{"href":"http:\/\/www.tvturk.com\/index.php\/wp-json\/wp\/v2\/media?parent=176504"}],"wp:term":[{"taxonomy":"category","embeddable":true,"href":"http:\/\/www.tvturk.com\/index.php\/wp-json\/wp\/v2\/categories?post=176504"},{"taxonomy":"post_tag","embeddable":true,"href":"http:\/\/www.tvturk.com\/index.php\/wp-json\/wp\/v2\/tags?post=176504"}],"curies":[{"name":"wp","href":"https:\/\/api.w.org\/{rel}","templated":true}]}}