{"id":176510,"date":"2019-07-01T19:31:39","date_gmt":"2019-07-01T16:31:39","guid":{"rendered":"http:\/\/www.tvturk.com\/index.php\/yarali-kaya-kartali-tedavi-edilerek-dogaya-salindi\/"},"modified":"2019-07-01T19:31:39","modified_gmt":"2019-07-01T16:31:39","slug":"yarali-kaya-kartali-tedavi-edilerek-dogaya-salindi","status":"publish","type":"post","link":"http:\/\/www.tvturk.com\/index.php\/yarali-kaya-kartali-tedavi-edilerek-dogaya-salindi\/","title":{"rendered":"Yaral\u0131 kaya kartal\u0131 tedavi edilerek do\u011faya sal\u0131nd\u0131"},"content":{"rendered":"<p>Siirt\u2019te k\u0131rsal alanda yaral\u0131 halde bulunan kaya kartal\u0131, Veterinerlik Fak\u00fcltesi\u2019ndeki tedavisinin ard\u0131ndan Siirt Do\u011fa Koruma ve Milli Parklar ekiplerince do\u011faya b\u0131rak\u0131ld\u0131.<\/p>\n<p>Siirt \u00e7evresinde s\u0131k\u00e7a rastlanan t\u00fcrlerden biri olan kaya kartal\u0131n\u0131n kanat a\u00e7\u0131kl\u0131\u011f\u0131n\u0131n bir metre kadar oldu\u011funu belirten Siirt Do\u011fa Koruma ve Milli Parklar ekiplerinden M\u00fchendis G\u00f6khan \u015eeker, vatanda\u015flar taraf\u0131ndan yaral\u0131 ve bitkin bir \u015fekilde bulunan kartal\u0131n tedavisi tamamland\u0131\u011f\u0131 i\u00e7in do\u011fal ortam\u0131na b\u0131rakt\u0131klar\u0131n\u0131 dile getirdi. \u015eeker, \u201cSiirt\u2019te vatanda\u015flar\u0131m\u0131z taraf\u0131ndan bulunan kaya kartal\u0131 olarakta bilinen ayn\u0131 zamanda y\u00f6resel olarakta ismi alt\u0131n kartal olarak ge\u00e7en t\u00fcr\u00fcm\u00fcz Siirt k\u0131rsal\u0131nda vatanda\u015flar\u0131m\u0131z taraf\u0131ndan bulunup \u00dcniversitemizin de\u011ferli hocalar\u0131 taraf\u0131ndan Veterinerlik Fak\u00fcltesinde tedavi ettirilerek Siirt Do\u011fa Koruma ve Milli Park ekiplerine teslim edilmi\u015f olup Siirt\u2019imizin G\u00f6k\u00e7eba\u011f beldesi olan yabani hayvanlar\u0131m\u0131z\u0131n da ayn\u0131 zamanda bu b\u00f6lgede ku\u015flar\u0131m\u0131z\u0131n da aktif bir \u015fekilde doland\u0131\u011f\u0131 bu alanda \u015fahin t\u00fcr\u00fcm\u00fcz\u00fcn ayn\u0131 zamanda kartal t\u00fcrlerimizin yo\u011fun bir \u015fekilde ya\u015fad\u0131\u011f\u0131 alan da bizim alt\u0131n kartal olarak kaya kartal\u0131 olarak ge\u00e7en t\u00fcr\u00fcm\u00fcz\u00fcn burada sal\u0131n\u0131m\u0131n\u0131 ger\u00e7ekle\u015ftirdik. Do\u011fayla i\u00e7 i\u00e7e olmas\u0131n\u0131 sa\u011flad\u0131k. Sadece iki yumurta yapan bu t\u00fcr\u00fcm\u00fcz g\u00fc\u00e7s\u00fcz olan yavrular\u0131n\u0131 daha da hayatta g\u00fc\u00e7l\u00fc kazanmas\u0131 i\u00e7in kuvvet kazanabilmesi i\u00e7in yuvadan atan bir t\u00fcr olarak bilinen ayn\u0131 zamanda et\u00e7il hayvanlarla beslenen sincap, tilki gibi hayvanlarla beslenen ve ya\u015fam\u0131n\u0131 s\u00fcrd\u00fcren bir t\u00fcr\u00fcm\u00fczd\u00fcr. Sarp kayal\u0131klarda yuvalar\u0131n\u0131 yapar. Siirt Do\u011fa Koruma ve Milli Parklar ekiplerince daha da bu t\u00fcrlerimizin geli\u015fmesini tedavisini sa\u011flayarak yabani hayat\u0131n burada geli\u015fmesini sa\u011flayarak daha da etkin bir \u015fekilde biz bu g\u00f6revde rol alaca\u011f\u0131z\u201d dedi.<\/p>\n","protected":false},"excerpt":{"rendered":"<p>S\u0130\u0130RT\u2019TE KIRSAL ALANDA YARALI HALDE BULUNAN KAYA KARTALI, VETER\u0130NERL\u0130K FAK\u00dcLTES\u0130\u2019NDEK\u0130 TEDAV\u0130S\u0130N\u0130N ARDINDAN S\u0130\u0130RT DO\u011eA KORUMA VE M\u0130LL\u0130 PARKLAR EK\u0130PLER\u0130NCE DO\u011eAYA BIRAKILDI.<\/p>\n","protected":false},"author":1,"featured_media":176511,"comment_status":"closed","ping_status":"open","sticky":false,"template":"","format":"standard","meta":{"jetpack_post_was_ever_published":false,"_jetpack_newsletter_access":"","_jetpack_dont_email_post_to_subs":false,"_jetpack_newsletter_tier_id":0,"_jetpack_memberships_contains_paywalled_content":false,"_jetpack_memberships_contains_paid_content":false,"footnotes":"","jetpack_publicize_message":"","jetpack_publicize_feature_enabled":true,"jetpack_social_post_already_shared":true,"jetpack_social_options":{"image_generator_settings":{"template":"highway","default_image_id":0,"font":"","enabled":false},"version":2}},"categories":[1],"tags":[9206,14273,21350,4064,16733,144,774],"class_list":["post-176510","post","type-post","status-publish","format-standard","has-post-thumbnail","hentry","category-genel","tag-dogaya","tag-edilerek","tag-kartali","tag-kaya","tag-salindi","tag-tedavi","tag-yarali"],"jetpack_publicize_connections":[],"jetpack_featured_media_url":"https:\/\/i0.wp.com\/www.tvturk.com\/wp-content\/uploads\/2019\/07\/yarali-kaya-kartali-tedavi-edilerek-dogaya-salindi_b20817b.jpg?fit=1000%2C666","jetpack_sharing_enabled":true,"jetpack_shortlink":"https:\/\/wp.me\/paKIfm-JUW","_links":{"self":[{"href":"http:\/\/www.tvturk.com\/index.php\/wp-json\/wp\/v2\/posts\/176510","targetHints":{"allow":["GET"]}}],"collection":[{"href":"http:\/\/www.tvturk.com\/index.php\/wp-json\/wp\/v2\/posts"}],"about":[{"href":"http:\/\/www.tvturk.com\/index.php\/wp-json\/wp\/v2\/types\/post"}],"author":[{"embeddable":true,"href":"http:\/\/www.tvturk.com\/index.php\/wp-json\/wp\/v2\/users\/1"}],"replies":[{"embeddable":true,"href":"http:\/\/www.tvturk.com\/index.php\/wp-json\/wp\/v2\/comments?post=176510"}],"version-history":[{"count":0,"href":"http:\/\/www.tvturk.com\/index.php\/wp-json\/wp\/v2\/posts\/176510\/revisions"}],"wp:featuredmedia":[{"embeddable":true,"href":"http:\/\/www.tvturk.com\/index.php\/wp-json\/wp\/v2\/media\/176511"}],"wp:attachment":[{"href":"http:\/\/www.tvturk.com\/index.php\/wp-json\/wp\/v2\/media?parent=176510"}],"wp:term":[{"taxonomy":"category","embeddable":true,"href":"http:\/\/www.tvturk.com\/index.php\/wp-json\/wp\/v2\/categories?post=176510"},{"taxonomy":"post_tag","embeddable":true,"href":"http:\/\/www.tvturk.com\/index.php\/wp-json\/wp\/v2\/tags?post=176510"}],"curies":[{"name":"wp","href":"https:\/\/api.w.org\/{rel}","templated":true}]}}