{"id":176556,"date":"2019-07-01T23:46:30","date_gmt":"2019-07-01T20:46:30","guid":{"rendered":"http:\/\/www.tvturk.com\/index.php\/tazminatlari-geri-istenen-70-iscinin-isten-cikartildigi-iddiasi\/"},"modified":"2019-07-01T23:46:30","modified_gmt":"2019-07-01T20:46:30","slug":"tazminatlari-geri-istenen-70-iscinin-isten-cikartildigi-iddiasi","status":"publish","type":"post","link":"http:\/\/www.tvturk.com\/index.php\/tazminatlari-geri-istenen-70-iscinin-isten-cikartildigi-iddiasi\/","title":{"rendered":"Tazminatlar\u0131 geri istenen 70 i\u015f\u00e7inin  i\u015ften \u00e7\u0131kart\u0131ld\u0131\u011f\u0131 iddias\u0131"},"content":{"rendered":"<p>Elaz\u0131\u011f\u2019da 3 y\u0131l\u0131k tazminatlar\u0131 geri istendi\u011fi ileri s\u00fcr\u00fclen ve bunu kabul etmeyen bir yemek \u015firketinden 70 i\u015f\u00e7inin  i\u015ften \u00e7\u0131kart\u0131ld\u0131\u011f\u0131 iddia edildi.<\/p>\n<p>\u0130ddiaya g\u00f6re, Elaz\u0131\u011f 8. Kolordu Komutanl\u0131\u011f\u0131 yemekhanesini i\u015fleten firma, farkl\u0131 birimlerde \u00e7al\u0131\u015fan i\u015f\u00e7ilerin  2016-2019 y\u0131llar\u0131 aras\u0131ndaki tazminatlar\u0131 istedi. Ancak bunu kabul etmeyen yakla\u015f\u0131k 70 personelin  i\u015fine son verildi. Bunun \u00fczerine i\u015f\u00e7iler,  \u00d6Z-\u0130\u015e sendikas\u0131 \u00f6nc\u00fcl\u00fc\u011f\u00fcnde \u00d6\u011fretmenevi \u00f6n\u00fcnde toplanarak bas\u0131n a\u00e7\u0131klamas\u0131 yapt\u0131.<\/p>\n<p>70 i\u015f\u00e7inin ma\u011fduriyetinin giderilmesi i\u00e7in sonuna kadar m\u00fccadele edeceklerini belirten \u00d6Z-\u0130\u015e Sendikas\u0131 Elaz\u0131\u011f \u015eube Ba\u015fkan\u0131 Sezai Top, \u201c8. Kolordu Komutanl\u0131\u011f\u0131n\u0131n yemekhane biriminde i\u015f\u00e7i k\u0131y\u0131m\u0131yla ilgili toplanm\u0131\u015f bulunmaktay\u0131z. Yakla\u015f\u0131k 12 y\u0131ld\u0131r \u00e7al\u0131\u015fmakta olan i\u015f\u00e7ilerin haks\u0131z \u00e7\u0131kart\u0131lmas\u0131yla ilgili geriye d\u00f6n\u00fck 2016-2019 y\u0131llar\u0131 aras\u0131ndaki tazminatlar\u0131n\u0131n \u00f6dendikten sonra geri istendi. Bizler de geri \u00f6demedik i\u015ften \u00e7\u0131kart\u0131ld\u0131k. Bu arkada\u015flar\u0131m\u0131z y\u0131llard\u0131r buraya emek veriyor. Eme\u011finin kar\u015f\u0131l\u0131\u011f\u0131n\u0131 alamadan i\u015flerinden olmu\u015flard\u0131r. \u0130\u015e-KUR \u00fczerinden i\u015f\u00e7i al\u0131m\u0131 ile ilgili ilan vermi\u015fler ancak \u015firkete ilan al\u0131m\u0131 yapmalar\u0131 gerekirken kolordu komutanl\u0131\u011f\u0131na yap\u0131ld\u0131 ve kolordu komutanl\u0131\u011f\u0131 ile g\u00f6r\u00fc\u015fme neticesinde \u015firketin i\u015f\u00e7i al\u0131m\u0131na kar\u0131\u015fmad\u0131klar\u0131n\u0131 belirttiler. Bizler de bu y\u00fczden bas\u0131n a\u00e7\u0131klamas\u0131 yap\u0131p 70 tane \u00e7al\u0131\u015fan arkada\u015f\u0131m\u0131z\u0131n ma\u011fduriyetinin giderilmesi i\u00e7in sonuna kadar hakk\u0131m\u0131z\u0131 arayaca\u011f\u0131m\u0131z\u0131 bildirmek isteriz\u201d dedi.<\/p>\n<p>8. Kolordu Komutanl\u0131\u011f\u0131nda a\u015f\u00e7\u0131 olarak \u00e7al\u0131\u015ft\u0131\u011f\u0131n\u0131 ifade eden i\u015f\u00e7ilerden Yusuf Kenan Do\u011fan ise, \u201c2004 y\u0131l\u0131ndan bug\u00fcne kadar er ve erba\u015fa, vatan\u0131 koruyan Mehmetciklere g\u00f6n\u00fcl sevdal\u0131s\u0131 olan arkada\u015flar\u0131m hizmetlerine devam etmi\u015ftir. Hi\u00e7birine de hi\u00e7bir hukuki, tutanak ve soru sorulmadan \u00e7\u0131kar\u0131ld\u0131k. \u015euan burada g\u00f6r\u00fcld\u00fc\u011f\u00fc \u00fczere herkesten ayn\u0131 \u015fekilde tazminatlar\u0131m\u0131z istendi. Kas\u0131m ay\u0131nda bir teklifte bulunuldu. Teklifte, 8 bin lira alaca\u011f\u0131m\u0131z\u0131n oldu\u011funu ve 2 bin liray\u0131 kabul ediyorsan\u0131z bizimle devam edeceksiniz, kabul etmedi\u011fimiz i\u00e7in elden alaca\u011f\u0131m\u0131z paralar\u0131m\u0131z\u0131 da vermediler. Bizim ma\u011fduriyetimizin tek sebebi, ger\u00e7ek hakk\u0131m\u0131z. Devletin i\u015f\u00e7iye tan\u0131m\u0131\u015f oldu\u011fu bu hak maalesef ta\u015feron firmalar\u0131n\u0131n iki duda\u011f\u0131 aras\u0131ndad\u0131r. Sonucunda i\u015f\u00e7ileri savunmas\u0131z bir \u015fekilde d\u0131\u015far\u0131ya  b\u0131rakm\u0131\u015ft\u0131r. Bu insanlar\u0131n hi\u00e7 birinin y\u00fcz k\u0131zart\u0131c\u0131 bir su\u00e7u yoktur. Ekme\u011fe ihaneti yoktur\u201d diye konu\u015ftu.<\/p>\n<p>Valilikten a\u00e7\u0131klama<\/p>\n<p>Elaz\u0131\u011f Valili\u011fi taraf\u0131ndan yap\u0131lan a\u00e7\u0131klamada, &#8220;Baz\u0131 medya kurulu\u015flar\u0131 taraf\u0131ndan 8. Kolordu Komutanl\u0131\u011f\u0131na ba\u011fl\u0131 70 i\u015f\u00e7inin i\u015ften \u00e7\u0131kar\u0131lmas\u0131na ili\u015fkin \u00e7\u0131kan haberler ger\u00e7e\u011fi yans\u0131tmamaktad\u0131r, zira bahse konu i\u015f\u00e7iler, Milli Savunma Bakanl\u0131\u011f\u0131nda ihaleyi alan \u015firket personeli olup 8. Kolordu Komutanl\u0131\u011f\u0131 ile hi\u00e7bir alakas\u0131 olmamaktad\u0131r&#8221; denildi.<\/p>\n","protected":false},"excerpt":{"rendered":"<p>ELAZI\u011e\u2019DA 2016-2019 YILLARI ARASINDAK\u0130 TAZM\u0130NATLARI \u0130STENEN 70 \u0130\u015e\u00c7\u0130 BUNU KABUL ETMEY\u0130NCE \u0130\u015eTEN \u00c7IKARTILDI.<\/p>\n","protected":false},"author":1,"featured_media":176557,"comment_status":"closed","ping_status":"open","sticky":false,"template":"","format":"standard","meta":{"jetpack_post_was_ever_published":false,"_jetpack_newsletter_access":"","_jetpack_dont_email_post_to_subs":false,"_jetpack_newsletter_tier_id":0,"_jetpack_memberships_contains_paywalled_content":false,"_jetpack_memberships_contains_paid_content":false,"footnotes":"","jetpack_publicize_message":"","jetpack_publicize_feature_enabled":true,"jetpack_social_post_already_shared":true,"jetpack_social_options":{"image_generator_settings":{"template":"highway","default_image_id":0,"font":"","enabled":false},"version":2}},"categories":[1],"tags":[38987,592,3421,16088,6925,16851,43103],"class_list":["post-176556","post","type-post","status-publish","format-standard","has-post-thumbnail","hentry","category-genel","tag-cikartildigi","tag-geri","tag-iddiasi","tag-iscinin","tag-isten","tag-istenen","tag-tazminatlari"],"jetpack_publicize_connections":[],"jetpack_featured_media_url":"https:\/\/i0.wp.com\/www.tvturk.com\/wp-content\/uploads\/2019\/07\/tazminatlari-geri-istenen-70-iscinin-isten-cikartildigi-iddiasi_b463472.jpg?fit=1000%2C610","jetpack_sharing_enabled":true,"jetpack_shortlink":"https:\/\/wp.me\/paKIfm-JVG","_links":{"self":[{"href":"http:\/\/www.tvturk.com\/index.php\/wp-json\/wp\/v2\/posts\/176556","targetHints":{"allow":["GET"]}}],"collection":[{"href":"http:\/\/www.tvturk.com\/index.php\/wp-json\/wp\/v2\/posts"}],"about":[{"href":"http:\/\/www.tvturk.com\/index.php\/wp-json\/wp\/v2\/types\/post"}],"author":[{"embeddable":true,"href":"http:\/\/www.tvturk.com\/index.php\/wp-json\/wp\/v2\/users\/1"}],"replies":[{"embeddable":true,"href":"http:\/\/www.tvturk.com\/index.php\/wp-json\/wp\/v2\/comments?post=176556"}],"version-history":[{"count":0,"href":"http:\/\/www.tvturk.com\/index.php\/wp-json\/wp\/v2\/posts\/176556\/revisions"}],"wp:featuredmedia":[{"embeddable":true,"href":"http:\/\/www.tvturk.com\/index.php\/wp-json\/wp\/v2\/media\/176557"}],"wp:attachment":[{"href":"http:\/\/www.tvturk.com\/index.php\/wp-json\/wp\/v2\/media?parent=176556"}],"wp:term":[{"taxonomy":"category","embeddable":true,"href":"http:\/\/www.tvturk.com\/index.php\/wp-json\/wp\/v2\/categories?post=176556"},{"taxonomy":"post_tag","embeddable":true,"href":"http:\/\/www.tvturk.com\/index.php\/wp-json\/wp\/v2\/tags?post=176556"}],"curies":[{"name":"wp","href":"https:\/\/api.w.org\/{rel}","templated":true}]}}