{"id":176572,"date":"2019-07-02T09:16:12","date_gmt":"2019-07-02T06:16:12","guid":{"rendered":"http:\/\/www.tvturk.com\/index.php\/ozel-zeytinburnunda-engelli-cocuklar-hem-uretiyor-hem-tedavi-oluyor\/"},"modified":"2019-07-02T09:16:12","modified_gmt":"2019-07-02T06:16:12","slug":"ozel-zeytinburnunda-engelli-cocuklar-hem-uretiyor-hem-tedavi-oluyor","status":"publish","type":"post","link":"http:\/\/www.tvturk.com\/index.php\/ozel-zeytinburnunda-engelli-cocuklar-hem-uretiyor-hem-tedavi-oluyor\/","title":{"rendered":"(\u00d6zel) Zeytinburnu\u2019nda engelli \u00e7ocuklar hem \u00fcretiyor hem tedavi oluyor"},"content":{"rendered":"<p>Zeytinburnu\u2019nda bulunan Aile Kad\u0131n Destekleme ve Engelliler Merkezi\u2019nde e\u011fitim g\u00f6ren engelli gen\u00e7ler hem belediyenin galo\u015flar\u0131n\u0131 \u00fcretiyor hem de tedavi oluyor.<\/p>\n<p>Zeytinburnu\u2019nda engelli gen\u00e7ler galo\u015f \u00fcreterek belediyeye destek oluyor. Zeytinburnu Belediyesi Aile Kad\u0131n Destekleme ve Engelliler Merkezi(AKDEM)\u2019nde e\u011fitim g\u00f6ren engelli gen\u00e7ler hem motor becerilerini geli\u015ftirerek tedavi oluyor hem de \u00fcrettikleri bine yak\u0131n galo\u015fla belediyenin temiz kalmas\u0131n\u0131 sa\u011fl\u0131yor. Bir e\u011fitmenle beraber grup halinde m\u00fczik e\u015fli\u011finde yapt\u0131klar\u0131 galo\u015flar, ayn\u0131 zamanda gen\u00e7lerin sosyalle\u015fmesini de sa\u011fl\u0131yor. AKDEM a\u00e7\u0131ld\u0131\u011f\u0131ndan beri ger\u00e7ekle\u015ftirilen e\u011fitimler sayesinde bug\u00fcne kadar binlerce engelli gen\u00e7 bu \u015fekilde terapi g\u00f6rd\u00fc. \u00d6\u011frenciler 5\u2019er ki\u015filik gruplar halinde merkezde bulunan at\u00f6lyede \u00e7al\u0131\u015fmalar\u0131n\u0131 yapt\u0131. G\u00fcn i\u00e7erisinde toplamda \u00fc\u00e7 grup bu hizmetten faydaland\u0131.  Birlikte yapt\u0131klar\u0131 faaliyetlerden dolay\u0131 gen\u00e7lerde olu\u015fan mutluluk ise g\u00f6r\u00fclmeye de\u011ferdi.<\/p>\n<p>\u2019Galo\u015f e\u011fitiminin pek \u00e7ok faydas\u0131 var\u2019<\/p>\n<p>Galo\u015f yapman\u0131n engelliler i\u00e7in i\u015f u\u011fra\u015f\u0131 terapisi oldu\u011funu dile getiren AKDEM Engelliler Koordinasyon Birimi El Sanatlar\u0131 Hocas\u0131 Sabiha Yayla, &#8221; AKDEM kuruldu\u011fundan beri bu faaliyet devam etmekte. Yakla\u015f\u0131k 10-11 y\u0131l kadar diyebiliriz. 8 y\u0131ld\u0131r burada \u00e7al\u0131\u015f\u0131yorum. Galo\u015f d\u0131\u015f\u0131nda yapt\u0131\u011f\u0131m\u0131z \u00e7e\u015fitli faaliyetlerde var. \u00c7ocuklar\u0131 ya\u015f ve engel durumuna g\u00f6re ay\u0131r\u0131yoruz. Galo\u015f yap\u0131m\u0131 da bunlardan bir tanesi. Galo\u015f neye yar\u0131yor? \u00d6ncelikle fiziksel engelli hastalar\u0131m\u0131zda ince motor becerisi kazanmalar\u0131na sebep oluyor. K\u00fc\u00e7\u00fck parmak ucu kaslar\u0131n\u0131 \u00e7al\u0131\u015ft\u0131r\u0131yor. Ayn\u0131 zamanda grup e\u011fitimi oldu\u011fu i\u00e7in sosyalle\u015fmelerini sa\u011fl\u0131yor. Birbirleriyle keyifli zaman ge\u00e7irmelerini sa\u011fl\u0131yor. Payla\u015fmay\u0131 \u00f6\u011freniyorlar. Birbirlerine yard\u0131mc\u0131 olmay\u0131 \u00f6\u011freniyorlar. Ayn\u0131 zamanda bu bir terapi. Biz buna i\u015f u\u011fra\u015f\u0131 terapisi diyebiliriz &#8221; diye konu\u015ftu.<\/p>\n<p>\u2019\u00d6\u011frenciler galo\u015f yapmaktan \u00e7ok mutlu\u2019<\/p>\n<p>E\u011fitimlerin \u00e7ok g\u00fczel ge\u00e7ti\u011fini ve \u00e7ok mutlu oldu\u011funu s\u00f6yleyen 23 ya\u015f\u0131ndaki Down Sendromlu Hilal Dursun,  &#8221; Buras\u0131 \u00e7ok g\u00fczel. Herkes muhakkak buraya gelmeli. Bol bol e\u011fitim als\u0131nlar. Bana annem \u00f6\u011fretti. Beni bu ya\u015f\u0131ma kadar annem getirdi. Anneme te\u015fekk\u00fcr ediyorum. E\u011fitimler \u00e7ok g\u00fczel ge\u00e7iyor, \u00e7ok mutluyum &#8221; dedi.<\/p>\n<p>AKDEM\u2019de nas\u0131l galo\u015f yapt\u0131klar\u0131n\u0131 anlatan Mental Reterdasyon ve Serebral Palsi hastas\u0131 20 ya\u015f\u0131ndaki \u00d6zbay Yasin \u015eahin, &#8221; AKDEM\u2019de galo\u015f yapmaktay\u0131m. Galo\u015f yapmay\u0131 \u00e7ok seviyorum. Bir i\u015fle me\u015fgul oluyoruz. \u00c7ok mutluyum. Burada yard\u0131mla\u015fma var. Arkada\u015flar\u0131nla konu\u015fabiliyorsun. \u0130nce el kaslar\u0131n\u0131 \u00e7al\u0131\u015ft\u0131r\u0131yor. Bu \u015fekilde bir tedavi oluyor. \u0130lk \u00f6nce galo\u015flar\u0131m\u0131z\u0131 kartona koyuyoruz. Daha sonra lastikliyoruz. Ondan sonra makineye koyuyoruz &#8221; dedi.<\/p>\n","protected":false},"excerpt":{"rendered":"<p>ZEYT\u0130NBURNU&#8217;NDA BULUNAN A\u0130LE KADIN DESTEKLEME VE ENGELL\u0130LER MERKEZ\u0130&#8217;NDE E\u011e\u0130T\u0130M G\u00d6REN ENGELL\u0130 GEN\u00c7LER HEM BELED\u0130YEN\u0130N GALO\u015eLARINI \u00dcRET\u0130YOR HEM DE TEDAV\u0130 OLUYOR.<\/p>\n","protected":false},"author":1,"featured_media":176573,"comment_status":"closed","ping_status":"open","sticky":false,"template":"","format":"standard","meta":{"jetpack_post_was_ever_published":false,"_jetpack_newsletter_access":"","_jetpack_dont_email_post_to_subs":false,"_jetpack_newsletter_tier_id":0,"_jetpack_memberships_contains_paywalled_content":false,"_jetpack_memberships_contains_paid_content":false,"footnotes":"","jetpack_publicize_message":"","jetpack_publicize_feature_enabled":true,"jetpack_social_post_already_shared":true,"jetpack_social_options":{"image_generator_settings":{"template":"highway","default_image_id":0,"font":"","enabled":false},"version":2}},"categories":[1],"tags":[1073,252,1784,5149,145,144,8792,18054],"class_list":["post-176572","post","type-post","status-publish","format-standard","has-post-thumbnail","hentry","category-genel","tag-ozel","tag-cocuklar","tag-engelli","tag-hem","tag-oluyor","tag-tedavi","tag-uretiyor","tag-zeytinburnunda"],"jetpack_publicize_connections":[],"jetpack_featured_media_url":"https:\/\/i0.wp.com\/www.tvturk.com\/wp-content\/uploads\/2019\/07\/ozel-zeytinburnunda-engelli-cocuklar-hem-uretiyor-hem-tedavi-oluyor_446802a.jpg?fit=1000%2C666","jetpack_sharing_enabled":true,"jetpack_shortlink":"https:\/\/wp.me\/paKIfm-JVW","_links":{"self":[{"href":"http:\/\/www.tvturk.com\/index.php\/wp-json\/wp\/v2\/posts\/176572","targetHints":{"allow":["GET"]}}],"collection":[{"href":"http:\/\/www.tvturk.com\/index.php\/wp-json\/wp\/v2\/posts"}],"about":[{"href":"http:\/\/www.tvturk.com\/index.php\/wp-json\/wp\/v2\/types\/post"}],"author":[{"embeddable":true,"href":"http:\/\/www.tvturk.com\/index.php\/wp-json\/wp\/v2\/users\/1"}],"replies":[{"embeddable":true,"href":"http:\/\/www.tvturk.com\/index.php\/wp-json\/wp\/v2\/comments?post=176572"}],"version-history":[{"count":0,"href":"http:\/\/www.tvturk.com\/index.php\/wp-json\/wp\/v2\/posts\/176572\/revisions"}],"wp:featuredmedia":[{"embeddable":true,"href":"http:\/\/www.tvturk.com\/index.php\/wp-json\/wp\/v2\/media\/176573"}],"wp:attachment":[{"href":"http:\/\/www.tvturk.com\/index.php\/wp-json\/wp\/v2\/media?parent=176572"}],"wp:term":[{"taxonomy":"category","embeddable":true,"href":"http:\/\/www.tvturk.com\/index.php\/wp-json\/wp\/v2\/categories?post=176572"},{"taxonomy":"post_tag","embeddable":true,"href":"http:\/\/www.tvturk.com\/index.php\/wp-json\/wp\/v2\/tags?post=176572"}],"curies":[{"name":"wp","href":"https:\/\/api.w.org\/{rel}","templated":true}]}}