{"id":176598,"date":"2019-07-02T09:46:22","date_gmt":"2019-07-02T06:46:22","guid":{"rendered":"http:\/\/www.tvturk.com\/index.php\/kackarlarin-etegindeki-minik-golu-ile-meshur-badara-yaylasi-turistlerin-yeni-ugrak-noktasi\/"},"modified":"2019-07-02T09:46:22","modified_gmt":"2019-07-02T06:46:22","slug":"kackarlarin-etegindeki-minik-golu-ile-meshur-badara-yaylasi-turistlerin-yeni-ugrak-noktasi","status":"publish","type":"post","link":"http:\/\/www.tvturk.com\/index.php\/kackarlarin-etegindeki-minik-golu-ile-meshur-badara-yaylasi-turistlerin-yeni-ugrak-noktasi\/","title":{"rendered":"Ka\u00e7karlar\u2019\u0131n ete\u011findeki minik g\u00f6l\u00fc ile me\u015fhur Badara Yaylas\u0131 turistlerin yeni u\u011frak noktas\u0131"},"content":{"rendered":"<p>R\u0130ZE (\u0130HA) \u2013 Rize\u2019nin \u00c7aml\u0131hem\u015fin il\u00e7esinde Ka\u00e7kar Da\u011flar\u0131\u2019n\u0131n ete\u011findeki minik g\u00f6l\u00fc ile me\u015fhur Badara Yaylas\u0131 son d\u00f6nemde yerili ve yabanc\u0131 turistlerin yeni u\u011frak noktas\u0131 oldu.<\/p>\n<p>Yaylan\u0131n ortas\u0131ndaki minik g\u00f6l\u00fc ve di\u011fer yaylardan onu farkl\u0131 k\u0131lan d\u00fczl\u00fck alan\u0131yla turistlerin u\u011frak mekan\u0131 olan Badara Yaylas\u0131\u2019na gelen turistler temiz hava ve ye\u015filin her tonunun yan\u0131 s\u0131ra do\u011fal ya\u015fam\u0131n tad\u0131n\u0131 \u00e7\u0131kart\u0131yor.<\/p>\n<p>Ye\u015fillik \u00fczerinde kurulan halkalarla tulum e\u015fli\u011finde horon oynayan turistler g\u00f6l\u00fcn etraf\u0131nda ise foto\u011fraf \u00e7ekme yar\u0131\u015f\u0131na giri\u015fiyor.<\/p>\n<p>Badara Yaylas\u0131\u2019nda ye\u015filin her tonuna rastlaman\u0131n m\u00fcmk\u00fcn oldu\u011funu dile getiren G\u00f6khan Ferah isimli y\u00f6re sakini \u201cG\u00f6r\u00fcld\u00fc\u011f\u00fc gibi \u00e7ok g\u00fczel. Ufak bir g\u00f6let var. Birazc\u0131k dumanl\u0131 hava ama yine de \u00e7ok g\u00fczel. G\u00f6rmeyenler kesinlikle buralar\u0131 g\u00f6rmeli. \u00d6zellikle bu mevsimde \u00e7ok g\u00fczel. \u00c7i\u00e7ekler a\u00e7m\u0131\u015f, \u00e7ok g\u00fczel g\u00f6r\u00fcn\u00fcyor, ye\u015filin her tonu mevcut. Gelmeyenler mutlaka gelmeli buraya\u201d dedi.<\/p>\n<p>Badara yaylas\u0131nda insanlar\u0131n bir g\u00fcnde 4 mevsimi ya\u015fayabilece\u011fini dile getiren Hasan Sever ise \u201c\u00c7ok ho\u015fuma gitti buras\u0131. Gelip g\u00f6r\u00fclebilecek bir yer buras\u0131. Bir g\u00fcnde 4 mevsimi ya\u015fayabilirsiniz. Badara Yaylas\u0131\u2019na gelmeyen \u00e7ok \u015feyden mahrumdur\u201d ifadelerini kulland\u0131.<\/p>\n<p>Her yaylada oldu\u011fu gibi yayla sakinlerinin en b\u00fcy\u00fck sorunu turistlerin b\u0131rakt\u0131\u011f\u0131 \u00e7\u00f6pler<\/p>\n<p>Yayla sakinleri ise Rize\u2019nin t\u00fcm yaylalar\u0131nda oldu\u011fu gibi turistlerin b\u0131rakt\u0131\u011f\u0131 \u00e7\u00f6plerden \u015fikayet\u00e7i. Yayla sakini \u00d6zcan Ta\u015f\u00e7\u0131 gelen turistlerin \u00e7\u00f6plerinden \u015fikayet\u00e7i olduklar\u0131n\u0131 belirterek &#8220;Bizim insanlar\u0131m\u0131z geliyor, buray\u0131 seviyorlar. Tek istedi\u011fimiz yaylalar\u0131m\u0131z\u0131 yayla gibi kullanal\u0131m, insanlar\u0131 kand\u0131rmayal\u0131m. \u00c7\u00f6plerimizi atmayal\u0131m. \u00c7\u00f6pleri getirsinler, bana teslim etsinler, ben onlar\u0131 her t\u00fcrl\u00fc g\u00f6nderirim. De\u011fi\u015fik de\u011fi\u015fik insanlar geliyor, turlar geliyor yaylam\u0131z temiz olsun. \u0130nsanlardan bekledi\u011fimiz, biz onlara hizmetimi yapal\u0131m, onlar istedi\u011fi gibi e\u011flensinler ama bulduklar\u0131 gibi bu yaylay\u0131 b\u0131raks\u0131nlar\u201d \u015feklinde konu\u015ftu.<\/p>\n","protected":false},"excerpt":{"rendered":"<p>KA\u00c7KAR DA\u011eLARI\u2019NIN ETE\u011e\u0130NDE B\u0130N 850 METRE Y\u00dcKSEKL\u0130KTE BULUNAN YERY\u00dcZ\u00dc CENNET\u0130 BADARA YAYLASI KE\u015eFED\u0130LMEY\u0130 BEKL\u0130YOR.<\/p>\n","protected":false},"author":1,"featured_media":176599,"comment_status":"closed","ping_status":"open","sticky":false,"template":"","format":"standard","meta":{"jetpack_post_was_ever_published":false,"_jetpack_newsletter_access":"","_jetpack_dont_email_post_to_subs":false,"_jetpack_newsletter_tier_id":0,"_jetpack_memberships_contains_paywalled_content":false,"_jetpack_memberships_contains_paid_content":false,"footnotes":"","jetpack_publicize_message":"","jetpack_publicize_feature_enabled":true,"jetpack_social_post_already_shared":true,"jetpack_social_options":{"image_generator_settings":{"template":"highway","default_image_id":0,"font":"","enabled":false},"version":2}},"categories":[1],"tags":[43117,43116,3247,192,43115,1723,1636,103,21482,10796,39934,87],"class_list":["post-176598","post","type-post","status-publish","format-standard","has-post-thumbnail","hentry","category-genel","tag-badara","tag-etegindeki","tag-golu","tag-ile","tag-kackarlarin","tag-meshur","tag-minik","tag-noktasi","tag-turistlerin","tag-ugrak","tag-yaylasi","tag-yeni"],"jetpack_publicize_connections":[],"jetpack_featured_media_url":"https:\/\/i0.wp.com\/www.tvturk.com\/wp-content\/uploads\/2019\/07\/kackarlarin-etegindeki-minik-golu-ile-meshur-badara-yaylasi-turistlerin-yeni-ugrak-noktasi_499c1c8.jpg?fit=1000%2C666","jetpack_sharing_enabled":true,"jetpack_shortlink":"https:\/\/wp.me\/paKIfm-JWm","_links":{"self":[{"href":"http:\/\/www.tvturk.com\/index.php\/wp-json\/wp\/v2\/posts\/176598","targetHints":{"allow":["GET"]}}],"collection":[{"href":"http:\/\/www.tvturk.com\/index.php\/wp-json\/wp\/v2\/posts"}],"about":[{"href":"http:\/\/www.tvturk.com\/index.php\/wp-json\/wp\/v2\/types\/post"}],"author":[{"embeddable":true,"href":"http:\/\/www.tvturk.com\/index.php\/wp-json\/wp\/v2\/users\/1"}],"replies":[{"embeddable":true,"href":"http:\/\/www.tvturk.com\/index.php\/wp-json\/wp\/v2\/comments?post=176598"}],"version-history":[{"count":0,"href":"http:\/\/www.tvturk.com\/index.php\/wp-json\/wp\/v2\/posts\/176598\/revisions"}],"wp:featuredmedia":[{"embeddable":true,"href":"http:\/\/www.tvturk.com\/index.php\/wp-json\/wp\/v2\/media\/176599"}],"wp:attachment":[{"href":"http:\/\/www.tvturk.com\/index.php\/wp-json\/wp\/v2\/media?parent=176598"}],"wp:term":[{"taxonomy":"category","embeddable":true,"href":"http:\/\/www.tvturk.com\/index.php\/wp-json\/wp\/v2\/categories?post=176598"},{"taxonomy":"post_tag","embeddable":true,"href":"http:\/\/www.tvturk.com\/index.php\/wp-json\/wp\/v2\/tags?post=176598"}],"curies":[{"name":"wp","href":"https:\/\/api.w.org\/{rel}","templated":true}]}}