{"id":176610,"date":"2019-07-02T10:01:35","date_gmt":"2019-07-02T07:01:35","guid":{"rendered":"http:\/\/www.tvturk.com\/index.php\/uluslararasi-buyukcekmece-kultur-ve-sanat-festivaline-geri-sayim-basladi\/"},"modified":"2019-07-02T10:01:35","modified_gmt":"2019-07-02T07:01:35","slug":"uluslararasi-buyukcekmece-kultur-ve-sanat-festivaline-geri-sayim-basladi","status":"publish","type":"post","link":"http:\/\/www.tvturk.com\/index.php\/uluslararasi-buyukcekmece-kultur-ve-sanat-festivaline-geri-sayim-basladi\/","title":{"rendered":"Uluslararas\u0131 B\u00fcy\u00fck\u00e7ekmece K\u00fclt\u00fcr ve Sanat Festivali\u2019ne geri say\u0131m ba\u015flad\u0131"},"content":{"rendered":"<p>D\u00fcnya Festivaller Birli\u011fi taraf\u0131ndan 7 kez \u201cEn iyi k\u00fclt\u00fcr ve sanat festivali\u201d \u00f6d\u00fcl\u00fcne lay\u0131k g\u00f6r\u00fclen Uluslararas\u0131 B\u00fcy\u00fck\u00e7ekmece K\u00fclt\u00fcr ve Sanat Festivali bu y\u0131l da birbirinden renkli etkinlik ve konserleriyle vatanda\u015flarla bulu\u015fuyor.<\/p>\n<p>B\u00fcy\u00fck\u00e7ekmece Belediyesi taraf\u0131ndan bu y\u0131l 20\u2019incisi d\u00fczenlenecek olan uluslararas\u0131 k\u00fclt\u00fcr ve sanat festivaline 71 \u00fclkeden bin 650 sanat el\u00e7isi kat\u0131lacak.<\/p>\n<p>24 Temmuz\u2019da ba\u015fl\u0131yor<\/p>\n<p>24 Temmuz &#8211; 3 A\u011fustos tarihlerinde ger\u00e7ekle\u015ftirilecek 20. Uluslararas\u0131 B\u00fcy\u00fck\u00e7ekmece K\u00fclt\u00fcr ve Sanat Festivali, Uluslararas\u0131 Alt\u0131nk\u00f6pr\u00fc Halk Danslar\u0131 Yar\u0131\u015fmas\u0131, Uluslararas\u0131 Geleneksel El Sanatlar\u0131 Sergisi, Uluslararas\u0131 Alt\u0131nk\u00f6pr\u00fc \u00c7a\u011fda\u015f Dans Yar\u0131\u015fmas\u0131, Modern Dans G\u00f6sterileri, Uluslararas\u0131 (G\u00fcler Ertan) Foto\u011fraf Yar\u0131\u015fmas\u0131 gibi onlarca etkinli\u011fe ev sahipli\u011fi yapacak. Festival kapsam\u0131nda bu y\u0131l T\u00fcrk pop ve halk m\u00fczi\u011finin \u00fcnl\u00fc isimleri Simge Sa\u011f\u0131n, Ferhat G\u00f6\u00e7er, Fatma Turgut, Musa Ero\u011flu ve Fatih Erko\u00e7 gibi isimler konser verecek.<\/p>\n<p>\u201cD\u00fcnya festivali olduk\u201d<\/p>\n<p>Uluslararas\u0131 B\u00fcy\u00fck\u00e7ekmece K\u00fclt\u00fcr ve Sanat Festivali\u2019nin her ya\u015f grubuna hitap etti\u011fini ve festivalin temel felsefesinin insanlar\u0131 e\u011flendirmek olmad\u0131\u011f\u0131n\u0131 belirten B\u00fcy\u00fck\u00e7ekmece Belediye Ba\u015fkan\u0131 Dr. Hasan Akg\u00fcn \u201cBu y\u0131l 20\u2019incisini d\u00fczenleyece\u011fimiz k\u00fclt\u00fcr ve sanat festivalimiz i\u00e7in geri say\u0131ma ba\u015flad\u0131k. Binlerce yabanc\u0131 misafirimizi B\u00fcy\u00fck\u00e7ekmece\u2019de a\u011f\u0131rlayacak olman\u0131n mutlulu\u011funu ya\u015f\u0131yoruz. Hedefimiz Cannes Film Festivali gibi, B\u00fcy\u00fck\u00e7ekmece denilince de t\u00fcm d\u00fcnyada akla ilk olarak k\u00fclt\u00fcr ve sanat festivali gelsin. Uluslararas\u0131 B\u00fcy\u00fck\u00e7ekmece K\u00fclt\u00fcr ve Sanat Festivali, bir d\u00fcnya festivalidir. T\u00fcrkiye\u2019deki \u015fekliyle de d\u00fcnyadaki en iyi festival \u00f6d\u00fcl\u00fcn\u00fc 7 kez alan bir k\u00fclt\u00fcr ve sanat faaliyetidir. K\u00fclt\u00fcr ve sanata g\u00f6n\u00fcl veren herkesi B\u00fcy\u00fck\u00e7ekmece\u2019ye festivalimize bekliyoruz&#8221; a\u00e7\u0131klamas\u0131n\u0131 yapt\u0131.<\/p>\n","protected":false},"excerpt":{"rendered":"<p>D\u00dcNYA FEST\u0130VALLER B\u0130RL\u0130\u011e\u0130 TARAFINDAN 7 KEZ \u201cEN \u0130Y\u0130 K\u00dcLT\u00dcR VE SANAT FEST\u0130VAL\u0130\u201d \u00d6D\u00dcL\u00dcNE LAYIK G\u00d6R\u00dcLEN ULUSLARARASI B\u00dcY\u00dcK\u00c7EKMECE K\u00dcLT\u00dcR VE SANAT FEST\u0130VAL\u0130, BU YIL DA B\u0130RB\u0130R\u0130NDEN RENKL\u0130 ETK\u0130NL\u0130K VE KONSERLER\u0130YLE VATANDA\u015eLARLA BULU\u015eUYOR.<\/p>\n","protected":false},"author":1,"featured_media":176611,"comment_status":"closed","ping_status":"open","sticky":false,"template":"","format":"standard","meta":{"jetpack_post_was_ever_published":false,"_jetpack_newsletter_access":"","_jetpack_dont_email_post_to_subs":false,"_jetpack_newsletter_tier_id":0,"_jetpack_memberships_contains_paywalled_content":false,"_jetpack_memberships_contains_paid_content":false,"footnotes":"","jetpack_publicize_message":"","jetpack_publicize_feature_enabled":true,"jetpack_social_post_already_shared":true,"jetpack_social_options":{"image_generator_settings":{"template":"highway","default_image_id":0,"font":"","enabled":false},"version":2}},"categories":[1],"tags":[4839,55,11138,3007,592,630,4854,5604],"class_list":["post-176610","post","type-post","status-publish","format-standard","has-post-thumbnail","hentry","category-genel","tag-uluslararasi","tag-basladi","tag-buyukcekmece","tag-festivaline","tag-geri","tag-kultur","tag-sanat","tag-sayim"],"jetpack_publicize_connections":[],"jetpack_featured_media_url":"https:\/\/i0.wp.com\/www.tvturk.com\/wp-content\/uploads\/2019\/07\/uluslararasi-buyukcekmece-kultur-ve-sanat-festivaline-geri-sayim-basladi_90d88e4.jpg?fit=1000%2C666","jetpack_sharing_enabled":true,"jetpack_shortlink":"https:\/\/wp.me\/paKIfm-JWy","_links":{"self":[{"href":"http:\/\/www.tvturk.com\/index.php\/wp-json\/wp\/v2\/posts\/176610","targetHints":{"allow":["GET"]}}],"collection":[{"href":"http:\/\/www.tvturk.com\/index.php\/wp-json\/wp\/v2\/posts"}],"about":[{"href":"http:\/\/www.tvturk.com\/index.php\/wp-json\/wp\/v2\/types\/post"}],"author":[{"embeddable":true,"href":"http:\/\/www.tvturk.com\/index.php\/wp-json\/wp\/v2\/users\/1"}],"replies":[{"embeddable":true,"href":"http:\/\/www.tvturk.com\/index.php\/wp-json\/wp\/v2\/comments?post=176610"}],"version-history":[{"count":0,"href":"http:\/\/www.tvturk.com\/index.php\/wp-json\/wp\/v2\/posts\/176610\/revisions"}],"wp:featuredmedia":[{"embeddable":true,"href":"http:\/\/www.tvturk.com\/index.php\/wp-json\/wp\/v2\/media\/176611"}],"wp:attachment":[{"href":"http:\/\/www.tvturk.com\/index.php\/wp-json\/wp\/v2\/media?parent=176610"}],"wp:term":[{"taxonomy":"category","embeddable":true,"href":"http:\/\/www.tvturk.com\/index.php\/wp-json\/wp\/v2\/categories?post=176610"},{"taxonomy":"post_tag","embeddable":true,"href":"http:\/\/www.tvturk.com\/index.php\/wp-json\/wp\/v2\/tags?post=176610"}],"curies":[{"name":"wp","href":"https:\/\/api.w.org\/{rel}","templated":true}]}}