{"id":176612,"date":"2019-07-02T10:01:39","date_gmt":"2019-07-02T07:01:39","guid":{"rendered":"http:\/\/www.tvturk.com\/index.php\/zeynayi-sevgi-hayata-yeniden-bagladi\/"},"modified":"2019-07-02T10:01:39","modified_gmt":"2019-07-02T07:01:39","slug":"zeynayi-sevgi-hayata-yeniden-bagladi","status":"publish","type":"post","link":"http:\/\/www.tvturk.com\/index.php\/zeynayi-sevgi-hayata-yeniden-bagladi\/","title":{"rendered":"Zeyna\u2019y\u0131 \u2018Sevgi\u2019 hayata yeniden ba\u011flad\u0131"},"content":{"rendered":"<p>Adana\u2019da sahibi taraf\u0131ndan bar\u0131na\u011fa b\u0131rak\u0131lan \u2018Baks\u0131r\u2019 cinsi di\u015fi k\u00f6pek, yeme ve i\u00e7meyi b\u0131rak\u0131p \u00f6l\u00fcme yatt\u0131. Bir deri bir kemik kalan ve 10 kiloya kadar d\u00fc\u015fen k\u00f6pek i\u00e7in hayvanseverler seferber oldu. \u00d6zel bir klinikte tedavi alt\u0131na al\u0131nan k\u00f6pek, sevildi\u011fini hissedince adeta hayata tutundu, iki hafta s\u00fcren ya\u015fam sava\u015f\u0131n\u0131 kazand\u0131.<\/p>\n<p>Yerel hayvan koruma g\u00f6revli olan Esra I\u015f\u0131kgel, merkez il\u00e7e Sar\u0131\u00e7am\u2019a ba\u011fl\u0131 \u00c7ak\u0131rpare Mahallesi\u2019nde hayvana bar\u0131na\u011f\u0131na gitti\u011fi s\u0131rada, \u2018Baks\u0131r\u2019 cinsi di\u015fi k\u00f6pe\u011finin durumunu fark etti\u011fini \u015f\u00f6yle aktard\u0131,\u201d Arkada\u015flar\u0131m\u0131zla y\u0131llard\u0131r sokak canlar\u0131 ad\u0131na bir \u00e7ok yard\u0131mda bulunuyoruz. Ge\u00e7en haftalarda bir yuvaland\u0131rma ad\u0131na gitti\u011fimizde b\u00fct\u00fcn kafesleri geziyorum. Zeynay\u0131 bir panel \u00fczerinde g\u00f6rd\u00fcm. \u00c7ok k\u00f6t\u00fc bir \u015fekildeydi. Personele sordu\u011fumda sahibi taraf\u0131ndan terk edildi\u011fi s\u00f6ylendi\u201d dedi.<\/p>\n<p>\u201cArkada\u015flar\u0131 yeme\u011fe ko\u015farken Zeyna\u2019da hi\u00e7bir tepki yoktu\u201d<\/p>\n<p>Yerel hayvan koruma g\u00f6revlisi Esra I\u015f\u0131kgel,\u201d Zeyna\u2019y\u0131 panelin \u00fczerinde kemikleri \u00e7\u0131km\u0131\u015f bir \u015fekilde \u00f6l\u00fcme yatm\u0131\u015ft\u0131, sadece kap\u0131ya bak\u0131yordu. \u00d6\u011flen yeme\u011fi saatiydi biz gitti\u011fimizde. Di\u011fer arkada\u015flar\u0131 yeme\u011fe ko\u015farken Zeyna da hi\u00e7bir tepki yoktu\u201d ifadelerini kulland\u0131.<\/p>\n<p>\u201cBar\u0131nakta buldu\u011fumuzda 10 kiloydu\u201d<\/p>\n<p>Esra I\u015f\u0131kgel,\u201d \u0130ki g\u00fcn ge\u00e7ti \u00fczerinden manzara g\u00f6z\u00fcm\u00fcn \u00f6n\u00fcnden hi\u00e7 gitmedi. Arkada\u015flar\u0131m\u0131zla g\u00f6r\u00fc\u015ft\u00fck bir \u015feyler yapmam\u0131z gerekti\u011fini d\u00fc\u015f\u00fcnd\u00fck. \u00dc\u00e7\u00fcnc\u00fc g\u00fcn gidip Zeynay\u2019y\u0131 bar\u0131naktan \u00e7\u0131kard\u0131k. Bar\u0131naktan \u00e7\u0131kt\u0131\u011f\u0131nda 10 kiloydu \u015fuan durumu biraz daha iyi 17 kiloya kadar ula\u015ft\u0131\u201d diye konu\u015ftu.<\/p>\n<p>\u201cSorumlu\u011funu alamayaca\u011f\u0131n\u0131z canl\u0131lar\u0131 sahiplenmeyin\u201d<\/p>\n<p>Esra I\u015f\u0131kgel,\u201dSorumlulu\u011funu alamayaca\u011f\u0131n\u0131z canl\u0131lar\u0131 hi\u00e7bir can\u0131 sahiplenmeyin veya sat\u0131n almay\u0131n. E\u011fer o sorumlulu\u011fa girebileceksiniz, onlarda bizler gibi duygular\u0131 ve kalpleri oldu\u011fu i\u00e7in sahipleri taraf\u0131ndan terke edildi\u011fi zaman \u00f6l\u00fcme yat\u0131yorlar\u201d dedi.<\/p>\n<p>Yeniden kilo almaya ba\u015flayan k\u00f6pe\u011fe bu m\u00fccadelesi nedeniyle hayvanseverler \u2018Zeyna\u2019 ad\u0131n\u0131 verdi. Zeyna, kendisini terk eden sahibini beklerken, g\u00f6n\u00fcll\u00fcler de ona mutlu bir yuva ar\u0131yor.<\/p>\n","protected":false},"excerpt":{"rendered":"<p>ADANA\u2019DA SAH\u0130B\u0130 TARAFINDAN BARINA\u011eA BIRAKILAN \u2018BAKSIR\u2019 C\u0130NS\u0130 D\u0130\u015e\u0130 K\u00d6PEK, YEME VE \u0130\u00c7MEY\u0130 BIRAKIP \u00d6L\u00dcME YATTI. B\u0130R DER\u0130 B\u0130R KEM\u0130K KALAN VE 10 K\u0130LOYA KADAR D\u00dc\u015eEN K\u00d6PEK \u0130\u00c7\u0130N HAYVAN SEVERLER SEFERBER OLDU. \u00d6ZEL B\u0130R KL\u0130N\u0130KTE TEDAV\u0130 ALTINA ALINAN K\u00d6PEK, SEV\u0130LD\u0130\u011e\u0130N\u0130 H\u0130SSED\u0130NCE ADETA HAYATA TUTUNDU, \u0130K\u0130 HAFTA S\u00dcREN YA\u015eAM SAVA\u015eINI KAZANDI.<\/p>\n","protected":false},"author":1,"featured_media":176613,"comment_status":"closed","ping_status":"open","sticky":false,"template":"","format":"standard","meta":{"jetpack_post_was_ever_published":false,"_jetpack_newsletter_access":"","_jetpack_dont_email_post_to_subs":false,"_jetpack_newsletter_tier_id":0,"_jetpack_memberships_contains_paywalled_content":false,"_jetpack_memberships_contains_paid_content":false,"footnotes":"","jetpack_publicize_message":"","jetpack_publicize_feature_enabled":true,"jetpack_social_post_already_shared":true,"jetpack_social_options":{"image_generator_settings":{"template":"highway","default_image_id":0,"font":"","enabled":false},"version":2}},"categories":[1],"tags":[8787,4467,10258,720,43125],"class_list":["post-176612","post","type-post","status-publish","format-standard","has-post-thumbnail","hentry","category-genel","tag-bagladi","tag-hayata","tag-sevgi","tag-yeniden","tag-zeynayi"],"jetpack_publicize_connections":[],"jetpack_featured_media_url":"https:\/\/i0.wp.com\/www.tvturk.com\/wp-content\/uploads\/2019\/07\/zeynayi-sevgi-hayata-yeniden-bagladi_a11a198.jpg?fit=1000%2C666","jetpack_sharing_enabled":true,"jetpack_shortlink":"https:\/\/wp.me\/paKIfm-JWA","_links":{"self":[{"href":"http:\/\/www.tvturk.com\/index.php\/wp-json\/wp\/v2\/posts\/176612","targetHints":{"allow":["GET"]}}],"collection":[{"href":"http:\/\/www.tvturk.com\/index.php\/wp-json\/wp\/v2\/posts"}],"about":[{"href":"http:\/\/www.tvturk.com\/index.php\/wp-json\/wp\/v2\/types\/post"}],"author":[{"embeddable":true,"href":"http:\/\/www.tvturk.com\/index.php\/wp-json\/wp\/v2\/users\/1"}],"replies":[{"embeddable":true,"href":"http:\/\/www.tvturk.com\/index.php\/wp-json\/wp\/v2\/comments?post=176612"}],"version-history":[{"count":0,"href":"http:\/\/www.tvturk.com\/index.php\/wp-json\/wp\/v2\/posts\/176612\/revisions"}],"wp:featuredmedia":[{"embeddable":true,"href":"http:\/\/www.tvturk.com\/index.php\/wp-json\/wp\/v2\/media\/176613"}],"wp:attachment":[{"href":"http:\/\/www.tvturk.com\/index.php\/wp-json\/wp\/v2\/media?parent=176612"}],"wp:term":[{"taxonomy":"category","embeddable":true,"href":"http:\/\/www.tvturk.com\/index.php\/wp-json\/wp\/v2\/categories?post=176612"},{"taxonomy":"post_tag","embeddable":true,"href":"http:\/\/www.tvturk.com\/index.php\/wp-json\/wp\/v2\/tags?post=176612"}],"curies":[{"name":"wp","href":"https:\/\/api.w.org\/{rel}","templated":true}]}}