{"id":176618,"date":"2019-07-02T10:02:03","date_gmt":"2019-07-02T07:02:03","guid":{"rendered":"http:\/\/www.tvturk.com\/index.php\/denizlispor-ilk-antrenmanini-yapti\/"},"modified":"2019-07-02T10:02:03","modified_gmt":"2019-07-02T07:02:03","slug":"denizlispor-ilk-antrenmanini-yapti","status":"publish","type":"post","link":"http:\/\/www.tvturk.com\/index.php\/denizlispor-ilk-antrenmanini-yapti\/","title":{"rendered":"Denizlispor ilk antrenman\u0131n\u0131 yapt\u0131"},"content":{"rendered":"<p>S\u00fcper Lig\u2019in yeni ekibi Denizlispor, 2019-2020 sezonunun ilk antrenman\u0131n\u0131 yapt\u0131.<\/p>\n<p>Yeni sezonda S\u00fcper Lig\u2019de m\u00fccadele edecek olan Denizlispor, ilk antrenman\u0131n\u0131 Haluk Ulusoy Tesisleri\u2019nde Teknik Direkt\u00f6r Y\u00fccel \u0130ldiz y\u00f6netiminde ger\u00e7ekle\u015ftirdi. \u0130ldiz\u2019e, teknik ekibe dahil olan Feyyaz U\u00e7ar, Kortan Akt\u00fcrk ve Levent Kartop da e\u015flik etti. Antrenmana izinli olan futbolcular Tiago Lopes, Hugo Rodallega, Cristian Sapunaru, Kibong Mbamba, Adam Stackhowiak, Lanre Kehinde ve Keremcan Aky\u00fcz kat\u0131lmad\u0131.<\/p>\n<p>Ye\u015fil-siyahl\u0131 ekip tesislerindeki \u0131s\u0131nma \u00e7al\u0131\u015fmalar\u0131n\u0131n ard\u0131ndan 5 Temmuz\u2019da Erzurum\u2019da kampa girecek.<\/p>\n","protected":false},"excerpt":{"rendered":"<p>S\u00dcPER L\u0130G\u0130N YEN\u0130 EK\u0130B\u0130 DEN\u0130ZL\u0130SPOR, 2019-2020 SEZONUNUN \u0130LK ANTRENMANININ YAPTI.<\/p>\n","protected":false},"author":1,"featured_media":176619,"comment_status":"closed","ping_status":"open","sticky":false,"template":"","format":"standard","meta":{"jetpack_post_was_ever_published":false,"_jetpack_newsletter_access":"","_jetpack_dont_email_post_to_subs":false,"_jetpack_newsletter_tier_id":0,"_jetpack_memberships_contains_paywalled_content":false,"_jetpack_memberships_contains_paid_content":false,"footnotes":"","jetpack_publicize_message":"","jetpack_publicize_feature_enabled":true,"jetpack_social_post_already_shared":true,"jetpack_social_options":{"image_generator_settings":{"template":"highway","default_image_id":0,"font":"","enabled":false},"version":2}},"categories":[657],"tags":[25962,6694,37,292],"class_list":["post-176618","post","type-post","status-publish","format-standard","has-post-thumbnail","hentry","category-spor","tag-antrenmanini","tag-denizlispor","tag-ilk","tag-yapti"],"jetpack_publicize_connections":[],"jetpack_featured_media_url":"https:\/\/i0.wp.com\/www.tvturk.com\/wp-content\/uploads\/2019\/07\/denizlispor-ilk-antrenmanini-yapti_51a19d8.jpg?fit=1000%2C667","jetpack_sharing_enabled":true,"jetpack_shortlink":"https:\/\/wp.me\/paKIfm-JWG","_links":{"self":[{"href":"http:\/\/www.tvturk.com\/index.php\/wp-json\/wp\/v2\/posts\/176618","targetHints":{"allow":["GET"]}}],"collection":[{"href":"http:\/\/www.tvturk.com\/index.php\/wp-json\/wp\/v2\/posts"}],"about":[{"href":"http:\/\/www.tvturk.com\/index.php\/wp-json\/wp\/v2\/types\/post"}],"author":[{"embeddable":true,"href":"http:\/\/www.tvturk.com\/index.php\/wp-json\/wp\/v2\/users\/1"}],"replies":[{"embeddable":true,"href":"http:\/\/www.tvturk.com\/index.php\/wp-json\/wp\/v2\/comments?post=176618"}],"version-history":[{"count":0,"href":"http:\/\/www.tvturk.com\/index.php\/wp-json\/wp\/v2\/posts\/176618\/revisions"}],"wp:featuredmedia":[{"embeddable":true,"href":"http:\/\/www.tvturk.com\/index.php\/wp-json\/wp\/v2\/media\/176619"}],"wp:attachment":[{"href":"http:\/\/www.tvturk.com\/index.php\/wp-json\/wp\/v2\/media?parent=176618"}],"wp:term":[{"taxonomy":"category","embeddable":true,"href":"http:\/\/www.tvturk.com\/index.php\/wp-json\/wp\/v2\/categories?post=176618"},{"taxonomy":"post_tag","embeddable":true,"href":"http:\/\/www.tvturk.com\/index.php\/wp-json\/wp\/v2\/tags?post=176618"}],"curies":[{"name":"wp","href":"https:\/\/api.w.org\/{rel}","templated":true}]}}