{"id":176640,"date":"2019-07-02T10:31:43","date_gmt":"2019-07-02T07:31:43","guid":{"rendered":"http:\/\/www.tvturk.com\/index.php\/bekci-ile-ayinin-diyalogu-sosyal-medyada-yogun-ilgi-gordu\/"},"modified":"2019-07-02T10:31:43","modified_gmt":"2019-07-02T07:31:43","slug":"bekci-ile-ayinin-diyalogu-sosyal-medyada-yogun-ilgi-gordu","status":"publish","type":"post","link":"http:\/\/www.tvturk.com\/index.php\/bekci-ile-ayinin-diyalogu-sosyal-medyada-yogun-ilgi-gordu\/","title":{"rendered":"Bek\u00e7i ile ay\u0131n\u0131n diyalo\u011fu sosyal medyada yo\u011fun ilgi g\u00f6rd\u00fc"},"content":{"rendered":"<p>Sar\u0131kam\u0131\u015f\u2019ta telesiyej in\u015faat\u0131n\u0131n yemek \u00e7ad\u0131r\u0131na dadanan ay\u0131lar, bir taraftan g\u00f6revli bek\u00e7iyi k\u0131zd\u0131r\u0131yor, di\u011fer taraftan da kar\u0131nlar\u0131n\u0131 doyuruyor. Bek\u00e7inin ay\u0131larla diyalo\u011fu ise g\u00fcld\u00fcr\u00fcyor.<\/p>\n<p>Her ak\u015fam saatlerinde yemek \u00e7ad\u0131r\u0131na gelen boz ay\u0131lar\u0131 kar\u015f\u0131s\u0131nda g\u00f6ren bek\u00e7i Mustafa Serhat Nar, ay\u0131lara, \u201cgarda\u015f\u0131m gelmi\u015f, garda\u015f\u201d diye sesleniyor. Daha sonra ay\u0131lar\u0131n \u00e7\u00f6pleri da\u011f\u0131tmas\u0131na k\u0131zan bek\u00e7i Nar, \u201co\u011flum da\u011f\u0131tma kurban olay\u0131m\u201d diyerek ay\u0131n\u0131n \u00e7\u00f6pleri da\u011f\u0131tmas\u0131na k\u0131z\u0131yor. Bek\u00e7i Mustafa Serhat Nar, \u00e7ekti\u011fi g\u00f6r\u00fcnt\u00fcleri ise sosyal medyada payla\u015f\u0131yor.<\/p>\n<p>Sar\u0131kam\u0131\u015f Kayak Merkezi\u2019nde telesiyej in\u015faat\u0131n\u0131n yemek \u00e7ad\u0131r\u0131na dadanan ve hemen hemen her g\u00fcn karn\u0131n\u0131 doyurmak i\u00e7in \u00e7ad\u0131ra gelen boz ay\u0131lar, bek\u00e7i Mustafa Serhat Nar\u2019\u0131 \u00e7ileden \u00e7\u0131kar\u0131yor. \u00c7ad\u0131rda \u00e7\u00f6pleri ve etraf\u0131 da\u011f\u0131tan ay\u0131lar kar\u0131nlar\u0131n\u0131 doyurduktan sonra b\u00f6lgeden uzakla\u015f\u0131yor.<\/p>\n<p>\u201cGarda\u015f\u0131m gelmi\u015f, garda\u015f\u201d<\/p>\n<p>Her g\u00fcn hava kararana yak\u0131n telesiyej in\u015faat\u0131n\u0131n \u00e7ad\u0131r\u0131na gelen ay\u0131y\u0131 kar\u015f\u0131s\u0131nda g\u00f6ren bek\u00e7i Mustafa Serhat Nar, \u201cVay garda\u015f\u0131m gelmi\u015f, garda\u015f! Hay can\u0131n\u0131 yiyim. Ola az ye, az ye o\u011flum. Boy ikincisi de geliyor. Merhaba, can garda\u015f can, yiyin baba yiyin\u201d dedi.<\/p>\n<p>\u201cO\u011flum da\u011f\u0131tma kurban olay\u0131m\u201d<\/p>\n<p>Ay\u0131lara b\u00fct\u00fcn T\u00fcrkiye size ne diyece\u011fimi bekliyor diyen bek\u00e7i Nar, \u201cSizi biz nas\u0131l kovabiliriz. Etme tutma, takm\u0131yorsun demi ola beni, y\u0131rt, y\u0131rt. Baban\u0131n e\u015fe\u011fi var demi, yar\u0131n biz toplayaca\u011f\u0131z. Y\u0131rt, da\u011f\u0131t. \u00c7evrenin \u00f6nemi yok ki zaten, demin ald\u0131n gittin \u015fimdi bir daha geldi. Hi\u00e7 yak\u0131\u015ft\u0131 m\u0131 sana? Can can, ola siz nas\u0131l ac\u0131km\u0131\u015fs\u0131n\u0131z. Yapma yavrum, yapma g\u00fczel garda\u015f\u0131m. O\u011flum suyu b\u0131rak. Olum da\u011f\u0131tma kurban olay\u0131m. Dur o\u011flum, yapma o\u011flum\u201d demesi hem d\u00fc\u015f\u00fcnd\u00fcrd\u00fc hem de g\u00fcld\u00fcrd\u00fc.<\/p>\n<p>Ay\u0131 ile diyalo\u011funu cep telefonuna kaydedip, daha sonra sosyal medyadan payla\u015fan Mustafa Serhat Nar, bir anda T\u00fcrkiye\u2019de g\u00fcndem oldu. Y\u00fczlerce ki\u015fi Nar\u2019\u0131n payla\u015ft\u0131\u011f\u0131 videolar\u0131 be\u011fenerek payla\u015f\u0131yor. Bek\u00e7i Mustafa Serhat Nar, her gece saatlerce ay\u0131larla konu\u015fuyor. Nar, bir t\u00fcrl\u00fc ay\u0131lar\u0131 b\u00f6lgeden uzakla\u015ft\u0131ram\u0131yor.<\/p>\n","protected":false},"excerpt":{"rendered":"<p>SARIKAMI\u015e\u2019TA TELES\u0130YEJ \u0130N\u015eAATININ YEMEK \u00c7ADIRINA DADANAN AYILAR, B\u0130R TARAFTAN G\u00d6REVL\u0130 BEK\u00c7\u0130Y\u0130 KIZDIRIYOR, D\u0130\u011eER TARAFTAN DA KARINLARINI DOYURUYOR. BEK\u00c7\u0130N\u0130N AYILARLA D\u0130YALO\u011eU \u0130SE G\u00dcLD\u00dcR\u00dcYOR.<\/p>\n","protected":false},"author":1,"featured_media":176641,"comment_status":"closed","ping_status":"open","sticky":false,"template":"","format":"standard","meta":{"jetpack_post_was_ever_published":false,"_jetpack_newsletter_access":"","_jetpack_dont_email_post_to_subs":false,"_jetpack_newsletter_tier_id":0,"_jetpack_memberships_contains_paywalled_content":false,"_jetpack_memberships_contains_paid_content":false,"footnotes":"","jetpack_publicize_message":"","jetpack_publicize_feature_enabled":true,"jetpack_social_post_already_shared":true,"jetpack_social_options":{"image_generator_settings":{"template":"highway","default_image_id":0,"font":"","enabled":false},"version":2}},"categories":[1],"tags":[7009,17815,3329,244,192,1726,7008,1229,2640],"class_list":["post-176640","post","type-post","status-publish","format-standard","has-post-thumbnail","hentry","category-genel","tag-ayinin","tag-bekci","tag-diyalogu","tag-gordu","tag-ile","tag-ilgi","tag-medyada","tag-sosyal","tag-yogun"],"jetpack_publicize_connections":[],"jetpack_featured_media_url":"https:\/\/i0.wp.com\/www.tvturk.com\/wp-content\/uploads\/2019\/07\/bekci-ile-ayinin-diyalogu-sosyal-medyada-yogun-ilgi-gordu_e84de87.jpg?fit=1000%2C800","jetpack_sharing_enabled":true,"jetpack_shortlink":"https:\/\/wp.me\/paKIfm-JX2","_links":{"self":[{"href":"http:\/\/www.tvturk.com\/index.php\/wp-json\/wp\/v2\/posts\/176640","targetHints":{"allow":["GET"]}}],"collection":[{"href":"http:\/\/www.tvturk.com\/index.php\/wp-json\/wp\/v2\/posts"}],"about":[{"href":"http:\/\/www.tvturk.com\/index.php\/wp-json\/wp\/v2\/types\/post"}],"author":[{"embeddable":true,"href":"http:\/\/www.tvturk.com\/index.php\/wp-json\/wp\/v2\/users\/1"}],"replies":[{"embeddable":true,"href":"http:\/\/www.tvturk.com\/index.php\/wp-json\/wp\/v2\/comments?post=176640"}],"version-history":[{"count":0,"href":"http:\/\/www.tvturk.com\/index.php\/wp-json\/wp\/v2\/posts\/176640\/revisions"}],"wp:featuredmedia":[{"embeddable":true,"href":"http:\/\/www.tvturk.com\/index.php\/wp-json\/wp\/v2\/media\/176641"}],"wp:attachment":[{"href":"http:\/\/www.tvturk.com\/index.php\/wp-json\/wp\/v2\/media?parent=176640"}],"wp:term":[{"taxonomy":"category","embeddable":true,"href":"http:\/\/www.tvturk.com\/index.php\/wp-json\/wp\/v2\/categories?post=176640"},{"taxonomy":"post_tag","embeddable":true,"href":"http:\/\/www.tvturk.com\/index.php\/wp-json\/wp\/v2\/tags?post=176640"}],"curies":[{"name":"wp","href":"https:\/\/api.w.org\/{rel}","templated":true}]}}