{"id":176644,"date":"2019-07-02T10:31:51","date_gmt":"2019-07-02T07:31:51","guid":{"rendered":"http:\/\/www.tvturk.com\/index.php\/tdk-baskan-yardimcisi-ersoy-nitelikli-calismalarla-ulkemiz-turkolojinin-merkezi-olmayi-surdurecek\/"},"modified":"2019-07-02T10:31:51","modified_gmt":"2019-07-02T07:31:51","slug":"tdk-baskan-yardimcisi-ersoy-nitelikli-calismalarla-ulkemiz-turkolojinin-merkezi-olmayi-surdurecek","status":"publish","type":"post","link":"http:\/\/www.tvturk.com\/index.php\/tdk-baskan-yardimcisi-ersoy-nitelikli-calismalarla-ulkemiz-turkolojinin-merkezi-olmayi-surdurecek\/","title":{"rendered":"TDK Ba\u015fkan Yard\u0131mc\u0131s\u0131 Ersoy: &#8220;Nitelikli \u00e7al\u0131\u015fmalarla \u00fclkemiz T\u00fcrkoloji\u2019nin merkezi olmay\u0131 s\u00fcrd\u00fcrecek&#8221;"},"content":{"rendered":"<p>T\u00fcrk Dil Kurumu (TDK) Ba\u015fkan Yard\u0131mc\u0131s\u0131 Prof. Dr. Feyzi Ersoy, \u00e7a\u011fda\u015f T\u00fcrk leh\u00e7eleri, T\u00fcrkiye T\u00fcrk\u00e7esi, tarihi leh\u00e7eler ve a\u011f\u0131zlar gibi alanlarda bir\u00e7ok \u00e7al\u0131\u015fma yap\u0131ld\u0131\u011f\u0131n\u0131 belirterek, &#8220;Nitelikli \u00e7al\u0131\u015fmalarla \u00fclkemiz T\u00fcrkoloji\u2019nin merkezi olmay\u0131 s\u00fcrd\u00fcrecek&#8221; dedi.<\/p>\n<p>Atat\u00fcrk, K\u00fclt\u00fcr, Dil ve Tarih Y\u00fcksek Kurumuna ba\u011fl\u0131 T\u00fcrk Dil Kurumu taraf\u0131ndan 28 Haziran tarihinde T\u00fcrk Dil Kurumu Konferans Salonu\u2019nda \u201cProzodi (B\u00fcr\u00fcn Bilimi) ve Konu\u015fma \u00c7al\u0131\u015ftay\u0131\u201d d\u00fczenlendi. \u00c7al\u0131\u015ftay\u0131n a\u00e7\u0131l\u0131\u015f konu\u015fmas\u0131n\u0131 yapan TDK Ba\u015fkan Yard\u0131mc\u0131s\u0131 Prof. Dr. Feyzi Ersoy, dilimizin i\u015flenmesi, gelecek nesillere daha iyi bir \u015fekilde ula\u015fabilmesi i\u00e7in \u00e7a\u011fda\u015f T\u00fcrk leh\u00e7eleri, T\u00fcrkiye T\u00fcrk\u00e7esi, tarihi leh\u00e7eler ve a\u011f\u0131zlar gibi alanlarda bir\u00e7ok \u00e7al\u0131\u015fma yap\u0131ld\u0131\u011f\u0131n\u0131, bu \u00e7al\u0131\u015fmalar\u0131n ivme kazanm\u0131\u015f bir \u015fekilde devam edece\u011fini dile getirdi. Nitelikli \u00e7al\u0131\u015fmalarla T\u00fcrkiye\u2019nin T\u00fcrkoloji\u2019nin merkezi olmay\u0131 s\u00fcrd\u00fcrece\u011fini ifade eden Ersoy, yabanc\u0131lara T\u00fcrk\u00e7e \u00f6\u011fretimi konusunda gerek yurt i\u00e7inde, gerekse yurt d\u0131\u015f\u0131nda kat edilen yolu vurgulad\u0131. Ersoy, \u00e7al\u0131\u015ftay\u0131n konusu olan prozodinin sadece dil alan\u0131nda de\u011fil, m\u00fczik, t\u0131p, kriminoloji gibi \u00e7e\u015fitli bilimlerle kar\u015f\u0131l\u0131kl\u0131 etkile\u015fim i\u00e7inde oldu\u011funu, disiplinler aras\u0131 bir yakla\u015f\u0131mla de\u011ferlendirilmesi gerekti\u011fini ve bilim adamlar\u0131n\u0131n \u00fczerlerine d\u00fc\u015feni yapmaya her zaman haz\u0131r olduklar\u0131n\u0131 belirtti.<\/p>\n<p>\u00c7al\u0131\u015ftayda \u201cT\u00fcrk\u00e7e\u2019nin Fonetik \u00d6zellikleri\u201d, \u201cA\u011f\u0131z Ara\u015ft\u0131rmalar\u0131nda Fonetik Laboratuvarlar\u0131n\u0131n \u00d6nemi\u201d ve \u201cKonu\u015fma Sesi Bozukluklar\u0131\u201d ba\u015fl\u0131klar\u0131yla \u00fc\u00e7 oturum d\u00fczenlendi. T\u00fcrk dili ve edebiyat\u0131 d\u0131\u015f\u0131nda odyoloji ve m\u00fczikoloji alan\u0131nda \u00e7al\u0131\u015fmalar\u0131 bulunan akademisyenlerin de kat\u0131ld\u0131\u011f\u0131 \u00e7al\u0131\u015ftayda, T\u00fcrk\u00e7e\u2019nin prozodik yap\u0131s\u0131, ses olaylar\u0131, T\u00fcrk\u00e7e\u2019nin sesletim sistemi, dil edinimi ve dil davran\u0131\u015f\u0131 ile T\u00fcrk\u00e7e\u2019nin telaffuzuyla ilgili problemler ve problemlerin \u00e7\u00f6z\u00fcm\u00fcne y\u00f6nelik \u00f6neriler \u00fczerinde duruldu. \u00c7al\u0131\u015ftay, genel bir de\u011ferlendirmenin ard\u0131ndan kat\u0131l\u0131m belgelerinin takdim edilmesiyle son buldu.<\/p>\n","protected":false},"excerpt":{"rendered":"<p>ATAT\u00dcRK, K\u00dcLT\u00dcR, D\u0130L VE TAR\u0130H Y\u00dcKSEK KURUMUNA BA\u011eLI T\u00dcRK D\u0130L KURUMU (TDK) TARAFINDAN D\u00dcZENLENEN \u201cPROZOD\u0130 (B\u00dcR\u00dcN B\u0130L\u0130M\u0130) VE KONU\u015eMA \u00c7ALI\u015eTAYI\u201d 28 HAZ\u0130RAN TAR\u0130H\u0130NDE T\u00dcRK D\u0130L KURUMU KONFERANS SALONU\u2019NDA YAPILDI.<\/p>\n","protected":false},"author":1,"featured_media":176645,"comment_status":"closed","ping_status":"open","sticky":false,"template":"","format":"standard","meta":{"jetpack_post_was_ever_published":false,"_jetpack_newsletter_access":"","_jetpack_dont_email_post_to_subs":false,"_jetpack_newsletter_tier_id":0,"_jetpack_memberships_contains_paywalled_content":false,"_jetpack_memberships_contains_paid_content":false,"footnotes":"","jetpack_publicize_message":"","jetpack_publicize_feature_enabled":true,"jetpack_social_post_already_shared":true,"jetpack_social_options":{"image_generator_settings":{"template":"highway","default_image_id":0,"font":"","enabled":false},"version":2}},"categories":[1],"tags":[100,17263,2868,295,4533,20294,43135,29351,43134,12799,199],"class_list":["post-176644","post","type-post","status-publish","format-standard","has-post-thumbnail","hentry","category-genel","tag-baskan","tag-calismalarla","tag-ersoy","tag-merkezi","tag-nitelikli","tag-olmayi","tag-surdurecek","tag-tdk","tag-turkolojinin","tag-ulkemiz","tag-yardimcisi"],"jetpack_publicize_connections":[],"jetpack_featured_media_url":"https:\/\/i0.wp.com\/www.tvturk.com\/wp-content\/uploads\/2019\/07\/tdk-baskan-yardimcisi-ersoy-nitelikli-calismalarla-ulkemiz-turkolojinin-merkezi-olmayi-surdurecek_cc914f9.jpg?fit=1000%2C664","jetpack_sharing_enabled":true,"jetpack_shortlink":"https:\/\/wp.me\/paKIfm-JX6","_links":{"self":[{"href":"http:\/\/www.tvturk.com\/index.php\/wp-json\/wp\/v2\/posts\/176644","targetHints":{"allow":["GET"]}}],"collection":[{"href":"http:\/\/www.tvturk.com\/index.php\/wp-json\/wp\/v2\/posts"}],"about":[{"href":"http:\/\/www.tvturk.com\/index.php\/wp-json\/wp\/v2\/types\/post"}],"author":[{"embeddable":true,"href":"http:\/\/www.tvturk.com\/index.php\/wp-json\/wp\/v2\/users\/1"}],"replies":[{"embeddable":true,"href":"http:\/\/www.tvturk.com\/index.php\/wp-json\/wp\/v2\/comments?post=176644"}],"version-history":[{"count":0,"href":"http:\/\/www.tvturk.com\/index.php\/wp-json\/wp\/v2\/posts\/176644\/revisions"}],"wp:featuredmedia":[{"embeddable":true,"href":"http:\/\/www.tvturk.com\/index.php\/wp-json\/wp\/v2\/media\/176645"}],"wp:attachment":[{"href":"http:\/\/www.tvturk.com\/index.php\/wp-json\/wp\/v2\/media?parent=176644"}],"wp:term":[{"taxonomy":"category","embeddable":true,"href":"http:\/\/www.tvturk.com\/index.php\/wp-json\/wp\/v2\/categories?post=176644"},{"taxonomy":"post_tag","embeddable":true,"href":"http:\/\/www.tvturk.com\/index.php\/wp-json\/wp\/v2\/tags?post=176644"}],"curies":[{"name":"wp","href":"https:\/\/api.w.org\/{rel}","templated":true}]}}