{"id":176652,"date":"2019-07-02T10:46:27","date_gmt":"2019-07-02T07:46:27","guid":{"rendered":"http:\/\/www.tvturk.com\/index.php\/ozel-unutulan-tahta-fici-gelenegi-emekli-tarih-ogretmeninin-ellerinde-hayat-buluyor\/"},"modified":"2019-07-02T10:46:27","modified_gmt":"2019-07-02T07:46:27","slug":"ozel-unutulan-tahta-fici-gelenegi-emekli-tarih-ogretmeninin-ellerinde-hayat-buluyor","status":"publish","type":"post","link":"http:\/\/www.tvturk.com\/index.php\/ozel-unutulan-tahta-fici-gelenegi-emekli-tarih-ogretmeninin-ellerinde-hayat-buluyor\/","title":{"rendered":"(\u00d6zel) Unutulan tahta f\u0131\u00e7\u0131 gelene\u011fi emekli tarih \u00f6\u011fretmeninin ellerinde hayat buluyor"},"content":{"rendered":"<p>Unutulmaya y\u00fcz tutan el eme\u011fi tahta f\u0131\u00e7\u0131 gelene\u011fi, Ankara\u2019n\u0131n Nall\u0131han il\u00e7esinde ya\u015fayan emekli tarih \u00f6\u011fretmeni Mehmet Altekin\u2019in ellerinde yeniden hayat buluyor.<\/p>\n<p>Ankara\u2019n\u0131n Nall\u0131han il\u00e7esinde ya\u015fayan emekli tarih \u00f6\u011fretmeni Mehmet Altekin, T\u00fcrklerin Orta Asya\u2019dan g\u00fcn\u00fcm\u00fcze kadar gelen bir gelene\u011fini ya\u015fatmak i\u00e7in tahta f\u0131\u00e7\u0131 \u00fcretimi yap\u0131yor. Hi\u00e7bir kimyasal madde kullanmadan tamamen do\u011fal bir \u00fcretim yapt\u0131\u011f\u0131n\u0131 kaydeden Altekin, plastik pet \u015fi\u015felerin sa\u011fl\u0131\u011fa ve \u00e7evreye olan zarar\u0131na dikkat \u00e7ekerek, \u201c\u015eu a\u011fac\u0131 yeseniz sa\u011fl\u0131k a\u00e7\u0131s\u0131ndan size bir zarar vermez\u201d dedi.<\/p>\n<p>Emekli olduktan sonra \u00f6\u011fretmenli\u011fe bir s\u00fcre devam etti\u011fini ve daha sonra ah\u015faba olan ilgisinden dolay\u0131 tahta f\u0131\u00e7\u0131 yap\u0131m\u0131na ba\u015flad\u0131\u011f\u0131n\u0131 belirten Altekin, i\u015fin ticaretinden \u00e7ok sanatla u\u011fra\u015ft\u0131\u011f\u0131n\u0131 ve tahta f\u0131\u00e7\u0131lar\u0131n insanlar taraf\u0131ndan ilgi \u00e7ekti\u011fini s\u00f6yledi.<\/p>\n<p>G\u00fcn\u00fcm\u00fczde tahta f\u0131\u00e7\u0131 yap\u0131m\u0131n\u0131n bitmek \u00fczere oldu\u011funu vurgulayan Altekin, f\u0131\u00e7\u0131 yap\u0131m\u0131nda s\u0131k damarl\u0131 a\u011fa\u00e7lar\u0131 tercih etti\u011fini ifade etti.<\/p>\n<p>Tahta f\u0131\u00e7\u0131n\u0131n genellikle nostaljik ve tamamen do\u011fal bir \u00fcr\u00fcn olmas\u0131ndan dolay\u0131 tercih edildi\u011fini belirten Altekin, \u201cBir ba\u015fka \u00f6zelli\u011fi ise suyu tamamen so\u011fuk tutuyor. Herhangi bir yap\u0131\u015ft\u0131r\u0131c\u0131, kimyasal madde kullanmadan tamamen do\u011fal olarak i\u015fliyorum. Bir f\u0131\u00e7\u0131n\u0131n yap\u0131m\u0131 yakla\u015f\u0131k 4 g\u00fcn s\u00fcr\u00fcyor. Tahta f\u0131\u00e7\u0131y\u0131 makine ile yapan ustalar\u0131m\u0131z var ancak ben tamamen do\u011fal yapmay\u0131 tercih ediyorum. Kullan\u0131m \u00f6mr\u00fc ise 2-3 y\u0131l aras\u0131 diyebilirim \u00e7\u00fcnk\u00fc a\u011fa\u00e7 genle\u015ftik\u00e7e zamanla deforme olabiliyor\u201d dedi.<\/p>\n<p>Altekin, tahta f\u0131\u00e7\u0131lar\u0131n Orta Asya\u2019dan g\u00fcn\u00fcm\u00fcze kadar gelen bir gelenek oldu\u011funa dikkat \u00e7ekerek, \u201cOrta Asya\u2019da T\u00fcrkler \u00f6ncelikli su kaynaklar\u0131n\u0131n \u00e7evresinde yerle\u015fir ve ya\u015farlard\u0131. Daha sonda su kaynaklar\u0131 insanlar i\u00e7in yetersiz olmaya ba\u015flad\u0131. Suyu ta\u015f\u0131ma gere\u011fi duydular. Suyu ta\u015f\u0131mak i\u00e7in de o g\u00fcn\u00fcn \u015fartlar\u0131nda a\u011fa\u00e7 kaplar kulland\u0131lar. Ben de o gelene\u011fi g\u00fcn\u00fcm\u00fczde s\u00fcrd\u00fcrmeye \u00e7al\u0131\u015f\u0131yorum\u201d diye konu\u015ftu.<\/p>\n<p>Unutulmaya y\u00fcz tutan el eme\u011fi tahta f\u0131\u00e7\u0131lar\u0131n fiyatlar\u0131n\u0131n ise boyutlar\u0131na g\u00f6re de\u011fi\u015fkenlik g\u00f6sterdi\u011fini kaydeden Altekin, T\u00fcrkiye B\u00fcy\u00fck Millet Meclisi ba\u015fta olmak \u00fczere yurt i\u00e7inden ve yurt d\u0131\u015f\u0131ndan \u00e7ok say\u0131da sipari\u015f ald\u0131\u011f\u0131n\u0131 s\u00f6yledi.<\/p>\n","protected":false},"excerpt":{"rendered":"<p>UNUTULMAYA Y\u00dcZ TUTAN EL EME\u011e\u0130 TAHTA FI\u00c7I GELENE\u011e\u0130, ANKARA\u2019NIN NALLIHAN \u0130L\u00c7ES\u0130NDE YA\u015eAYAN EMEKL\u0130 TAR\u0130H \u00d6\u011eRETMEN\u0130 MEHMET ALTEK\u0130N\u2019\u0130N ELLER\u0130NDE YEN\u0130DEN HAYAT BULUYOR.<\/p>\n","protected":false},"author":1,"featured_media":176653,"comment_status":"closed","ping_status":"open","sticky":false,"template":"","format":"standard","meta":{"jetpack_post_was_ever_published":false,"_jetpack_newsletter_access":"","_jetpack_dont_email_post_to_subs":false,"_jetpack_newsletter_tier_id":0,"_jetpack_memberships_contains_paywalled_content":false,"_jetpack_memberships_contains_paid_content":false,"footnotes":"","jetpack_publicize_message":"","jetpack_publicize_feature_enabled":true,"jetpack_social_post_already_shared":true,"jetpack_social_options":{"image_generator_settings":{"template":"highway","default_image_id":0,"font":"","enabled":false},"version":2}},"categories":[1],"tags":[1073,1437,1058,6907,43139,4902,606,43140,8625,1330,21282],"class_list":["post-176652","post","type-post","status-publish","format-standard","has-post-thumbnail","hentry","category-genel","tag-ozel","tag-buluyor","tag-ellerinde","tag-emekli","tag-fici","tag-gelenegi","tag-hayat","tag-ogretmeninin","tag-tahta","tag-tarih","tag-unutulan"],"jetpack_publicize_connections":[],"jetpack_featured_media_url":"https:\/\/i0.wp.com\/www.tvturk.com\/wp-content\/uploads\/2019\/07\/ozel-unutulan-tahta-fici-gelenegi-emekli-tarih-ogretmeninin-ellerinde-hayat-buluyor_385eb67.jpg?fit=1000%2C666","jetpack_sharing_enabled":true,"jetpack_shortlink":"https:\/\/wp.me\/paKIfm-JXe","_links":{"self":[{"href":"http:\/\/www.tvturk.com\/index.php\/wp-json\/wp\/v2\/posts\/176652","targetHints":{"allow":["GET"]}}],"collection":[{"href":"http:\/\/www.tvturk.com\/index.php\/wp-json\/wp\/v2\/posts"}],"about":[{"href":"http:\/\/www.tvturk.com\/index.php\/wp-json\/wp\/v2\/types\/post"}],"author":[{"embeddable":true,"href":"http:\/\/www.tvturk.com\/index.php\/wp-json\/wp\/v2\/users\/1"}],"replies":[{"embeddable":true,"href":"http:\/\/www.tvturk.com\/index.php\/wp-json\/wp\/v2\/comments?post=176652"}],"version-history":[{"count":0,"href":"http:\/\/www.tvturk.com\/index.php\/wp-json\/wp\/v2\/posts\/176652\/revisions"}],"wp:featuredmedia":[{"embeddable":true,"href":"http:\/\/www.tvturk.com\/index.php\/wp-json\/wp\/v2\/media\/176653"}],"wp:attachment":[{"href":"http:\/\/www.tvturk.com\/index.php\/wp-json\/wp\/v2\/media?parent=176652"}],"wp:term":[{"taxonomy":"category","embeddable":true,"href":"http:\/\/www.tvturk.com\/index.php\/wp-json\/wp\/v2\/categories?post=176652"},{"taxonomy":"post_tag","embeddable":true,"href":"http:\/\/www.tvturk.com\/index.php\/wp-json\/wp\/v2\/tags?post=176652"}],"curies":[{"name":"wp","href":"https:\/\/api.w.org\/{rel}","templated":true}]}}