{"id":176672,"date":"2019-07-02T11:01:49","date_gmt":"2019-07-02T08:01:49","guid":{"rendered":"http:\/\/www.tvturk.com\/index.php\/sandikli-kent-konseyi-yeni-donem-ilk-toplantisini-yapti\/"},"modified":"2019-07-02T11:01:49","modified_gmt":"2019-07-02T08:01:49","slug":"sandikli-kent-konseyi-yeni-donem-ilk-toplantisini-yapti","status":"publish","type":"post","link":"http:\/\/www.tvturk.com\/index.php\/sandikli-kent-konseyi-yeni-donem-ilk-toplantisini-yapti\/","title":{"rendered":"Sand\u0131kl\u0131 Kent Konseyi yeni d\u00f6nem ilk toplant\u0131s\u0131n\u0131 yapt\u0131"},"content":{"rendered":"<p>Afyonkarahisar\u2019\u0131n Sand\u0131kl\u0131 il\u00e7esinde 31 Mart mahalli idareler se\u00e7imleri sonras\u0131 yasa gere\u011fi olu\u015fturulmas\u0131 gereken Kent Konseyi, Belediye Ba\u015fkan\u0131 Mustafa \u00c7\u00f6l\u2019\u00fcn \u00e7a\u011fr\u0131s\u0131 ile topland\u0131.<\/p>\n<p>Sand\u0131kl\u0131 Belediyesi nik\u00e2h salonunda yap\u0131lan genel kurula konseyin do\u011fal \u00fcyeleri Kaymakam Eflatun Can Tortop ve Belediye Ba\u015fkan\u0131 Mustafa \u00c7\u00f6l haz\u0131r bulundular. Sayg\u0131 duru\u015fu ve istiklal mar\u015f\u0131 ile ba\u015flayan program bir \u00f6nceki d\u00f6nem Kent Konseyi Ba\u015fkan\u0131 olan Ahmet Per\u00e7in ve Ba\u015fkan Mustafa \u00c7\u00f6l taraf\u0131ndan yap\u0131lan selamlama konu\u015fmalar\u0131 ile devam etti.  T\u00fcz\u00fck gere\u011fi yeni y\u00f6netimin se\u00e7ildi\u011fi genel kurul iyi dilek ve temennilerin akabinde sona erdi.<\/p>\n<p>Hasan H\u00fcseyin Baykal\u2019\u0131n Kent Konseyi Ba\u015fkan\u0131 se\u00e7ildi\u011fi yeni y\u00f6netim; Koray G\u00fcrp\u0131nar, Abdullah Ender Erdo\u011fmu\u015f, Servet Ko\u00e7, Ekrem \u00c7avu\u015f, Ahmet Y\u0131lmaz Yavuz, Osman G\u00f6n\u00fclseven, Ahmet \u00d6ztop, Ramazan Ayy\u0131ld\u0131z, Osman I\u015f\u0131k \u015feklinde olu\u015ftu.<\/p>\n<p>Yeni se\u00e7ilen y\u00f6netime ba\u015far\u0131lar dileyen Ba\u015fkan Mustafa \u00c7\u00f6l ve Kaymakam Eflatun Can Tortop, il\u00e7emize hay\u0131rl\u0131 hizmetlerde bulunmalar\u0131n\u0131 temenni ederek yeni y\u00f6netim ile hat\u0131ra foto\u011fraf\u0131 \u00e7ektirdiler.<\/p>\n","protected":false},"excerpt":{"rendered":"<p>SANDIKLI KENT KONSEY\u0130 YEN\u0130 D\u00d6NEM \u0130LK TOPLANTISINI YAPTI<\/p>\n","protected":false},"author":1,"featured_media":176673,"comment_status":"closed","ping_status":"open","sticky":false,"template":"","format":"standard","meta":{"jetpack_post_was_ever_published":false,"_jetpack_newsletter_access":"","_jetpack_dont_email_post_to_subs":false,"_jetpack_newsletter_tier_id":0,"_jetpack_memberships_contains_paywalled_content":false,"_jetpack_memberships_contains_paid_content":false,"footnotes":"","jetpack_publicize_message":"","jetpack_publicize_feature_enabled":true,"jetpack_social_post_already_shared":true,"jetpack_social_options":{"image_generator_settings":{"template":"highway","default_image_id":0,"font":"","enabled":false},"version":2}},"categories":[1],"tags":[1530,37,1966,3375,7458,291,292,87],"class_list":["post-176672","post","type-post","status-publish","format-standard","has-post-thumbnail","hentry","category-genel","tag-donem","tag-ilk","tag-kent","tag-konseyi","tag-sandikli","tag-toplantisini","tag-yapti","tag-yeni"],"jetpack_publicize_connections":[],"jetpack_featured_media_url":"https:\/\/i0.wp.com\/www.tvturk.com\/wp-content\/uploads\/2019\/07\/sandikli-kent-konseyi-yeni-donem-ilk-toplantisini-yapti_20d928d.jpg?fit=750%2C500","jetpack_sharing_enabled":true,"jetpack_shortlink":"https:\/\/wp.me\/paKIfm-JXy","_links":{"self":[{"href":"http:\/\/www.tvturk.com\/index.php\/wp-json\/wp\/v2\/posts\/176672","targetHints":{"allow":["GET"]}}],"collection":[{"href":"http:\/\/www.tvturk.com\/index.php\/wp-json\/wp\/v2\/posts"}],"about":[{"href":"http:\/\/www.tvturk.com\/index.php\/wp-json\/wp\/v2\/types\/post"}],"author":[{"embeddable":true,"href":"http:\/\/www.tvturk.com\/index.php\/wp-json\/wp\/v2\/users\/1"}],"replies":[{"embeddable":true,"href":"http:\/\/www.tvturk.com\/index.php\/wp-json\/wp\/v2\/comments?post=176672"}],"version-history":[{"count":0,"href":"http:\/\/www.tvturk.com\/index.php\/wp-json\/wp\/v2\/posts\/176672\/revisions"}],"wp:featuredmedia":[{"embeddable":true,"href":"http:\/\/www.tvturk.com\/index.php\/wp-json\/wp\/v2\/media\/176673"}],"wp:attachment":[{"href":"http:\/\/www.tvturk.com\/index.php\/wp-json\/wp\/v2\/media?parent=176672"}],"wp:term":[{"taxonomy":"category","embeddable":true,"href":"http:\/\/www.tvturk.com\/index.php\/wp-json\/wp\/v2\/categories?post=176672"},{"taxonomy":"post_tag","embeddable":true,"href":"http:\/\/www.tvturk.com\/index.php\/wp-json\/wp\/v2\/tags?post=176672"}],"curies":[{"name":"wp","href":"https:\/\/api.w.org\/{rel}","templated":true}]}}