{"id":176692,"date":"2019-07-02T11:16:47","date_gmt":"2019-07-02T08:16:47","guid":{"rendered":"http:\/\/www.tvturk.com\/index.php\/alanya-4-yilda-60-ton-zayifladi\/"},"modified":"2019-07-02T11:16:47","modified_gmt":"2019-07-02T08:16:47","slug":"alanya-4-yilda-60-ton-zayifladi","status":"publish","type":"post","link":"http:\/\/www.tvturk.com\/index.php\/alanya-4-yilda-60-ton-zayifladi\/","title":{"rendered":"Alanya 4 y\u0131lda 60 ton zay\u0131flad\u0131"},"content":{"rendered":"<p>Alanya Belediye Ba\u015fkan\u0131 Adem Murat Y\u00fccel\u2019in \u201cHerkes \u0130\u00e7in Sa\u011fl\u0131k, Herkes \u0130\u00e7in Diyetisyen\u201d slogan\u0131yla 4 y\u0131l \u00f6nce ba\u015flatt\u0131\u011f\u0131 \u00fccretsiz diyetisyen hizmetinden bu zamana kadar 8 bin ki\u015fi faydaland\u0131. Bu 8 bin ki\u015fi 15 bin seansta toplamda ortalama 60 ton zay\u0131flad\u0131.<\/p>\n<p>Alanya Belediyesi Sosyal Yard\u0131m \u0130\u015fleri M\u00fcd\u00fcrl\u00fc\u011f\u00fc b\u00fcnyesinde, Tosmur Ek Hizmet Binas\u0131\u2019nda bulunan Beslenme E\u011fitimi ve Diyetisyenlik Hizmeti\u2019nden yararlanan vatanda\u015flar, sa\u011fl\u0131kl\u0131 beslenme programlar\u0131 sayesinde fazla kilolar\u0131ndan kurtuluyor. Vatanda\u015flar dengeli ve sa\u011fl\u0131kl\u0131 beslenme \u015fekillerini de \u00f6\u011frenerek tekrar kilo alma riskinden uzakla\u015f\u0131yor. 2014 y\u0131l\u0131n\u0131n Aral\u0131k ay\u0131nda \u201cHerkes \u0130\u00e7in Sa\u011fl\u0131k, Herkes \u0130\u00e7in Diyet\u201d slogan\u0131yla hizmete giren diyetisyen birimi bu g\u00fcne kadar 8 bin vatanda\u015fa 15 bin seans ile toplamda 60 ton vererek sa\u011fl\u0131klar\u0131na kavu\u015fturdu.<\/p>\n<p>Bug\u00fcn de diyetisyenlik hizmeti al\u0131p zay\u0131flayan vatanda\u015flar hem Alanya Belediye Ba\u015fkan\u0131 Adem Murat Y\u00fccel\u2019i ziyaret edip te\u015fekk\u00fcr etti, hem de Ba\u015fkan Y\u00fccel\u2019in elinden sertifikalar\u0131n\u0131 ald\u0131.<\/p>\n<p>\u201cYakla\u015f\u0131k 20 binin \u00fczerinde \u00f6\u011frenciye seminer verdik\u201d<\/p>\n<p>\u00dccretsiz olarak verilen diyetisyenlik hizmetleriyle ilgili Alanya Belediye Ba\u015fkan\u0131 Adem Murat Y\u00fccel, ama\u00e7lar\u0131n\u0131n vatanda\u015flar\u0131 sa\u011fl\u0131kl\u0131 beslenme konusunda bilin\u00e7lendirmek ve bunu bir ya\u015fam \u015fekli haline getirmelerine yard\u0131mc\u0131 olmak oldu\u011funu s\u00f6yledi. Ba\u015fkan Y\u00fccel, \u201cAlanya Belediyesi Sosyal Yard\u0131m \u0130\u015fleri M\u00fcd\u00fcrl\u00fc\u011f\u00fcm\u00fcz b\u00fcnyesinde yakla\u015f\u0131k 4 y\u0131l \u00f6nce ba\u015flatt\u0131\u011f\u0131m\u0131z diyetisyenlik hizmetlerimiz ba\u015far\u0131yla devam ediyor. Bu s\u00fcre\u00e7te 8 bin vatanda\u015f\u0131m\u0131za sa\u011fl\u0131kl\u0131 beslenme ve diyet konusunda e\u011fitim verdik. Verdi\u011fimiz hizmetlerle d\u00fcnyan\u0131n en b\u00fcy\u00fck sa\u011fl\u0131k sorunu olan obeziteyle sava\u015fmak istiyoruz. Gen\u00e7lerimizi obeziteden korumak i\u00e7in devlete ba\u011fl\u0131 anaokulundan liseye kadar t\u00fcm okullar\u0131m\u0131zda \u00f6\u011frencilerimiz i\u00e7in sa\u011fl\u0131kl\u0131 beslenme seminerleri d\u00fczenliyoruz. Proje ba\u015flad\u0131\u011f\u0131ndan beri yakla\u015f\u0131k 20 binin \u00fczerinde \u00f6\u011frenciye seminer verdik\u201d dedi.<\/p>\n<p>\u201cEngelli bireyler de yararlanabiliyor\u201d<\/p>\n<p>Ba\u015fkan Y\u00fccel, g\u00f6rsel \u00f6\u011felerle de desteklenen e\u011fitimlerle, sa\u011fl\u0131kl\u0131 nesillerin yeti\u015ftirilmesini hedeflediklerini aktard\u0131. Y\u00fccel, \u201cE\u011fitimlerimizle kilo alma korkusu veya kasl\u0131 bir v\u00fccuda sahip olma iste\u011fiyle bilin\u00e7siz yap\u0131lan dengesiz ve d\u00fc\u015f\u00fck kalorili diyet uygulamalar\u0131, fast foodlar ve haz\u0131r g\u0131da t\u00fcketimi s\u0131kl\u0131\u011f\u0131n\u0131n artmas\u0131 gibi pek \u00e7ok konuda \u00f6\u011frencilerimizi bilgi kirlili\u011finden kurtar\u0131yoruz. Alanya Belediyesi\u2019nin \u00fccretsiz diyetisyenlik hizmetinden Engelsiz Park ve Ya\u015fam Merkezi\u2019ne kay\u0131tl\u0131 vatanda\u015flar\u0131n yan\u0131 s\u0131ra \u015fehirde ya\u015fayan engelli bireyler de yararlanabiliyor. Bug\u00fcne kadar bu hizmetten faydalanan bir\u00e7ok engelli birey, fazla kilolar\u0131ndan kurtularak daha rahat hareket edebilme \u015fans\u0131 yakalad\u0131\u201d diye konu\u015ftu.<\/p>\n<p>&#8220;Diyet a\u00e7 kalmak de\u011fildir&#8221;<\/p>\n<p>Diyetisyen \u015eule Yavuz ise 2014\u2019\u00fcn Aral\u0131k ay\u0131nda bir proje \u015feklinde ba\u015flat\u0131lan diyetisyen hizmetinin bug\u00fcn b\u00fcy\u00fcyerek devam etti\u011fini belirterek, &#8220;4 y\u0131l\u0131 a\u015fk\u0131n bir s\u00fcredir 2 diyetisyen olarak bu hizmeti veriyoruz. Amac\u0131m\u0131z sadece insanlar\u0131 zay\u0131flatmak de\u011fil. Do\u011fru beslenmeyi \u00f6\u011fretebilmek, \u00e7\u00fcnk\u00fc sadece diyet deyince a\u00e7 kalmak anla\u015f\u0131l\u0131yor. Bizim hedefimiz ki\u015filere hastal\u0131klar\u0131na ve sa\u011fl\u0131k durumlar\u0131na g\u00f6re do\u011fru beslenmeyi \u00f6\u011fretip, spora y\u00f6nlendirmek. B\u00f6yle bir birimde \u00e7al\u0131\u015fmaktan son derece mutluyum. Ba\u015fkan\u0131m\u0131za ve t\u00fcm m\u00fcd\u00fcrlerimize te\u015fekk\u00fcr ediyorum&#8221; ifadelerini kulland\u0131.<\/p>\n<p>\u201cT\u00fcrkiye\u2019de il\u00e7e baz\u0131nda bu hizmeti veren tek il\u00e7e\u201d<\/p>\n<p>Alanya Belediyesi diyetisyenlerinden Merve Kodal da hizmetle ilgili bilgi verdi. Kodal, &#8220;Buradaki amac\u0131m\u0131z vatanda\u015flar\u0131m\u0131za sa\u011fl\u0131kl\u0131 beslenme program\u0131 vererek, kan de\u011ferlerini d\u00fc\u015f\u00fcrerek ve ideal kilolar\u0131na inmelerini sa\u011flayarak beden kitle endekslerini olmas\u0131 gereken s\u0131n\u0131ra indiriyoruz. Buradaki en \u00f6nemli \u015fey Alanya Belediyesi T\u00fcrkiye\u2019de il\u00e7e baz\u0131nda bu hizmeti veren tek il\u00e7e, ayr\u0131ca fazla kilosu olup gelen dan\u0131\u015fanlar\u0131m\u0131z\u0131n d\u0131\u015f\u0131nda, kilo korumak i\u00e7in gelen vatanda\u015flar\u0131m\u0131z da var. Bu hizmeti de sa\u011fl\u0131yoruz. bu hizmeti yapmam\u0131z\u0131 sa\u011flayan Say\u0131n Belediye Ba\u015fkan\u0131m\u0131z Adem Murat Y\u00fccel\u2019e ve t\u00fcm m\u00fcd\u00fcrlerimize te\u015fekk\u00fcr ediyorum&#8221; \u015feklinde konu\u015ftu.<\/p>\n<p>\u201cHerkese tavsiye ediyorum\u201d<\/p>\n<p>Diyet hizmeti alan vatanda\u015flardan Fahrettin Erol, &#8220;Diyete 130 kilo ba\u015flad\u0131m. \u015eu anda 89 kiloyum, ger\u00e7ekten belediyemizin bu hizmetinden memnun kald\u0131m. Art\u0131k eskisi gibi de\u011filim. G\u00fcnl\u00fck hayat\u0131mda istedi\u011fim her \u015feyi \u00e7ok rahat bir \u015fekilde yapabiliyorum. Herkese tavsiye ediyorum. Eme\u011fi ge\u00e7en ba\u015fta Belediye Ba\u015fkan\u0131m\u0131z olmak \u00fczere t\u00fcm diyetisyenlerimize te\u015fekk\u00fcr ediyorum&#8221; dedi.<\/p>\n<p>\u201cEn \u00f6nemlisi ger\u00e7ekten istemek\u201d<\/p>\n<p>Diyete 95 kilo ile ba\u015flay\u0131p, 72 kiloya kadar indi\u011fini belirten G\u00f6n\u00fcl Bahar ise, &#8220;\u00c7ok memnunum. Diyetisyenimiz Merve han\u0131ma \u00e7ok te\u015fekk\u00fcr ediyorum. Onun sayesinde oldu. Beni motive etti her zaman. Kilolu olan bayanlara tavsiyem ger\u00e7ekten bu i\u015fe ba\u015flarken bunu istemeniz laz\u0131m. Ondan sonra da zay\u0131flan\u0131yor. Yeter ki ger\u00e7ekten zay\u0131flamak istenilsin&#8221; diye konu\u015ftu.<\/p>\n<p>\u201c80 kiloya kadar indim\u201d<\/p>\n<p>Sa\u011fl\u0131k problemlerinden dolay\u0131 diyete ba\u015flad\u0131\u011f\u0131n\u0131 s\u00f6yleyen Hanife Yal\u00e7\u0131n da, &#8220;Ben de diyete 91 kilo ile ba\u015flam\u0131\u015ft\u0131m. Diyetisyenimiz \u015eule han\u0131m beni kabul etti ve onun sayesinde 80 kiloya kadar indim. \u00c7ok memnunum ve mutluyum. Herkese belediyemizin bu hizmetinden faydalanmas\u0131 i\u00e7in davet ediyorum.&#8221;<\/p>\n","protected":false},"excerpt":{"rendered":"<p>ALANYA BELED\u0130YE BA\u015eKANI ADEM MURAT Y\u00dcCEL\u2019\u0130N \u201cHERKES \u0130\u00c7\u0130N SA\u011eLIK, HERKES \u0130\u00c7\u0130N D\u0130YET\u0130SYEN\u201d SLOGANIYLA 4 YIL \u00d6NCE BA\u015eLATTI\u011eI \u00dcCRETS\u0130Z D\u0130YET\u0130SYEN H\u0130ZMET\u0130NDEN BU ZAMANA KADAR 8 B\u0130N K\u0130\u015e\u0130 FAYDALANDI. BU 8 B\u0130N K\u0130\u015e\u0130 15 B\u0130N SEANSTA TOPLAMDA ORTALAMA 60 TON ZAYIFLADI.<\/p>\n","protected":false},"author":1,"featured_media":176693,"comment_status":"closed","ping_status":"open","sticky":false,"template":"","format":"standard","meta":{"jetpack_post_was_ever_published":false,"_jetpack_newsletter_access":"","_jetpack_dont_email_post_to_subs":false,"_jetpack_newsletter_tier_id":0,"_jetpack_memberships_contains_paywalled_content":false,"_jetpack_memberships_contains_paid_content":false,"footnotes":"","jetpack_publicize_message":"","jetpack_publicize_feature_enabled":true,"jetpack_social_post_already_shared":true,"jetpack_social_options":{"image_generator_settings":{"template":"highway","default_image_id":0,"font":"","enabled":false},"version":2}},"categories":[1],"tags":[1769,6778,598,43154],"class_list":["post-176692","post","type-post","status-publish","format-standard","has-post-thumbnail","hentry","category-genel","tag-alanya","tag-ton","tag-yilda","tag-zayifladi"],"jetpack_publicize_connections":[],"jetpack_featured_media_url":"https:\/\/i0.wp.com\/www.tvturk.com\/wp-content\/uploads\/2019\/07\/alanya-4-yilda-60-ton-zayifladi_17b5793.jpg?fit=1000%2C666","jetpack_sharing_enabled":true,"jetpack_shortlink":"https:\/\/wp.me\/paKIfm-JXS","_links":{"self":[{"href":"http:\/\/www.tvturk.com\/index.php\/wp-json\/wp\/v2\/posts\/176692","targetHints":{"allow":["GET"]}}],"collection":[{"href":"http:\/\/www.tvturk.com\/index.php\/wp-json\/wp\/v2\/posts"}],"about":[{"href":"http:\/\/www.tvturk.com\/index.php\/wp-json\/wp\/v2\/types\/post"}],"author":[{"embeddable":true,"href":"http:\/\/www.tvturk.com\/index.php\/wp-json\/wp\/v2\/users\/1"}],"replies":[{"embeddable":true,"href":"http:\/\/www.tvturk.com\/index.php\/wp-json\/wp\/v2\/comments?post=176692"}],"version-history":[{"count":0,"href":"http:\/\/www.tvturk.com\/index.php\/wp-json\/wp\/v2\/posts\/176692\/revisions"}],"wp:featuredmedia":[{"embeddable":true,"href":"http:\/\/www.tvturk.com\/index.php\/wp-json\/wp\/v2\/media\/176693"}],"wp:attachment":[{"href":"http:\/\/www.tvturk.com\/index.php\/wp-json\/wp\/v2\/media?parent=176692"}],"wp:term":[{"taxonomy":"category","embeddable":true,"href":"http:\/\/www.tvturk.com\/index.php\/wp-json\/wp\/v2\/categories?post=176692"},{"taxonomy":"post_tag","embeddable":true,"href":"http:\/\/www.tvturk.com\/index.php\/wp-json\/wp\/v2\/tags?post=176692"}],"curies":[{"name":"wp","href":"https:\/\/api.w.org\/{rel}","templated":true}]}}