{"id":176726,"date":"2019-07-02T11:47:06","date_gmt":"2019-07-02T08:47:06","guid":{"rendered":"http:\/\/www.tvturk.com\/index.php\/balkan-boks-sampiyonasi-turkiyede-yapilacak\/"},"modified":"2019-07-02T11:47:06","modified_gmt":"2019-07-02T08:47:06","slug":"balkan-boks-sampiyonasi-turkiyede-yapilacak","status":"publish","type":"post","link":"http:\/\/www.tvturk.com\/index.php\/balkan-boks-sampiyonasi-turkiyede-yapilacak\/","title":{"rendered":"Balkan Boks \u015eampiyonas\u0131 T\u00fcrkiye\u2019de yap\u0131lacak"},"content":{"rendered":"<p>T\u00fcrkiye Boks Federasyonu Koordinat\u00f6r\u00fc \u0130smail Nazl\u0131, uzun y\u0131llard\u0131r yap\u0131lmayan Balkan Boks \u015eampiyonas\u0131\u2019n\u0131n 26 Ekim-2 Kas\u0131m tarihleri aras\u0131nda Antalya\u2019da yap\u0131laca\u011f\u0131n\u0131 s\u00f6yledi.<\/p>\n<p>\u00dcst Minikler ve Gen\u00e7 Kad\u0131nlar T\u00fcrkiye Boks \u015eampiyonas\u0131 teknik toplant\u0131s\u0131 i\u00e7in Amasya\u2019da olan T\u00fcrkiye Boks Federasyonu Koordinat\u00f6r\u00fc \u0130smail Nazl\u0131, \u201cBalkan Boks \u015eampiyonas\u0131 uzun y\u0131llar \u00f6nce yap\u0131ld\u0131 ama daha sonra programdan kald\u0131r\u0131ld\u0131, D\u00fcnya Boks Birli\u011fi taraf\u0131ndan ancak Federasyon Ba\u015fkan\u0131m\u0131z ayn\u0131 zamanda Ey\u00fcp G\u00f6zge\u00e7 hem AIBA Y\u00f6netim Kurulu \u00dcyesi, D\u00fcnya Boks Birli\u011fi Y\u00f6netim Kurulu \u00dcyesi ayn\u0131 zamanda da Avrupa Boks Konfederasyonu As Ba\u015fkan\u0131 \u015fu anda. Onun iki y\u0131ld\u0131r bu konu i\u00e7in \u00e7ok u\u011fra\u015fm\u0131\u015ft\u0131. En son kabul ettirdi ve Balkan Boks \u015eampiyonas\u0131\u2019n\u0131n ilkini 26 Ekim-2 Kas\u0131m tarihleri aras\u0131nda T\u00fcrkiye\u2019de Antalya\u2019da yapaca\u011f\u0131z\u201d dedi.<\/p>\n<p>Boksta \u00fclke olarak nerede oldu\u011fumuzdan bahseden T\u00fcrkiye Boks Federasyonu Koordinat\u00f6r\u00fc \u0130smail Nazl\u0131, \u201cBiliyorsunuz olimpiyat y\u0131l\u0131nday\u0131z. Olimpiyatlara 390 g\u00fcn\u00fcm\u00fcz kald\u0131. Daha d\u00fcn Belarus\u2019tayd\u0131m. Bir k\u0131z\u0131m\u0131z \u0130stiklal Mar\u015f\u0131m\u0131z\u0131 orada dinlettirdi. Rusya\u2019da Rus boks\u00f6r\u00fc yenerek, \u015fampiyon oldu. Oradan daha \u00e7ok madalya alabilirdik. G\u00f6t\u00fcrd\u00fc\u011f\u00fcm\u00fcz tak\u0131m en b\u00fcy\u00fck sporcumuz 23 ya\u015f\u0131ndayd\u0131. Ya\u015f ortalamas\u0131 21,5-22 ya\u015f aras\u0131ndayd\u0131. Rakipleri en d\u00fc\u015f\u00fc\u011f\u00fc 28-30 ya\u015f\u0131ndayd\u0131. Boks a\u011f\u0131r bir spor, sporcular\u0131n kemik yap\u0131lar\u0131 hen\u00fcz oturmad\u0131. Bu tak\u0131m bizi 2024-2028 olimpiyatlar\u0131na kadar ta\u015f\u0131yabilecek bir tak\u0131m\u201d diye konu\u015ftu.<\/p>\n<p>Teknik toplant\u0131ya Amasya Valisi Dr. Osman Varol, Emniyet M\u00fcd\u00fcr\u00fc Fahri Bulut, Amasya Gen\u00e7lik ve Spor \u0130l M\u00fcd\u00fcr\u00fc Kadir K\u0131l\u0131\u00e7, T\u00fcrkiye Boks Federasyonu Koordinat\u00f6r\u00fc \u0130smail Nazl\u0131 ve T\u00fcrkiye Boks Federasyonu Genel Koordinat\u00f6r\u00fc Atilla Alatepe kat\u0131ld\u0131.<\/p>\n","protected":false},"excerpt":{"rendered":"<p>T\u00dcRK\u0130YE BOKS FEDERASYONU KOORD\u0130NAT\u00d6R\u00dc \u0130SMA\u0130L NAZLI, UZUN YILLARDIR YAPILMAYAN BALKAN \u015eAMP\u0130YONASININ 26 EK\u0130M-2 KASIM ARASINDA ANTALYA\u2019DA YAPILACA\u011eINI S\u00d6YLED\u0130.<\/p>\n","protected":false},"author":1,"featured_media":176727,"comment_status":"closed","ping_status":"open","sticky":false,"template":"","format":"standard","meta":{"jetpack_post_was_ever_published":false,"_jetpack_newsletter_access":"","_jetpack_dont_email_post_to_subs":false,"_jetpack_newsletter_tier_id":0,"_jetpack_memberships_contains_paywalled_content":false,"_jetpack_memberships_contains_paid_content":false,"footnotes":"","jetpack_publicize_message":"","jetpack_publicize_feature_enabled":true,"jetpack_social_post_already_shared":true,"jetpack_social_options":{"image_generator_settings":{"template":"highway","default_image_id":0,"font":"","enabled":false},"version":2}},"categories":[657],"tags":[10049,13404,395,2383,158],"class_list":["post-176726","post","type-post","status-publish","format-standard","has-post-thumbnail","hentry","category-spor","tag-balkan","tag-boks","tag-sampiyonasi","tag-turkiyede","tag-yapilacak"],"jetpack_publicize_connections":[],"jetpack_featured_media_url":"https:\/\/i0.wp.com\/www.tvturk.com\/wp-content\/uploads\/2019\/07\/balkan-boks-sampiyonasi-turkiyede-yapilacak_d44e550.jpg?fit=1000%2C666","jetpack_sharing_enabled":true,"jetpack_shortlink":"https:\/\/wp.me\/paKIfm-JYq","_links":{"self":[{"href":"http:\/\/www.tvturk.com\/index.php\/wp-json\/wp\/v2\/posts\/176726","targetHints":{"allow":["GET"]}}],"collection":[{"href":"http:\/\/www.tvturk.com\/index.php\/wp-json\/wp\/v2\/posts"}],"about":[{"href":"http:\/\/www.tvturk.com\/index.php\/wp-json\/wp\/v2\/types\/post"}],"author":[{"embeddable":true,"href":"http:\/\/www.tvturk.com\/index.php\/wp-json\/wp\/v2\/users\/1"}],"replies":[{"embeddable":true,"href":"http:\/\/www.tvturk.com\/index.php\/wp-json\/wp\/v2\/comments?post=176726"}],"version-history":[{"count":0,"href":"http:\/\/www.tvturk.com\/index.php\/wp-json\/wp\/v2\/posts\/176726\/revisions"}],"wp:featuredmedia":[{"embeddable":true,"href":"http:\/\/www.tvturk.com\/index.php\/wp-json\/wp\/v2\/media\/176727"}],"wp:attachment":[{"href":"http:\/\/www.tvturk.com\/index.php\/wp-json\/wp\/v2\/media?parent=176726"}],"wp:term":[{"taxonomy":"category","embeddable":true,"href":"http:\/\/www.tvturk.com\/index.php\/wp-json\/wp\/v2\/categories?post=176726"},{"taxonomy":"post_tag","embeddable":true,"href":"http:\/\/www.tvturk.com\/index.php\/wp-json\/wp\/v2\/tags?post=176726"}],"curies":[{"name":"wp","href":"https:\/\/api.w.org\/{rel}","templated":true}]}}