{"id":176744,"date":"2019-07-02T12:02:25","date_gmt":"2019-07-02T09:02:25","guid":{"rendered":"http:\/\/www.tvturk.com\/index.php\/emre-belozoglu-resmen-fenerbahcede\/"},"modified":"2019-07-02T12:02:25","modified_gmt":"2019-07-02T09:02:25","slug":"emre-belozoglu-resmen-fenerbahcede","status":"publish","type":"post","link":"http:\/\/www.tvturk.com\/index.php\/emre-belozoglu-resmen-fenerbahcede\/","title":{"rendered":"Emre Bel\u00f6zo\u011flu resmen Fenerbah\u00e7e\u2019de!"},"content":{"rendered":"<p>Fenerbah\u00e7e, Milli futbolcu Emre Bel\u00f6zo\u011flu ile 1 y\u0131ll\u0131\u011f\u0131na anla\u015ft\u0131\u011f\u0131n\u0131 a\u00e7\u0131klad\u0131.<\/p>\n<p>Fenerbah\u00e7e\u2019de beklenen imza geldi. Sar\u0131-lacivertli kul\u00fcp, uzun s\u00fcredir g\u00fcndeminde olan eski y\u0131ld\u0131z\u0131 Emre Bel\u00f6zo\u011flu ile 1 y\u0131ll\u0131k s\u00f6zle\u015fme imzalad\u0131\u011f\u0131n\u0131 a\u00e7\u0131klad\u0131. Kul\u00fcb\u00fcn resmi internet sitesinden \u201cYuvana ho\u015f geldin\u201d mesaj\u0131 ile Emre i\u00e7in \u015fu ifadelere yer verildi:<\/p>\n<p>\u201cKul\u00fcb\u00fcm\u00fcz, Emre Bel\u00f6zo\u011flu ile 1 y\u0131ll\u0131k s\u00f6zle\u015fme imzalad\u0131.<\/p>\n<p>Milli futbolcumuz Emre Bel\u00f6zo\u011flu\u2019nun \u00dclker Stadyumu Fenerbah\u00e7e \u015e\u00fckr\u00fc Saraco\u011flu Spor Kompleksi\u2019ndeki imzas\u0131nda Sportif Direkt\u00f6r\u00fcm\u00fcz Damien Comolli de haz\u0131r bulundu.<\/p>\n<p>Camiam\u0131z\u0131n \u00f6nemli bir de\u011feri olan Emre Bel\u00f6zo\u011flu\u2019na yuvana \u2018ho\u015f geldin\u2019 diyor, nice zaferler ve \u015fampiyonluklar diliyoruz.&#8221;<\/p>\n","protected":false},"excerpt":{"rendered":"<p>FENERBAH\u00c7E, M\u0130LL\u0130 FUTBOLCU EMRE BEL\u00d6ZO\u011eLU \u0130LE 1 YILLI\u011eINA ANLA\u015eTI\u011eINI A\u00c7IKLADI.<\/p>\n","protected":false},"author":1,"featured_media":176745,"comment_status":"closed","ping_status":"open","sticky":false,"template":"","format":"standard","meta":{"jetpack_post_was_ever_published":false,"_jetpack_newsletter_access":"","_jetpack_dont_email_post_to_subs":false,"_jetpack_newsletter_tier_id":0,"_jetpack_memberships_contains_paywalled_content":false,"_jetpack_memberships_contains_paid_content":false,"footnotes":"","jetpack_publicize_message":"","jetpack_publicize_feature_enabled":true,"jetpack_social_post_already_shared":true,"jetpack_social_options":{"image_generator_settings":{"template":"highway","default_image_id":0,"font":"","enabled":false},"version":2}},"categories":[657],"tags":[5570,37175,6360,7760],"class_list":["post-176744","post","type-post","status-publish","format-standard","has-post-thumbnail","hentry","category-spor","tag-fenerbahcede","tag-belozoglu","tag-emre","tag-resmen"],"jetpack_publicize_connections":[],"jetpack_featured_media_url":"https:\/\/i0.wp.com\/www.tvturk.com\/wp-content\/uploads\/2019\/07\/emre-belozoglu-resmen-fenerbahcede_928fa4d.jpg?fit=1000%2C654","jetpack_sharing_enabled":true,"jetpack_shortlink":"https:\/\/wp.me\/paKIfm-JYI","_links":{"self":[{"href":"http:\/\/www.tvturk.com\/index.php\/wp-json\/wp\/v2\/posts\/176744","targetHints":{"allow":["GET"]}}],"collection":[{"href":"http:\/\/www.tvturk.com\/index.php\/wp-json\/wp\/v2\/posts"}],"about":[{"href":"http:\/\/www.tvturk.com\/index.php\/wp-json\/wp\/v2\/types\/post"}],"author":[{"embeddable":true,"href":"http:\/\/www.tvturk.com\/index.php\/wp-json\/wp\/v2\/users\/1"}],"replies":[{"embeddable":true,"href":"http:\/\/www.tvturk.com\/index.php\/wp-json\/wp\/v2\/comments?post=176744"}],"version-history":[{"count":0,"href":"http:\/\/www.tvturk.com\/index.php\/wp-json\/wp\/v2\/posts\/176744\/revisions"}],"wp:featuredmedia":[{"embeddable":true,"href":"http:\/\/www.tvturk.com\/index.php\/wp-json\/wp\/v2\/media\/176745"}],"wp:attachment":[{"href":"http:\/\/www.tvturk.com\/index.php\/wp-json\/wp\/v2\/media?parent=176744"}],"wp:term":[{"taxonomy":"category","embeddable":true,"href":"http:\/\/www.tvturk.com\/index.php\/wp-json\/wp\/v2\/categories?post=176744"},{"taxonomy":"post_tag","embeddable":true,"href":"http:\/\/www.tvturk.com\/index.php\/wp-json\/wp\/v2\/tags?post=176744"}],"curies":[{"name":"wp","href":"https:\/\/api.w.org\/{rel}","templated":true}]}}