{"id":176748,"date":"2019-07-02T12:16:44","date_gmt":"2019-07-02T09:16:44","guid":{"rendered":"http:\/\/www.tvturk.com\/index.php\/unlu-futbolcu-mesut-ozilden-alacatida-polis-merkezine-ziyaret\/"},"modified":"2019-07-02T12:16:44","modified_gmt":"2019-07-02T09:16:44","slug":"unlu-futbolcu-mesut-ozilden-alacatida-polis-merkezine-ziyaret","status":"publish","type":"post","link":"http:\/\/www.tvturk.com\/index.php\/unlu-futbolcu-mesut-ozilden-alacatida-polis-merkezine-ziyaret\/","title":{"rendered":"\u00dcnl\u00fc futbolcu Mesut \u00d6zil\u2019den Ala\u00e7at\u0131\u2019da polis merkezine ziyaret"},"content":{"rendered":"<p>Ala\u00e7at\u0131 \u015eehit Do\u011fan Sakarya Polis Merkezi, tatillerini Ala\u00e7at\u0131\u2019da ge\u00e7iren \u00fcnl\u00fclerin ilgi oda\u011f\u0131 oldu. \u00dcnl\u00fc oyuncu Erkan Petekkaya\u2019dan sonra \u00fcnl\u00fc futbolcu Mesut \u00d6zil de polis merkezini ziyaret etti.<\/p>\n<p>Yaz tatili nedeniyle Ala\u00e7at\u0131 \u00fcnl\u00fclerin ak\u0131n\u0131na u\u011frarken, Ala\u00e7at\u0131\u2019da huzur ve g\u00fcveni sa\u011flayan \u015eehit Do\u011fan Sakarya Polis Merkezi de \u00fcnl\u00fcler taraf\u0131ndan ziyaret ediliyor. Ge\u00e7ti\u011fimiz hafta \u00fcnl\u00fc oyuncu Erkan Petekkaya taraf\u0131ndan ziyaret edilen polis merkezi, bu hafta da \u00fcnl\u00fc futbolcu Mesut \u00d6zil taraf\u0131ndan ziyaret edildi.<\/p>\n<p>Amine G\u00fcl\u015fe ile evlenmesinin ard\u0131ndan Ala\u00e7at\u0131\u2019ya gelen ve tatilini Ala\u00e7at\u0131\u2019da ge\u00e7iren Arsenal\u2019in y\u0131ld\u0131z futbolcusu Mesut \u00d6zil, Ala\u00e7at\u0131 \u015eehit Do\u011fan Sakarya Polis Merkezi\u2019nde \u00c7e\u015fme Emniyet M\u00fcd\u00fcr\u00fc G\u00fcrcan Alev, Polis Merkezi Amiri Seyit Boztoprak ve Devriye Ekipler Amiri Arif Erdo\u011fan taraf\u0131ndan kar\u015f\u0131land\u0131.<\/p>\n<p>\u0130l\u00e7e Emniyet M\u00fcd\u00fcr\u00fc Alev ve amirlerle bir s\u00fcre sohbet eden y\u0131ld\u0131z futbolcu, t\u00fcm emniyet te\u015fkilat\u0131na ba\u015far\u0131lar dileyerek polis merkezinden ayr\u0131ld\u0131.<\/p>\n","protected":false},"excerpt":{"rendered":"<p>ALA\u00c7ATI \u015eEH\u0130T DO\u011eAN SAKARYA POL\u0130S MERKEZ\u0130, TAT\u0130LLER\u0130N\u0130 ALA\u00c7ATI&#8217;DA GE\u00c7\u0130REN \u00dcNL\u00dcLER\u0130N \u0130LG\u0130 ODA\u011eI OLDU. \u00dcNL\u00dc OYUNCU ERKAN PETEKKAYA&#8217;DAN SONRA \u00dcNL\u00dc FUTBOLCU MESUT \u00d6Z\u0130L DE POL\u0130S MERKEZ\u0130N\u0130 Z\u0130YARET ETT\u0130.<\/p>\n","protected":false},"author":1,"featured_media":176749,"comment_status":"closed","ping_status":"open","sticky":false,"template":"","format":"standard","meta":{"jetpack_post_was_ever_published":false,"_jetpack_newsletter_access":"","_jetpack_dont_email_post_to_subs":false,"_jetpack_newsletter_tier_id":0,"_jetpack_memberships_contains_paywalled_content":false,"_jetpack_memberships_contains_paid_content":false,"footnotes":"","jetpack_publicize_message":"","jetpack_publicize_feature_enabled":true,"jetpack_social_post_already_shared":true,"jetpack_social_options":{"image_generator_settings":{"template":"highway","default_image_id":0,"font":"","enabled":false},"version":2}},"categories":[1],"tags":[43173,4599,631,8820,43172,996,5590,150],"class_list":["post-176748","post","type-post","status-publish","format-standard","has-post-thumbnail","hentry","category-genel","tag-alacatida","tag-futbolcu","tag-merkezine","tag-mesut","tag-ozilden","tag-polis","tag-unlu","tag-ziyaret"],"jetpack_publicize_connections":[],"jetpack_featured_media_url":"https:\/\/i0.wp.com\/www.tvturk.com\/wp-content\/uploads\/2019\/07\/unlu-futbolcu-mesut-ozilden-alacatida-polis-merkezine-ziyaret_df5058c.jpg?fit=750%2C1000","jetpack_sharing_enabled":true,"jetpack_shortlink":"https:\/\/wp.me\/paKIfm-JYM","_links":{"self":[{"href":"http:\/\/www.tvturk.com\/index.php\/wp-json\/wp\/v2\/posts\/176748","targetHints":{"allow":["GET"]}}],"collection":[{"href":"http:\/\/www.tvturk.com\/index.php\/wp-json\/wp\/v2\/posts"}],"about":[{"href":"http:\/\/www.tvturk.com\/index.php\/wp-json\/wp\/v2\/types\/post"}],"author":[{"embeddable":true,"href":"http:\/\/www.tvturk.com\/index.php\/wp-json\/wp\/v2\/users\/1"}],"replies":[{"embeddable":true,"href":"http:\/\/www.tvturk.com\/index.php\/wp-json\/wp\/v2\/comments?post=176748"}],"version-history":[{"count":0,"href":"http:\/\/www.tvturk.com\/index.php\/wp-json\/wp\/v2\/posts\/176748\/revisions"}],"wp:featuredmedia":[{"embeddable":true,"href":"http:\/\/www.tvturk.com\/index.php\/wp-json\/wp\/v2\/media\/176749"}],"wp:attachment":[{"href":"http:\/\/www.tvturk.com\/index.php\/wp-json\/wp\/v2\/media?parent=176748"}],"wp:term":[{"taxonomy":"category","embeddable":true,"href":"http:\/\/www.tvturk.com\/index.php\/wp-json\/wp\/v2\/categories?post=176748"},{"taxonomy":"post_tag","embeddable":true,"href":"http:\/\/www.tvturk.com\/index.php\/wp-json\/wp\/v2\/tags?post=176748"}],"curies":[{"name":"wp","href":"https:\/\/api.w.org\/{rel}","templated":true}]}}