{"id":176784,"date":"2019-07-02T13:16:31","date_gmt":"2019-07-02T10:16:31","guid":{"rendered":"http:\/\/www.tvturk.com\/index.php\/sivasta-madimak-olaylarinda-olenler-anildi\/"},"modified":"2019-07-02T13:16:31","modified_gmt":"2019-07-02T10:16:31","slug":"sivasta-madimak-olaylarinda-olenler-anildi","status":"publish","type":"post","link":"http:\/\/www.tvturk.com\/index.php\/sivasta-madimak-olaylarinda-olenler-anildi\/","title":{"rendered":"Sivas\u2019ta Mad\u0131mak olaylar\u0131nda \u00f6lenler an\u0131ld\u0131"},"content":{"rendered":"<p>Sivas\u2019ta Mad\u0131mak olaylar\u0131n\u0131n 26. y\u0131l d\u00f6n\u00fcm\u00fcnde anma etkinlikleri d\u00fczenlendi.<\/p>\n<p>Mad\u0131mak olaylar\u0131nda hayat\u0131n\u0131 kaybeden 33 \u015fair, yazar ve ozan ile birlikte 37 ki\u015fi i\u00e7in olaylar\u0131n 26. y\u0131l d\u00f6n\u00fcm\u00fcnde anma etkinlikleri d\u00fczenlendi. Anma etkinlikleri i\u00e7in Sivas\u2019tan ve Sivas d\u0131\u015f\u0131ndan gelen \u00e7ok say\u0131da ki\u015fi Alibaba Mahallesi\u2019nde toplanarak kortej olu\u015fturup, olaylar\u0131n ya\u015fand\u0131\u011f\u0131 bug\u00fcn Bilim ve K\u00fclt\u00fcr Merkezi olarak kullan\u0131lan Mad\u0131mak Oteli\u2019ne y\u00fcr\u00fcd\u00fc.  Y\u00fcr\u00fcy\u00fc\u015f s\u0131ras\u0131nda 26 y\u0131l \u00f6nce ya\u015fanan olaylar\u0131 k\u0131nayan pankart ve d\u00f6vizler ile \u00f6lenlerin foto\u011fraflar\u0131 ta\u015f\u0131nd\u0131. Y\u00fcr\u00fcy\u00fc\u015f s\u0131ras\u0131nda geni\u015f g\u00fcvenlik \u00f6nlemleri al\u0131narak, polis helikopteri ve insans\u0131z hava ara\u00e7lar\u0131 havadan kontrollerini s\u00fcrd\u00fcrd\u00fc.  Anma etkinliklerine ba\u015fta CHP Genel Ba\u015fkan Yard\u0131mc\u0131s\u0131 Veli A\u011fbaba olmak \u00fczere 12 milletvekili kat\u0131ld\u0131. Bilim ve K\u00fclt\u00fcr Merkezi \u00f6n\u00fcnde toplanan kalabal\u0131k, semah g\u00f6sterisini izledi. Olaylarda hayatlar\u0131n\u0131 kaybedenlerin yak\u0131nlar\u0131 bina \u00f6n\u00fcne \u00e7i\u00e7ek b\u0131rakarak, bas\u0131n a\u00e7\u0131klamas\u0131 yap\u0131ld\u0131.<\/p>\n<p>Sivas Valisi Salih Ayhan da il protokol\u00fc ve Cem Vakf\u0131 Genel Ba\u015fkan\u0131 Erdo\u011fan D\u00f6ner ile birlikte olaylar\u0131n ya\u015fand\u0131\u011f\u0131 bug\u00fcn Bilim ve K\u00fclt\u00fcr Merkezi olarak kullan\u0131lan binay\u0131 ziyaret ederek, olaylarda hayatlar\u0131n\u0131 kaybedenler an\u0131s\u0131na olu\u015fturulan k\u00f6\u015feye \u00e7i\u00e7ek b\u0131rakt\u0131. Vali Ayhan, Sivas\u2019\u0131n \u201ckatliam\u201d kelimesi ile an\u0131lmamas\u0131 gerekti\u011fini belirterek, \u201cHepimizi derinden etkileyen bu ac\u0131 tablo an\u0131l\u0131rken \u2018Sivas katliam\u0131\u2019 ifadesi ile Sivas ile katliam kelimelerinin bir arada kullan\u0131lmamas\u0131; tarihi, k\u00fclt\u00fcr\u00fc ve yeti\u015ftirdi\u011fi \u00f6nemli \u015fahsiyetlerle b\u00fct\u00fcnle\u015fen, bir\u00e7ok medeniyete ev sahipli\u011fi yapan bu g\u00fczide \u015fehrimizin katliamla \u00f6zde\u015fle\u015ftirilmesinin \u00f6n\u00fcne ge\u00e7ilmesini rica ediyoruz. \u2018Do\u011farken farkl\u0131 do\u011fmad\u0131k\u2019 diyen Muhlis Akarsu gibi, \u2018Ne var ise sende bende, ayn\u0131 varl\u0131k her bedende\u2019 diyen A\u015f\u0131k Veysel gibi, \u2018Gel, gel ne olursan ol, yine gel\u2019 diyen Mevlana gibi T\u00fcrkiye Cumhuriyeti olarak t\u00fcm renklerimizle bir b\u00fct\u00fcn\u00fcz. Aram\u0131za her f\u0131rsatta nifak tohumlar\u0131 ekmeye \u00e7al\u0131\u015fanlar\u0131n, birli\u011fimize ve beraberli\u011fimize kast eden karanl\u0131k odaklar\u0131n niyetlerini bo\u015fa \u00e7\u0131kartaca\u011f\u0131z. Bu ac\u0131 olay da t\u0131pk\u0131 benzer olaylar gibi millet olarak bar\u0131\u015f ve huzur i\u00e7inde ya\u015fama hevesimizi per\u00e7inleyerek artt\u0131racakt\u0131r\u201d dedi.<\/p>\n<p>\u201cSivas\u2019\u0131n an\u0131laca\u011f\u0131 tarih 4 Eyl\u00fcl\u2019d\u00fcr\u201d<\/p>\n<p>Vali Ayhan, Sivas\u2019\u0131n al\u0131naca\u011f\u0131 tarihin Sivas Kongresi\u2019nin ger\u00e7ekle\u015ftirildi\u011fi 4 Eyl\u00fcl tarihi oldu\u011funu ifade ederek, \u201c2 Temmuz\u2019da bu \u015fehir g\u00fcnler \u00f6ncesinde karanl\u0131k eller taraf\u0131ndan kurgulanm\u0131\u015f ve maalesef taraf bularak, istenilmeyen insanl\u0131k d\u0131\u015f\u0131 olaylara sahne olmu\u015ftur. Dert t\u00fcm \u00fclkenin derdi, ac\u0131 t\u00fcm insanl\u0131\u011f\u0131n ac\u0131s\u0131d\u0131r, t\u0131pk\u0131 5 Temmuz\u2019da Ba\u015fba\u011flar\u2019da ya\u015fan\u0131lan vahim olaylar gibi. El ele vererek ve g\u00f6n\u00fclleri birle\u015ftirerek 2 Temmuz\u2019u Cumhuriyet \u015fehri, sultan \u015fehir Sivas i\u00e7in bir tedirginlik sebebi olmaktan \u00e7\u0131kartmal\u0131y\u0131z. Sivas\u2019\u0131n an\u0131laca\u011f\u0131 bir tarih varsa o da Milli M\u00fccadele\u2019nin onuru ve Cumhuriyet\u2019in kurulu\u015funun d\u00f6n\u00fcm noktas\u0131 olan 4 Eyl\u00fcl\u2019d\u00fcr\u201d dedi.<\/p>\n","protected":false},"excerpt":{"rendered":"<p>S\u0130VAS\u2019TA MADIMAK OLAYLARININ 26. YIL D\u00d6N\u00dcM\u00dcNDE ANMA ETK\u0130NL\u0130KLER\u0130 D\u00dcZENLEND\u0130.<\/p>\n","protected":false},"author":1,"featured_media":176785,"comment_status":"closed","ping_status":"open","sticky":false,"template":"","format":"standard","meta":{"jetpack_post_was_ever_published":false,"_jetpack_newsletter_access":"","_jetpack_dont_email_post_to_subs":false,"_jetpack_newsletter_tier_id":0,"_jetpack_memberships_contains_paywalled_content":false,"_jetpack_memberships_contains_paid_content":false,"footnotes":"","jetpack_publicize_message":"","jetpack_publicize_feature_enabled":true,"jetpack_social_post_already_shared":true,"jetpack_social_options":{"image_generator_settings":{"template":"highway","default_image_id":0,"font":"","enabled":false},"version":2}},"categories":[1],"tags":[241,43141,21694,20513,3765],"class_list":["post-176784","post","type-post","status-publish","format-standard","has-post-thumbnail","hentry","category-genel","tag-anildi","tag-madimak","tag-olaylarinda","tag-olenler","tag-sivasta"],"jetpack_publicize_connections":[],"jetpack_featured_media_url":"https:\/\/i0.wp.com\/www.tvturk.com\/wp-content\/uploads\/2019\/07\/sivasta-madimak-olaylarinda-olenler-anildi_340d84f.jpg?fit=1000%2C666","jetpack_sharing_enabled":true,"jetpack_shortlink":"https:\/\/wp.me\/paKIfm-JZm","_links":{"self":[{"href":"http:\/\/www.tvturk.com\/index.php\/wp-json\/wp\/v2\/posts\/176784","targetHints":{"allow":["GET"]}}],"collection":[{"href":"http:\/\/www.tvturk.com\/index.php\/wp-json\/wp\/v2\/posts"}],"about":[{"href":"http:\/\/www.tvturk.com\/index.php\/wp-json\/wp\/v2\/types\/post"}],"author":[{"embeddable":true,"href":"http:\/\/www.tvturk.com\/index.php\/wp-json\/wp\/v2\/users\/1"}],"replies":[{"embeddable":true,"href":"http:\/\/www.tvturk.com\/index.php\/wp-json\/wp\/v2\/comments?post=176784"}],"version-history":[{"count":0,"href":"http:\/\/www.tvturk.com\/index.php\/wp-json\/wp\/v2\/posts\/176784\/revisions"}],"wp:featuredmedia":[{"embeddable":true,"href":"http:\/\/www.tvturk.com\/index.php\/wp-json\/wp\/v2\/media\/176785"}],"wp:attachment":[{"href":"http:\/\/www.tvturk.com\/index.php\/wp-json\/wp\/v2\/media?parent=176784"}],"wp:term":[{"taxonomy":"category","embeddable":true,"href":"http:\/\/www.tvturk.com\/index.php\/wp-json\/wp\/v2\/categories?post=176784"},{"taxonomy":"post_tag","embeddable":true,"href":"http:\/\/www.tvturk.com\/index.php\/wp-json\/wp\/v2\/tags?post=176784"}],"curies":[{"name":"wp","href":"https:\/\/api.w.org\/{rel}","templated":true}]}}