{"id":176796,"date":"2019-07-02T13:46:20","date_gmt":"2019-07-02T10:46:20","guid":{"rendered":"http:\/\/www.tvturk.com\/index.php\/visne-fiyatlari-ciftciyi-uzdu\/"},"modified":"2019-07-02T13:46:20","modified_gmt":"2019-07-02T10:46:20","slug":"visne-fiyatlari-ciftciyi-uzdu","status":"publish","type":"post","link":"http:\/\/www.tvturk.com\/index.php\/visne-fiyatlari-ciftciyi-uzdu\/","title":{"rendered":"Vi\u015fne fiyatlar\u0131 \u00e7ift\u00e7iyi \u00fczd\u00fc"},"content":{"rendered":"<p>Tokat\u2019ta 550 dekar alanda hasad\u0131 devam eden vi\u015fne tarlada 1.75, \u0130stanbul\u2019da ise halde 6 liradan sat\u0131l\u0131yor.<\/p>\n<p>Yurt genelinde kirazdan sonra vi\u015fne \u00fcretiminde de \u00f6nemli bir yere sahip olan Tokat\u2019ta sanayi tipi vi\u015fne 1 lira 75 kuru\u015f taban fiyat\u0131 ile meyve suyu fabrikalar\u0131 taraf\u0131ndan al\u0131n\u0131yor. \u0130stanbul\u2019da halde 4-6 lira aras\u0131nda sat\u0131\u015fa sunulan vi\u015fne fiyat\u0131 marketlerde art\u0131\u015f g\u00f6steriyor. Tokat\u2019ta bir i\u015f\u00e7inin toplad\u0131\u011f\u0131 vi\u015fnenin kendi paras\u0131n\u0131 \u00e7\u0131karmad\u0131\u011f\u0131n\u0131 belirten tarla sahipleri ise, maliyetlerin y\u00fcksek olmas\u0131ndan \u015fikayet\u00e7i. \u00c7amdere k\u00f6y\u00fcnde kendi bah\u00e7esinde vi\u015fne yeti\u015ftiren 63 ya\u015f\u0131ndaki Hasan Yard\u0131m, vi\u015fnenin maliyetinin 2 lira oldu\u011funu s\u00f6yleyerek, &#8220;Fabrikalar 1 lira 75 kuru\u015fa al\u0131yor. Bu arada ne oluyor \u00e7ift\u00e7iler ma\u011fdur oluyor. Bunu il y\u00f6neticilerimiz ya da idarecilerimiz el at\u0131p art\u0131k kiraz, vi\u015fne borsas\u0131 gibi bir \u015feyler a\u00e7\u0131p \u00e7ift\u00e7inin en az\u0131ndan al\u0131n terinin kar\u015f\u0131l\u0131\u011f\u0131n\u0131 almas\u0131 laz\u0131m\u201d dedi.<\/p>\n<p>Yard\u0131m, vi\u015fnenin maliyetinin y\u00fcksek olmas\u0131 nedeniyle dal\u0131nda b\u0131rakan \u00e7ift\u00e7iler oldu\u011funu s\u00f6yleyerek, \u201c\u00c7ift\u00e7i toplamad\u0131\u011f\u0131 zaman karda. Bir i\u015f\u00e7iye \u00f6rnek verecek olursa 50 lira yevmiye veriyorum, 40 liral\u0131k vi\u015fne topluyor. Yani 10 lira toplamasam karday\u0131m. Vi\u015fne toplayanlarda kom\u015fusuna nispetten o toplad\u0131, ben de toplayay\u0131m diyerek topluyor. Benim bah\u00e7em az oldu\u011fu i\u00e7in kendimiz re\u00e7ellik olarak topluyoruz. Fazla vi\u015fnem kalmad\u0131, \u00f6nceki y\u0131llarda s\u00f6kt\u00fcm kiraz bah\u00e7esi yapt\u0131m. Kiraz maliyetinin \u00fczerinde para etti ama vi\u015fne iyi de\u011fil\u201d diye konu\u015ftu.<\/p>\n<p>\u00c7amdere k\u00f6y\u00fcnde vi\u015fne hasad\u0131 yapan \u00e7ift\u00e7ilerden bir\u00e7o\u011fu da vi\u015fnenin para etmedi\u011finden yak\u0131narak, \u00e7aresizlik ya\u015fad\u0131klar\u0131n\u0131 dile getirdiler.<\/p>\n<p>Tokat Ziraat Odas\u0131 Ba\u015fkan\u0131 Ahmet D\u00f6k\u00fclen, vi\u015fne fiyatlar\u0131n\u0131n \u00fcreticinin beklentilerinin alt\u0131nda oldu\u011funu, maliyetleri kurtarmad\u0131\u011f\u0131 i\u00e7in bir\u00e7ok vi\u015fne bah\u00e7esinde vi\u015fnenin dal\u0131nda kalma tehlikesi oldu\u011funu kaydetti.<\/p>\n","protected":false},"excerpt":{"rendered":"<p>TOKAT\u2019TA HASADI DEVAM EDEN V\u0130\u015eNE TARLADA 1.75 L\u0130RA \u0130STANBUL\u2019DA HALDE 6 L\u0130RADAN SATILIYOR.<\/p>\n","protected":false},"author":1,"featured_media":176797,"comment_status":"closed","ping_status":"open","sticky":false,"template":"","format":"standard","meta":{"jetpack_post_was_ever_published":false,"_jetpack_newsletter_access":"","_jetpack_dont_email_post_to_subs":false,"_jetpack_newsletter_tier_id":0,"_jetpack_memberships_contains_paywalled_content":false,"_jetpack_memberships_contains_paid_content":false,"footnotes":"","jetpack_publicize_message":"","jetpack_publicize_feature_enabled":true,"jetpack_social_post_already_shared":true,"jetpack_social_options":{"image_generator_settings":{"template":"highway","default_image_id":0,"font":"","enabled":false},"version":2}},"categories":[19],"tags":[32057,259,10805,43187],"class_list":["post-176796","post","type-post","status-publish","format-standard","has-post-thumbnail","hentry","category-ekonomi","tag-ciftciyi","tag-fiyatlari","tag-uzdu","tag-visne"],"jetpack_publicize_connections":[],"jetpack_featured_media_url":"https:\/\/i0.wp.com\/www.tvturk.com\/wp-content\/uploads\/2019\/07\/visne-fiyatlari-ciftciyi-uzdu_09bf894.jpg?fit=1000%2C671","jetpack_sharing_enabled":true,"jetpack_shortlink":"https:\/\/wp.me\/paKIfm-JZy","_links":{"self":[{"href":"http:\/\/www.tvturk.com\/index.php\/wp-json\/wp\/v2\/posts\/176796","targetHints":{"allow":["GET"]}}],"collection":[{"href":"http:\/\/www.tvturk.com\/index.php\/wp-json\/wp\/v2\/posts"}],"about":[{"href":"http:\/\/www.tvturk.com\/index.php\/wp-json\/wp\/v2\/types\/post"}],"author":[{"embeddable":true,"href":"http:\/\/www.tvturk.com\/index.php\/wp-json\/wp\/v2\/users\/1"}],"replies":[{"embeddable":true,"href":"http:\/\/www.tvturk.com\/index.php\/wp-json\/wp\/v2\/comments?post=176796"}],"version-history":[{"count":0,"href":"http:\/\/www.tvturk.com\/index.php\/wp-json\/wp\/v2\/posts\/176796\/revisions"}],"wp:featuredmedia":[{"embeddable":true,"href":"http:\/\/www.tvturk.com\/index.php\/wp-json\/wp\/v2\/media\/176797"}],"wp:attachment":[{"href":"http:\/\/www.tvturk.com\/index.php\/wp-json\/wp\/v2\/media?parent=176796"}],"wp:term":[{"taxonomy":"category","embeddable":true,"href":"http:\/\/www.tvturk.com\/index.php\/wp-json\/wp\/v2\/categories?post=176796"},{"taxonomy":"post_tag","embeddable":true,"href":"http:\/\/www.tvturk.com\/index.php\/wp-json\/wp\/v2\/tags?post=176796"}],"curies":[{"name":"wp","href":"https:\/\/api.w.org\/{rel}","templated":true}]}}