{"id":176800,"date":"2019-07-02T13:46:33","date_gmt":"2019-07-02T10:46:33","guid":{"rendered":"http:\/\/www.tvturk.com\/index.php\/myrleia-antik-kenti-icin-guc-birligi\/"},"modified":"2019-07-02T13:46:33","modified_gmt":"2019-07-02T10:46:33","slug":"myrleia-antik-kenti-icin-guc-birligi","status":"publish","type":"post","link":"http:\/\/www.tvturk.com\/index.php\/myrleia-antik-kenti-icin-guc-birligi\/","title":{"rendered":"Myrleia Antik Kenti i\u00e7in g\u00fc\u00e7 birli\u011fi"},"content":{"rendered":"<p>Mudanya Belediyesi, \u00d6merbey Mahallesi s\u0131n\u0131rlar\u0131 i\u00e7inde yap\u0131lan kaz\u0131 \u00e7al\u0131\u015fmalar\u0131yla g\u00fcn y\u00fcz\u00fcne \u00e7\u0131kan 2 bin 700 y\u0131ll\u0131k Myrleia Antik Kenti\u2019ni arkeopark olarak a\u00e7\u0131k hava m\u00fczesine d\u00f6n\u00fc\u015ft\u00fcrmek \u00fczere \u00e7al\u0131\u015fmalar\u0131n\u0131 s\u00fcrd\u00fcr\u00fcyor.<\/p>\n<p>\u0130l\u00e7eyi do\u011fal, k\u00fclt\u00fcrel ve tarihi de\u011ferleriyle gelece\u011fe ta\u015f\u0131may\u0131 hedefleyen Mudanya Belediyesi, Myrleia\u2019n\u0131n sahip oldu\u011fu tarih\u00ee de\u011feri, ilgili kurul ve kurum m\u00fcd\u00fcrlerine tan\u0131tt\u0131. Myrleia Antik Kenti\u2019nin Turizme Kazand\u0131r\u0131lmas\u0131 Projesi kapsam\u0131nda Uluda\u011f \u00dcniversitesi Fen Edebiyat Fak\u00fcltesi Arkeoloji B\u00f6l\u00fcm Ba\u015fkan\u0131 Prof. Dr. Mustafa \u015eahin Myrleia\u2019n\u0131n kurulu\u015fu, antik kentin yay\u0131ld\u0131\u011f\u0131 alan, tarih ve k\u00fclt\u00fcr turizmine katk\u0131s\u0131n\u0131 anlatan bir sunum yapt\u0131. Montania Otel\u2019de d\u00fczenlenen toplant\u0131ya, Mudanya Kaymakam\u0131 Faik Oktay S\u00f6zer, Belediye Ba\u015fkan\u0131 Hayri T\u00fcrky\u0131lmaz, \u0130l K\u00fclt\u00fcr ve Turizm M\u00fcd\u00fcr\u00fc Ahmet Gedik, Bursa K\u00fclt\u00fcr Varl\u0131klar\u0131n\u0131 Koruma B\u00f6lge Kurulu M\u00fcd\u00fcr\u00fc Erdal \u00c7etinda\u011f, Bursa M\u00fcze M\u00fcd\u00fcr\u00fc \u00c7i\u011fdem Durako\u011flu, Bursa R\u00f6l\u00f6ve ve An\u0131tlar M\u00fcd\u00fcr\u00fc Aylin K\u0131rlang\u0131\u00e7, \u00c7EK\u00dcL Vakf\u0131 Ba\u015fkan Yard\u0131mc\u0131s\u0131 Mimar Mithat K\u0131rayo\u011flu, Emekli M\u00fcze M\u00fcd\u00fcr\u00fc \u00d6cal \u00d6zeren ile belediye birim m\u00fcd\u00fcrleri kat\u0131ld\u0131. Sunumun ard\u0131ndan ilgili kurumlar\u0131n m\u00fcd\u00fcrleri ile \u00d6merbey Mahallesi\u2019nde Hisarl\u0131k mevkii olarak an\u0131lan b\u00f6lgede bulunan antik kente inceleme gezisi yap\u0131ld\u0131. Helenistik ve Roma d\u00f6nemine tarihlenen antik kentte bulunan mozaikler, inceleme gezisinde bulunan kurul m\u00fcd\u00fcrlerinin takdirini toplad\u0131. S\u00f6zer, Mudanya\u2019n\u0131n turizm potansiyelinin yap\u0131lacak olan \u00e7al\u0131\u015fmayla artaca\u011f\u0131n\u0131 belirtirken, T\u00fcrky\u0131lmaz, \u201cYaln\u0131zca Bursa de\u011fil, b\u00fct\u00fcn  insanl\u0131\u011f\u0131n de\u011ferlerinden biri olan Myrleia\u2019y\u0131 gelece\u011fe hep birlikte, sizlerin de deste\u011fiyle ta\u015f\u0131yaca\u011f\u0131z. Tek bir gayemiz var. Bu de\u011fer yok olmas\u0131n, el ele vererek insanl\u0131\u011fa, k\u00fclt\u00fcr ve tarihe Myrleia\u2019y\u0131 kazand\u0131ral\u0131m. Gelece\u011fe tarihi bir imza atal\u0131m\u201d diye konu\u015ftu.<\/p>\n<p>Bursa K\u00fclt\u00fcr Varl\u0131klar\u0131n\u0131 Koruma B\u00f6lge Kurulu\u2019nun 2015 tarihli karar\u0131, K\u00fclt\u00fcr Varl\u0131klar\u0131 ve M\u00fczeler Genel M\u00fcd\u00fcrl\u00fc\u011f\u00fc\u2019n\u00fcn izni ile Bursa M\u00fczeler M\u00fcd\u00fcrl\u00fc\u011f\u00fc uzmanlar\u0131 taraf\u0131ndan y\u00fcr\u00fct\u00fclen sondaj kaz\u0131lar\u0131nda elde edilen veriler \u0131\u015f\u0131\u011f\u0131nda Uluda\u011f \u00dcniversitesi Fen Edebiyat Fak\u00fcltesi Arkeoloji B\u00f6l\u00fcm\u00fc Ba\u015fkan\u0131 Prof. Dr. Mustafa \u015eahin taraf\u0131ndan sondaj raporunda b\u00f6lgede pi\u015fmi\u015f toprak k\u00fcnklerden olu\u015fan su sistemleri, cadde ve sokaklar\u0131n alt\u0131na d\u00f6\u015fenen at\u0131k su sistemleri ile tam anlam\u0131yla antik kentin dokusunun bir b\u00f6l\u00fcm\u00fc a\u00e7\u0131\u011fa \u00e7\u0131kart\u0131ld\u0131\u011f\u0131 belirtilmi\u015fti. Yine ayn\u0131 kaz\u0131 raporlar\u0131nda, \u00e7anak \u00e7\u00f6mlek k\u0131r\u0131klar\u0131 a\u00e7\u0131\u011fa \u00e7\u0131kar\u0131lan b\u00f6l\u00fcm\u00fcn Helenistik ve Roma d\u00f6nemlerine tarihlendi\u011fi ifade edilmi\u015fti.<\/p>\n","protected":false},"excerpt":{"rendered":"<p>MUDANYA BELED\u0130YES\u0130, \u00d6MERBEY MAHALLES\u0130 SINIRLARI \u0130\u00c7\u0130NDE YAPILAN KAZI \u00c7ALI\u015eMALARIYLA G\u00dcN Y\u00dcZ\u00dcNE \u00c7IKAN 2 B\u0130N 700 YILLIK MYRLE\u0130A ANT\u0130K KENT\u0130\u2019N\u0130 ARKEOPARK OLARAK A\u00c7IK HAVA M\u00dcZES\u0130NE D\u00d6N\u00dc\u015eT\u00dcRMEK \u00dcZERE \u00c7ALI\u015eMALARINI S\u00dcRD\u00dcR\u00dcYOR.<\/p>\n","protected":false},"author":1,"featured_media":176801,"comment_status":"closed","ping_status":"open","sticky":false,"template":"","format":"standard","meta":{"jetpack_post_was_ever_published":false,"_jetpack_newsletter_access":"","_jetpack_dont_email_post_to_subs":false,"_jetpack_newsletter_tier_id":0,"_jetpack_memberships_contains_paywalled_content":false,"_jetpack_memberships_contains_paid_content":false,"footnotes":"","jetpack_publicize_message":"","jetpack_publicize_feature_enabled":true,"jetpack_social_post_already_shared":true,"jetpack_social_options":{"image_generator_settings":{"template":"highway","default_image_id":0,"font":"","enabled":false},"version":2}},"categories":[1],"tags":[15465,668,4650,44,13838,43189],"class_list":["post-176800","post","type-post","status-publish","format-standard","has-post-thumbnail","hentry","category-genel","tag-antik","tag-birligi","tag-guc","tag-icin","tag-kenti","tag-myrleia"],"jetpack_publicize_connections":[],"jetpack_featured_media_url":"https:\/\/i0.wp.com\/www.tvturk.com\/wp-content\/uploads\/2019\/07\/myrleia-antik-kenti-icin-guc-birligi_59b7ef8.jpg?fit=1000%2C666","jetpack_sharing_enabled":true,"jetpack_shortlink":"https:\/\/wp.me\/paKIfm-JZC","_links":{"self":[{"href":"http:\/\/www.tvturk.com\/index.php\/wp-json\/wp\/v2\/posts\/176800","targetHints":{"allow":["GET"]}}],"collection":[{"href":"http:\/\/www.tvturk.com\/index.php\/wp-json\/wp\/v2\/posts"}],"about":[{"href":"http:\/\/www.tvturk.com\/index.php\/wp-json\/wp\/v2\/types\/post"}],"author":[{"embeddable":true,"href":"http:\/\/www.tvturk.com\/index.php\/wp-json\/wp\/v2\/users\/1"}],"replies":[{"embeddable":true,"href":"http:\/\/www.tvturk.com\/index.php\/wp-json\/wp\/v2\/comments?post=176800"}],"version-history":[{"count":0,"href":"http:\/\/www.tvturk.com\/index.php\/wp-json\/wp\/v2\/posts\/176800\/revisions"}],"wp:featuredmedia":[{"embeddable":true,"href":"http:\/\/www.tvturk.com\/index.php\/wp-json\/wp\/v2\/media\/176801"}],"wp:attachment":[{"href":"http:\/\/www.tvturk.com\/index.php\/wp-json\/wp\/v2\/media?parent=176800"}],"wp:term":[{"taxonomy":"category","embeddable":true,"href":"http:\/\/www.tvturk.com\/index.php\/wp-json\/wp\/v2\/categories?post=176800"},{"taxonomy":"post_tag","embeddable":true,"href":"http:\/\/www.tvturk.com\/index.php\/wp-json\/wp\/v2\/tags?post=176800"}],"curies":[{"name":"wp","href":"https:\/\/api.w.org\/{rel}","templated":true}]}}