{"id":176812,"date":"2019-07-02T14:01:51","date_gmt":"2019-07-02T11:01:51","guid":{"rendered":"http:\/\/www.tvturk.com\/index.php\/magandalar-tarihi-camideki-mezar-taslarini-ve-turbenin-kapisini-kirdi\/"},"modified":"2019-07-02T14:01:51","modified_gmt":"2019-07-02T11:01:51","slug":"magandalar-tarihi-camideki-mezar-taslarini-ve-turbenin-kapisini-kirdi","status":"publish","type":"post","link":"http:\/\/www.tvturk.com\/index.php\/magandalar-tarihi-camideki-mezar-taslarini-ve-turbenin-kapisini-kirdi\/","title":{"rendered":"Magandalar tarihi camideki mezar ta\u015flar\u0131n\u0131 ve t\u00fcrbenin kap\u0131s\u0131n\u0131 k\u0131rd\u0131"},"content":{"rendered":"<p>Bursa\u2019n\u0131n \u0130neg\u00f6l il\u00e7esinde tarihi \u0130shakpa\u015fa Camii\u2019nin bah\u00e7esindeki mezar ta\u015flar\u0131 ve t\u00fcrbenin kap\u0131s\u0131 kimli\u011fi me\u00e7hul ki\u015fi veya ki\u015filer taraf\u0131ndan tahrip edildi.<\/p>\n<p>600 y\u0131ll\u0131k bir ge\u00e7mi\u015fe sahip olan ve Fatih Sultan Mehmed ile II. Sultan Murad d\u00f6nemlerinde g\u00f6rev yapan \u0130shak Pa\u015fa taraf\u0131ndan yapt\u0131r\u0131lan cami ve k\u00fclliyesinin i\u00e7ler a\u00e7\u0131s\u0131 durumu \u00fcz\u00fcyor. Bah\u00e7esinde o devirdeki alimlerin isimlerinin yaz\u0131ld\u0131\u011f\u0131 mezarl\u0131ktaki ta\u015flar ve \u0130shak Pa\u015fa\u2019n\u0131n yatt\u0131\u011f\u0131 t\u00fcrbeye kimli\u011fi belirsiz \u015fah\u0131s veya \u015fah\u0131slar taraf\u0131ndan zarar verildi. Buna tepki g\u00f6steren \u0130shakpa\u015fa E\u011fitim Bilim K\u00fclt\u00fcr ve Yard\u0131mla\u015fma Derne\u011fi y\u00f6neticilerinden Telat Y\u0131ld\u0131r\u0131m, &#8220;Buras\u0131 \u0130neg\u00f6l i\u00e7in \u00e7ok \u00f6nemli bir yer. Ancak kendini bilmezler gece bek\u00e7i ve g\u00fcvenlik g\u00f6revlisi bulunmad\u0131\u011f\u0131 i\u00e7in tarihi yerlere zarar veriyor. Bunlar bizi \u00e7ok \u00fcz\u00fcyor. Biz yetkililerden buraya gereken \u00f6nemi g\u00f6stermelerini istiyoruz. Buraya g\u00fcvenlik g\u00f6revlisi ve bek\u00e7i konulmas\u0131 gerekiyor. \u00c7evre d\u00fczenlemesi yap\u0131lmas\u0131 laz\u0131m. Caminin etraf\u0131nda bulunan tarihi ta\u015flar k\u0131r\u0131lm\u0131\u015f vaziyette yerde duruyor. Art\u0131k bunlara birilerinin sahip \u00e7\u0131kmas\u0131 laz\u0131m. Bizim g\u00fcc\u00fcm\u00fcz yetmedi\u011fi i\u00e7in bir\u015fey yapam\u0131yoruz&#8221; diye konu\u015ftu.<\/p>\n","protected":false},"excerpt":{"rendered":"<p>BURSA\u2019NIN \u0130NEG\u00d6L \u0130L\u00c7ES\u0130NDE BULUNAN TAR\u0130H\u0130 CAM\u0130LERDEN \u0130SHAKPA\u015eA CAM\u0130S\u0130N\u0130N BAH\u00c7ES\u0130NDEK\u0130 MEZAR TA\u015eLARI VE T\u00dcRBEN\u0130N KAPISI K\u0130ML\u0130\u011e\u0130 BEL\u0130RS\u0130Z K\u0130\u015e\u0130 VEYA K\u0130\u015e\u0130LER TARAFINDAN ZARAR VER\u0130LD\u0130. TAR\u0130H\u0130 YAPILAN ZARAR \u0130L\u00c7EDE B\u00dcY\u00dcK TEPK\u0130YE NEDEN OLDU.<\/p>\n","protected":false},"author":1,"featured_media":176813,"comment_status":"closed","ping_status":"open","sticky":false,"template":"","format":"standard","meta":{"jetpack_post_was_ever_published":false,"_jetpack_newsletter_access":"","_jetpack_dont_email_post_to_subs":false,"_jetpack_newsletter_tier_id":0,"_jetpack_memberships_contains_paywalled_content":false,"_jetpack_memberships_contains_paid_content":false,"footnotes":"","jetpack_publicize_message":"","jetpack_publicize_feature_enabled":true,"jetpack_social_post_already_shared":true,"jetpack_social_options":{"image_generator_settings":{"template":"highway","default_image_id":0,"font":"","enabled":false},"version":2}},"categories":[1],"tags":[26092,20502,1588,5426,7524,800,43195,34533],"class_list":["post-176812","post","type-post","status-publish","format-standard","has-post-thumbnail","hentry","category-genel","tag-camideki","tag-kapisini","tag-kirdi","tag-magandalar","tag-mezar","tag-tarihi","tag-taslarini","tag-turbenin"],"jetpack_publicize_connections":[],"jetpack_featured_media_url":"https:\/\/i0.wp.com\/www.tvturk.com\/wp-content\/uploads\/2019\/07\/magandalar-tarihi-camideki-mezar-taslarini-ve-turbenin-kapisini-kirdi_df2ec9b.jpg?fit=1000%2C664","jetpack_sharing_enabled":true,"jetpack_shortlink":"https:\/\/wp.me\/paKIfm-JZO","_links":{"self":[{"href":"http:\/\/www.tvturk.com\/index.php\/wp-json\/wp\/v2\/posts\/176812","targetHints":{"allow":["GET"]}}],"collection":[{"href":"http:\/\/www.tvturk.com\/index.php\/wp-json\/wp\/v2\/posts"}],"about":[{"href":"http:\/\/www.tvturk.com\/index.php\/wp-json\/wp\/v2\/types\/post"}],"author":[{"embeddable":true,"href":"http:\/\/www.tvturk.com\/index.php\/wp-json\/wp\/v2\/users\/1"}],"replies":[{"embeddable":true,"href":"http:\/\/www.tvturk.com\/index.php\/wp-json\/wp\/v2\/comments?post=176812"}],"version-history":[{"count":0,"href":"http:\/\/www.tvturk.com\/index.php\/wp-json\/wp\/v2\/posts\/176812\/revisions"}],"wp:featuredmedia":[{"embeddable":true,"href":"http:\/\/www.tvturk.com\/index.php\/wp-json\/wp\/v2\/media\/176813"}],"wp:attachment":[{"href":"http:\/\/www.tvturk.com\/index.php\/wp-json\/wp\/v2\/media?parent=176812"}],"wp:term":[{"taxonomy":"category","embeddable":true,"href":"http:\/\/www.tvturk.com\/index.php\/wp-json\/wp\/v2\/categories?post=176812"},{"taxonomy":"post_tag","embeddable":true,"href":"http:\/\/www.tvturk.com\/index.php\/wp-json\/wp\/v2\/tags?post=176812"}],"curies":[{"name":"wp","href":"https:\/\/api.w.org\/{rel}","templated":true}]}}