{"id":176814,"date":"2019-07-02T14:01:55","date_gmt":"2019-07-02T11:01:55","guid":{"rendered":"http:\/\/www.tvturk.com\/index.php\/asirlik-saat-kulesi-ilk-gunku-gibi\/"},"modified":"2019-07-02T14:01:55","modified_gmt":"2019-07-02T11:01:55","slug":"asirlik-saat-kulesi-ilk-gunku-gibi","status":"publish","type":"post","link":"http:\/\/www.tvturk.com\/index.php\/asirlik-saat-kulesi-ilk-gunku-gibi\/","title":{"rendered":"As\u0131rl\u0131k Saat Kulesi ilk g\u00fcnk\u00fc gibi"},"content":{"rendered":"<p>Yozgat\u2019ta 111 y\u0131ld\u0131r zaman\u0131 g\u00f6steren ve g\u00fcnden g\u00fcne yorgun d\u00fc\u015ft\u00fc\u011f\u00fc i\u00e7in s\u0131k s\u0131k duran as\u0131rl\u0131k Saat Kulesi\u2019nin bak\u0131m ve onar\u0131m\u0131 i\u00e7in yetkililer harekete ge\u00e7ti. Saati tamir eden esnaf Sinan Katlan, g\u00f6n\u00fcll\u00fc olarak \u00f6mr\u00fc yetti\u011fi s\u00fcrece Saat Kulesi\u2019nin bak\u0131m\u0131n\u0131 ve onar\u0131m\u0131n\u0131 yapaca\u011f\u0131n\u0131 s\u00f6yledi.<\/p>\n<p>Yozgat\u2019\u0131n tarihi simgelerinden olan ve saatleri uzun s\u00fcredir \u00e7al\u0131\u015fmayan Saat Kulesi\u2019nin bak\u0131m i\u015fi, mekanik ve elektronik i\u015fleri ile u\u011fra\u015fan 55 ya\u015f\u0131ndaki esnaf Sinan Katlan\u2019a verildi. Yozgat Valisi Kadir \u00c7ak\u0131r ve Yozgat Belediye Ba\u015fkan\u0131 Celal K\u00f6se\u2019nin giri\u015fimleri sonucu b\u00fcy\u00fck bir \u00f6zveriyle hi\u00e7bir kar\u015f\u0131l\u0131k beklemeden Saat Kulesi\u2019nin bak\u0131m ve onar\u0131m\u0131n\u0131 yapan Katlan, saatleri \u00e7al\u0131\u015f\u0131r hale getirerek Yozgat halk\u0131n\u0131n hizmetine sundu. Katlan, 1908 y\u0131l\u0131nda d\u00f6nemin belediye ba\u015fkan\u0131 Tevkif Zade Ahmet Bey taraf\u0131ndan yapt\u0131r\u0131lan Saat Kulesi\u2019nin hem temizli\u011fini hem de bak\u0131m ve onar\u0131m i\u015flerini \u00f6mr\u00fc yetti\u011fi s\u00fcre boyunca g\u00f6n\u00fcll\u00fcl\u00fck esas\u0131na dayanarak yapacak.<\/p>\n<p>Vali \u00c7ak\u0131r ve Belediye Ba\u015fkan\u0131 K\u00f6se\u2019nin talimat\u0131yla tarihi Saat Kulesi\u2019nin saatlerini tamir etti\u011fini anlatan Sinan Katlan, \u201cSaat Kulesi\u2019nin tamirini daha \u00f6nce bir abimiz yap\u0131yordu. O da ya\u015fl\u0131l\u0131ktan dolay\u0131 merdivenleri \u00e7\u0131k\u0131p inemiyordu. Art\u0131k Saat Kulemiz valimiz ve belediye ba\u015fkan\u0131m\u0131z taraf\u0131ndan bana emanet edildi. Saatin baz\u0131 eksiklikleri vard\u0131, bur\u00e7lar\u0131n\u0131 de\u011fi\u015ftirdik. Di\u015flileri ya\u011fdan ve tozdan \u00f6t\u00fcr\u00fc \u00e7amurla\u015fm\u0131\u015ft\u0131, onlar\u0131 tek tek f\u0131r\u00e7a ile temizledim, ya\u011flad\u0131m. Sarkac\u0131 ar\u0131zal\u0131yd\u0131 onu yapt\u0131m ve \u00e7al\u0131\u015fmaya ba\u015flad\u0131. \u015eimdi saatlerin d\u00fczeni \u00e7ok g\u00fczel i\u015fliyor. Saat Kulesi\u2019nin yakla\u015f\u0131k 110 y\u0131ll\u0131k bir tarihi var. Tamamen mekanik bir donan\u0131ma sahip ve Frans\u0131z mal\u0131 bir saat. Art\u0131k saatlerde bir anormallik yok, gayet g\u00fczel \u00e7al\u0131\u015f\u0131yor\u201d dedi.<\/p>\n<p>\u00d6mr\u00fc yetti\u011fi s\u00fcrece Saat Kulesi\u2019nin bak\u0131m\u0131n\u0131 ve onar\u0131m\u0131n\u0131 yapaca\u011f\u0131n\u0131 s\u00f6yleyen Katlan, \u201cBen elektronik\u00e7iyim. Fakat uzun y\u0131llar mekani\u011fe ilgim oldu\u011fu i\u00e7in i\u015fimi a\u015fkla yapt\u0131\u011f\u0131m i\u00e7in Saat Kulesi\u2019nin emaneti bana verildi. \u00d6mr\u00fcm boyunca da bak\u0131m\u0131n\u0131, temizli\u011fini ve haftada bir kurmas\u0131n\u0131 yapaca\u011f\u0131m. Kimseden de hi\u00e7bir \u00fccret ve beklentim de yoktur. Yozgat\u2019\u0131n bir simgesidir Saat Kulesi, onun \u00e7al\u0131\u015fmas\u0131 gerekiyor. Ben de elimden geldi\u011fince Saat Kulesi\u2019ni \u00e7al\u0131\u015ft\u0131raca\u011f\u0131m. Vatanda\u015flar\u0131n cebinde saati olsa da herkes mutlaka o kuleye her g\u00fcn bakma ihtiyac\u0131 do\u011fuyor. Saatin de \u00e7al\u0131\u015fmas\u0131 gerekiyor ve elimden geldi\u011fince \u00e7al\u0131\u015ft\u0131rmaya \u00e7al\u0131\u015faca\u011f\u0131m\u201d \u015feklinde konu\u015ftu.<\/p>\n","protected":false},"excerpt":{"rendered":"<p>YOZGAT\u2019TA 111 YILDIR ZAMANI G\u00d6STEREN VE G\u00dcNDEN G\u00dcNE YORGUN D\u00dc\u015eT\u00dc\u011e\u00dc \u0130\u00c7\u0130N SIK SIK DURAN ASIRLIK SAAT KULES\u0130&#8217;N\u0130N BAKIM VE ONARIMI \u0130\u00c7\u0130N YETK\u0130L\u0130LER HAREKETE GE\u00c7T\u0130.<\/p>\n","protected":false},"author":1,"featured_media":176815,"comment_status":"closed","ping_status":"open","sticky":false,"template":"","format":"standard","meta":{"jetpack_post_was_ever_published":false,"_jetpack_newsletter_access":"","_jetpack_dont_email_post_to_subs":false,"_jetpack_newsletter_tier_id":0,"_jetpack_memberships_contains_paywalled_content":false,"_jetpack_memberships_contains_paid_content":false,"footnotes":"","jetpack_publicize_message":"","jetpack_publicize_feature_enabled":true,"jetpack_social_post_already_shared":true,"jetpack_social_options":{"image_generator_settings":{"template":"highway","default_image_id":0,"font":"","enabled":false},"version":2}},"categories":[1],"tags":[3115,981,16641,37,11214,902],"class_list":["post-176814","post","type-post","status-publish","format-standard","has-post-thumbnail","hentry","category-genel","tag-asirlik","tag-gibi","tag-gunku","tag-ilk","tag-kulesi","tag-saat"],"jetpack_publicize_connections":[],"jetpack_featured_media_url":"https:\/\/i0.wp.com\/www.tvturk.com\/wp-content\/uploads\/2019\/07\/asirlik-saat-kulesi-ilk-gunku-gibi_f38ef75.jpg?fit=1000%2C666","jetpack_sharing_enabled":true,"jetpack_shortlink":"https:\/\/wp.me\/paKIfm-JZQ","_links":{"self":[{"href":"http:\/\/www.tvturk.com\/index.php\/wp-json\/wp\/v2\/posts\/176814","targetHints":{"allow":["GET"]}}],"collection":[{"href":"http:\/\/www.tvturk.com\/index.php\/wp-json\/wp\/v2\/posts"}],"about":[{"href":"http:\/\/www.tvturk.com\/index.php\/wp-json\/wp\/v2\/types\/post"}],"author":[{"embeddable":true,"href":"http:\/\/www.tvturk.com\/index.php\/wp-json\/wp\/v2\/users\/1"}],"replies":[{"embeddable":true,"href":"http:\/\/www.tvturk.com\/index.php\/wp-json\/wp\/v2\/comments?post=176814"}],"version-history":[{"count":0,"href":"http:\/\/www.tvturk.com\/index.php\/wp-json\/wp\/v2\/posts\/176814\/revisions"}],"wp:featuredmedia":[{"embeddable":true,"href":"http:\/\/www.tvturk.com\/index.php\/wp-json\/wp\/v2\/media\/176815"}],"wp:attachment":[{"href":"http:\/\/www.tvturk.com\/index.php\/wp-json\/wp\/v2\/media?parent=176814"}],"wp:term":[{"taxonomy":"category","embeddable":true,"href":"http:\/\/www.tvturk.com\/index.php\/wp-json\/wp\/v2\/categories?post=176814"},{"taxonomy":"post_tag","embeddable":true,"href":"http:\/\/www.tvturk.com\/index.php\/wp-json\/wp\/v2\/tags?post=176814"}],"curies":[{"name":"wp","href":"https:\/\/api.w.org\/{rel}","templated":true}]}}