{"id":176820,"date":"2019-07-02T14:16:04","date_gmt":"2019-07-02T11:16:04","guid":{"rendered":"http:\/\/www.tvturk.com\/index.php\/erdogan-ve-xi-aile-fotografinda\/"},"modified":"2019-07-02T14:16:04","modified_gmt":"2019-07-02T11:16:04","slug":"erdogan-ve-xi-aile-fotografinda","status":"publish","type":"post","link":"http:\/\/www.tvturk.com\/index.php\/erdogan-ve-xi-aile-fotografinda\/","title":{"rendered":"Erdo\u011fan ve Xi aile foto\u011fraf\u0131nda"},"content":{"rendered":"<p>-Cumhurba\u015fkan\u0131 Recep Tayyip Erdo\u011fan, resmi ziyaret i\u00e7in geldi\u011fi \u00c7in\u2019in ba\u015fkenti Pekin\u2019de \u00c7in Devlet Ba\u015fkan\u0131 Xi Jinping ile aile foto\u011fraf\u0131 \u00e7ektirdi.<\/p>\n<p>Cumhurba\u015fkan\u0131 Recep Tayyip Erdo\u011fan ve \u00c7in Devlet Ba\u015fkan\u0131 Xi Jinping aile foto\u011fraf\u0131 \u00e7ektirdi. Cumhurba\u015fkan\u0131 Erdo\u011fan, resmi ziyaret i\u00e7in geldi\u011fi Pekin\u2019de \u00c7in Devlet Ba\u015fkan\u0131 Xi Jinping taraf\u0131ndan resmi t\u00f6renle kar\u015f\u0131land\u0131. Resmi kar\u015f\u0131lama t\u00f6reninin ard\u0131ndan Xi Jinping ile ba\u015f ba\u015fa g\u00f6r\u00fc\u015fme ger\u00e7ekle\u015ftiren Erdo\u011fan, sonras\u0131nda heyetler aras\u0131 g\u00f6r\u00fc\u015fmeye ge\u00e7ti. G\u00f6r\u00fc\u015fmenin ard\u0131ndan liderler e\u015fleriyle birlikte aile foto\u011fraf\u0131 \u00e7ektirdi.<\/p>\n<p>Cumhurba\u015fkan\u0131 Erdo\u011fan\u2019a \u00c7in ziyaretinde e\u015fi Emine Erdo\u011fan, D\u0131\u015fi\u015fleri Bakan\u0131 Mevl\u00fct \u00c7avu\u015fo\u011flu, Hazine ve Maliye Bakan\u0131 Berat Albayrak, Enerji ve Tabii Kaynaklar Bakan\u0131 Fatih D\u00f6nmez, K\u00fclt\u00fcr ve Turizm Bakan\u0131 Mehmet Nuri Ersoy, Milli Savunma Bakan\u0131 Hulusi Akar, Ticaret Bakan\u0131 Ruhsar Pekcan, Ula\u015ft\u0131rma ve Altyap\u0131 Bakan\u0131 Mehmet Cahit Turhan ve Sanayi ve Teknoloji Bakan\u0131 Mustafa Varank e\u015flik ediyor.<\/p>\n","protected":false},"excerpt":{"rendered":"<p>CUMHURBA\u015eKANI RECEP TAYY\u0130P ERDO\u011eAN, RESM\u0130 Z\u0130YARET \u0130\u00c7\u0130N GELD\u0130\u011e\u0130 \u00c7\u0130N\u2019\u0130N BA\u015eKENT\u0130 PEK\u0130N\u2019DE \u00c7\u0130N DEVLET BA\u015eKANI X\u0130 J\u0130NP\u0130NG \u0130LE A\u0130LE FOTO\u011eRAFI \u00c7EKT\u0130RD\u0130.<\/p>\n","protected":false},"author":1,"featured_media":176821,"comment_status":"closed","ping_status":"open","sticky":false,"template":"","format":"standard","meta":{"jetpack_post_was_ever_published":false,"_jetpack_newsletter_access":"","_jetpack_dont_email_post_to_subs":false,"_jetpack_newsletter_tier_id":0,"_jetpack_memberships_contains_paywalled_content":false,"_jetpack_memberships_contains_paid_content":false,"footnotes":"","jetpack_publicize_message":"","jetpack_publicize_feature_enabled":true,"jetpack_social_post_already_shared":true,"jetpack_social_options":{"image_generator_settings":{"template":"highway","default_image_id":0,"font":"","enabled":false},"version":2}},"categories":[10],"tags":[3014,649,42597],"class_list":["post-176820","post","type-post","status-publish","format-standard","has-post-thumbnail","hentry","category-dunya","tag-aile","tag-erdogan","tag-fotografinda"],"jetpack_publicize_connections":[],"jetpack_featured_media_url":"https:\/\/i0.wp.com\/www.tvturk.com\/wp-content\/uploads\/2019\/07\/erdogan-ve-xi-aile-fotografinda_a7ab84f.jpg?fit=1000%2C686","jetpack_sharing_enabled":true,"jetpack_shortlink":"https:\/\/wp.me\/paKIfm-JZW","_links":{"self":[{"href":"http:\/\/www.tvturk.com\/index.php\/wp-json\/wp\/v2\/posts\/176820","targetHints":{"allow":["GET"]}}],"collection":[{"href":"http:\/\/www.tvturk.com\/index.php\/wp-json\/wp\/v2\/posts"}],"about":[{"href":"http:\/\/www.tvturk.com\/index.php\/wp-json\/wp\/v2\/types\/post"}],"author":[{"embeddable":true,"href":"http:\/\/www.tvturk.com\/index.php\/wp-json\/wp\/v2\/users\/1"}],"replies":[{"embeddable":true,"href":"http:\/\/www.tvturk.com\/index.php\/wp-json\/wp\/v2\/comments?post=176820"}],"version-history":[{"count":0,"href":"http:\/\/www.tvturk.com\/index.php\/wp-json\/wp\/v2\/posts\/176820\/revisions"}],"wp:featuredmedia":[{"embeddable":true,"href":"http:\/\/www.tvturk.com\/index.php\/wp-json\/wp\/v2\/media\/176821"}],"wp:attachment":[{"href":"http:\/\/www.tvturk.com\/index.php\/wp-json\/wp\/v2\/media?parent=176820"}],"wp:term":[{"taxonomy":"category","embeddable":true,"href":"http:\/\/www.tvturk.com\/index.php\/wp-json\/wp\/v2\/categories?post=176820"},{"taxonomy":"post_tag","embeddable":true,"href":"http:\/\/www.tvturk.com\/index.php\/wp-json\/wp\/v2\/tags?post=176820"}],"curies":[{"name":"wp","href":"https:\/\/api.w.org\/{rel}","templated":true}]}}