{"id":176834,"date":"2019-07-02T14:31:38","date_gmt":"2019-07-02T11:31:38","guid":{"rendered":"http:\/\/www.tvturk.com\/index.php\/baskan-kilic-o-haber-hakkinda-konustu\/"},"modified":"2019-07-02T14:31:38","modified_gmt":"2019-07-02T11:31:38","slug":"baskan-kilic-o-haber-hakkinda-konustu","status":"publish","type":"post","link":"http:\/\/www.tvturk.com\/index.php\/baskan-kilic-o-haber-hakkinda-konustu\/","title":{"rendered":"Ba\u015fkan K\u0131l\u0131\u00e7 o haber hakk\u0131nda konu\u015ftu"},"content":{"rendered":"<p>Erenler Belediye Ba\u015fkan\u0131 Fevzi K\u0131l\u0131\u00e7, gazeteci Celal Eren \u00c7elik\u2019in \u2018Se\u00e7im ak\u015fam\u0131 \u0130stanbul\u2019dan ayr\u0131lan \u0130BB\u2019ye ait ara\u00e7lardan b\u00fcy\u00fck b\u00f6l\u00fcm\u00fc Sakarya\u2019n\u0131n AKP\u2019li Erenler Belediyesi\u2019nin asfalt \u015fantiyesine \u00e7ekildi\u2019 konulu haberi hakk\u0131nda a\u00e7\u0131klamada bulundu.<\/p>\n<p>Ba\u015fkan Fevzi K\u0131l\u0131\u00e7, \u201c01.07.2019 tarihinde yay\u0131nlanan ve \u0130stanbul B\u00fcy\u00fck\u015fehir Belediyesi\u2019nin i\u015f ara\u00e7lar\u0131n\u0131 konu edinen haber yerel ve ulusal bas\u0131nda yay\u0131nlanm\u0131\u015ft\u0131r. B\u00f6yle bir olay kesinlikle m\u00fcmk\u00fcn olmamakla birlikte bu bir iftirad\u0131r\u201d dedi.<\/p>\n<p>Ba\u015fkan K\u0131l\u0131\u00e7: \u201c\u00d6ncelikle \u015funu belirtmek gerekiyor. Haber i\u00e7eri\u011finde yer alan Erenler Belediyesi Asfalt \u015eantiyesi adl\u0131 bir alan belediyemiz b\u00fcnyesinde yer almamaktad\u0131r. Fen \u0130\u015fleri Park ve Bah\u00e7eler \u015fantiyemiz yer almaktad\u0131r. Ba\u015fka bir belediyeye ait ara\u00e7 veya ara\u00e7lar Erenler Belediyesi s\u0131n\u0131rlar\u0131 i\u00e7erisinde g\u00f6rev almam\u0131\u015ft\u0131r, g\u00f6revlendirilmemi\u015ftir ve do\u011fal olarak herhangi bir alanda da park halinde bekletilmemi\u015ftir\u201d diye konu\u015ftu.<\/p>\n<p>Haberle ilgili gerek duyuldu\u011funda hukuki yollara ba\u015fvurulaca\u011f\u0131n\u0131 belirten Ba\u015fkan Fevzi K\u0131l\u0131\u00e7, \u201c\u0130spata ihtiya\u00e7 duyulan haberle ilgili gerek duyuldu\u011funda hukuki yollara ba\u015fvurulacakt\u0131r. Haber i\u00e7eri\u011fi okundu\u011funda iddialar\u0131n as\u0131ls\u0131z, karalama ve iftira ama\u00e7l\u0131 oldu\u011fu \u00e7ok rahat anla\u015f\u0131lmaktad\u0131r\u201d \u015feklinde konu\u015ftu.<\/p>\n","protected":false},"excerpt":{"rendered":"<p>ERENLER BELED\u0130YE BA\u015eKANI FEVZ\u0130 KILI\u00c7, GAZETEC\u0130 CELAL EREN \u00c7EL\u0130K\u2019\u0130N \u2018SE\u00c7\u0130M AK\u015eAMI \u0130STANBUL&#8217;DAN AYRILAN \u0130BB&#8217;YE A\u0130T ARA\u00c7LARDAN B\u00dcY\u00dcK B\u00d6L\u00dcM\u00dc SAKARYA&#8217;NIN AKP&#8217;L\u0130 ERENLER BELED\u0130YES\u0130&#8217;N\u0130N ASFALT \u015eANT\u0130YES\u0130NE \u00c7EK\u0130LD\u0130\u2019 KONULU HABER\u0130 HAKKINDA A\u00c7IKLAMADA BULUNDU.<\/p>\n","protected":false},"author":1,"featured_media":176835,"comment_status":"closed","ping_status":"open","sticky":false,"template":"","format":"standard","meta":{"jetpack_post_was_ever_published":false,"_jetpack_newsletter_access":"","_jetpack_dont_email_post_to_subs":false,"_jetpack_newsletter_tier_id":0,"_jetpack_memberships_contains_paywalled_content":false,"_jetpack_memberships_contains_paid_content":false,"footnotes":"","jetpack_publicize_message":"","jetpack_publicize_feature_enabled":true,"jetpack_social_post_already_shared":true,"jetpack_social_options":{"image_generator_settings":{"template":"highway","default_image_id":0,"font":"","enabled":false},"version":2}},"categories":[1],"tags":[100,1545,6661,539,4045],"class_list":["post-176834","post","type-post","status-publish","format-standard","has-post-thumbnail","hentry","category-genel","tag-baskan","tag-haber","tag-hakkinda","tag-kilic","tag-konustu"],"jetpack_publicize_connections":[],"jetpack_featured_media_url":"https:\/\/i0.wp.com\/www.tvturk.com\/wp-content\/uploads\/2019\/07\/baskan-kilic-o-haber-hakkinda-konustu_68ce890.jpg?fit=1000%2C502","jetpack_sharing_enabled":true,"jetpack_shortlink":"https:\/\/wp.me\/paKIfm-K0a","_links":{"self":[{"href":"http:\/\/www.tvturk.com\/index.php\/wp-json\/wp\/v2\/posts\/176834","targetHints":{"allow":["GET"]}}],"collection":[{"href":"http:\/\/www.tvturk.com\/index.php\/wp-json\/wp\/v2\/posts"}],"about":[{"href":"http:\/\/www.tvturk.com\/index.php\/wp-json\/wp\/v2\/types\/post"}],"author":[{"embeddable":true,"href":"http:\/\/www.tvturk.com\/index.php\/wp-json\/wp\/v2\/users\/1"}],"replies":[{"embeddable":true,"href":"http:\/\/www.tvturk.com\/index.php\/wp-json\/wp\/v2\/comments?post=176834"}],"version-history":[{"count":0,"href":"http:\/\/www.tvturk.com\/index.php\/wp-json\/wp\/v2\/posts\/176834\/revisions"}],"wp:featuredmedia":[{"embeddable":true,"href":"http:\/\/www.tvturk.com\/index.php\/wp-json\/wp\/v2\/media\/176835"}],"wp:attachment":[{"href":"http:\/\/www.tvturk.com\/index.php\/wp-json\/wp\/v2\/media?parent=176834"}],"wp:term":[{"taxonomy":"category","embeddable":true,"href":"http:\/\/www.tvturk.com\/index.php\/wp-json\/wp\/v2\/categories?post=176834"},{"taxonomy":"post_tag","embeddable":true,"href":"http:\/\/www.tvturk.com\/index.php\/wp-json\/wp\/v2\/tags?post=176834"}],"curies":[{"name":"wp","href":"https:\/\/api.w.org\/{rel}","templated":true}]}}