{"id":176856,"date":"2019-07-02T14:46:41","date_gmt":"2019-07-02T11:46:41","guid":{"rendered":"http:\/\/www.tvturk.com\/index.php\/defne-seruveni-basliyor\/"},"modified":"2019-07-02T14:46:41","modified_gmt":"2019-07-02T11:46:41","slug":"defne-seruveni-basliyor","status":"publish","type":"post","link":"http:\/\/www.tvturk.com\/index.php\/defne-seruveni-basliyor\/","title":{"rendered":"Defne ser\u00fcveni ba\u015fl\u0131yor"},"content":{"rendered":"<p>Orman Genel M\u00fcd\u00fcrl\u00fc\u011f\u00fc, d\u00fcnyan\u0131n ihtiyac\u0131n\u0131n yakla\u015f\u0131k y\u00fczde 85\u2019inin T\u00fcrkiye\u2019den, bunun da yar\u0131s\u0131n\u0131n Karacabey ve Mustafakemalpa\u015fa\u2019dan kar\u015f\u0131land\u0131\u011f\u0131 defne yapra\u011f\u0131 ile ilgili \u00fcretimi art\u0131rma \u00e7al\u0131\u015fmalar\u0131na ba\u015flad\u0131.<\/p>\n<p>Orman Genel M\u00fcd\u00fcrl\u00fc\u011f\u00fc, Karacabey Belediyesi, Mustafakemalpa\u015fa Belediyesi ve Bursa Teknik \u00dcniversitesi i\u015f birli\u011fiyle d\u00fczenlenen, \u201cDefne ser\u00fcveni ba\u015fl\u0131yor\u201d isimli panel b\u00fcy\u00fck ilgi g\u00f6rd\u00fc. Panelde, bu zamana kadar tam anlam\u0131yla fark edilemeyen defne \u00fcretiminin orman k\u00f6yl\u00fcs\u00fc i\u00e7in b\u00fcy\u00fck bir kazan\u00e7 kap\u0131s\u0131 olaca\u011f\u0131 vurguland\u0131. \u0130la\u00e7, kozmetik ve g\u0131da sekt\u00f6r\u00fcnde yayg\u0131n kullan\u0131m\u0131 olan defne bitkisinin yeti\u015ftirilmesi, korunmas\u0131, bak\u0131m\u0131, \u00fcretilmesi, d\u0131\u015f ticaret kapasitesi, pazar pay\u0131 ve artan taleplerin kar\u015f\u0131lanmas\u0131na y\u00f6nelik \u00e7al\u0131\u015fmalar, kaliteli defne yapra\u011f\u0131 \u00fcretilen alanlar\u0131n say\u0131s\u0131n\u0131n art\u0131r\u0131lmas\u0131 konular\u0131nda uzmanlar konu\u015ftu.<\/p>\n<p>Karacabey Ticaret Borsas\u0131 Konferans Salonu\u2019nda ger\u00e7ekle\u015ftirilen panele Bursa Vali Yard\u0131mc\u0131s\u0131 Abidin \u00dcnsal, Karacabey Belediye Ba\u015fkan\u0131 Ali \u00d6zkan, Orman Genel M\u00fcd\u00fcr\u00fc Hayati \u00d6zg\u00fcr, Bursa Orman B\u00f6lge M\u00fcd\u00fcr\u00fc Yal\u00e7\u0131n Ak\u0131n ve Bursa Teknik \u00dcniversitesi Rekt\u00f6r\u00fc Prof. Dr. Arif Karademir\u2019in yan\u0131 s\u0131ra konunun uzman\u0131 \u00f6\u011fretim \u00fcyeleri, Karacabey ve Mustafakemalpa\u015fa\u2019n\u0131n sivil toplum kurulu\u015fu temsilcileri, kooperatifler, muhtarlar ve orman k\u00f6yl\u00fcleri kat\u0131ld\u0131.<\/p>\n<p>Program\u0131n a\u00e7\u0131l\u0131\u015f\u0131nda konu\u015fan Bursa Orman B\u00f6lge M\u00fcd\u00fcr\u00fc Yal\u00e7\u0131n Ak\u0131n, defne \u00fcretimini 30 bin tona y\u00fckselterek, bundan da 25 milyon dolar gelir elde etmeyi hedeflediklerini kaydetti. Defne \u00fcretimine \u00f6ncelik verdiklerini vurgulayan Ak\u0131n, \u201cMustafakemalpa\u015fa ve Karacabey\u2019de rehabilitasyona ve yol yap\u0131m\u0131na ihtiya\u00e7 duyan 74 bin 620 dekar defne saham\u0131z var. Biz bu rehabilitasyonu ger\u00e7ekle\u015ftirdi\u011fimiz zaman y\u0131lda en az 30 bin ton ya\u015f defne \u00fcretebilece\u011fiz ve T\u00fcrkiye genelinde en \u00e7ok defne \u00fcreten il olaca\u011f\u0131z. Bu \u00fcretimle, orman k\u00f6yl\u00fcm\u00fcz y\u0131lda 60 milyon TL, \u00fclkemiz ise 25 milyon dolar gelir elde edecek\u201d dedi.<\/p>\n<p>Tar\u0131m, teknoloji ve turizm yat\u0131r\u0131mlar\u0131ndan olu\u015fan \u201c3T\u201dye vurgu yapan Karacabey Belediye Ba\u015fkan\u0131 Ali \u00d6zkan, bu do\u011frultuda tar\u0131m\u0131 \u00e7ok \u00f6nemsediklerini s\u00f6yledi. Karacabey\u2019in sal\u00e7al\u0131k domateste y\u00fczde 40 ile \u00fclke \u00fcretimine \u00f6nc\u00fcl\u00fck etti\u011fine dikkat \u00e7eken \u00d6zkan, yine hayvan say\u0131s\u0131 bak\u0131m\u0131ndan da il\u00e7enin birinci oldu\u011funu kaydetti. Karacabey\u2019in her anlamda \u00e7ok zengin kaynaklara sahip bir il\u00e7e oldu\u011funa dikkat \u00e7eken \u00d6zkan, \u201cKaracabey\u2019imizde her \u015fey var. Longozumuz var, kestane a\u011fa\u00e7lar\u0131m\u0131z var, \u0131hlamur a\u011fa\u00e7lar\u0131m\u0131z var ve defne a\u011fa\u00e7lar\u0131m\u0131z da var. Belediye olarak il\u00e7emizin t\u00fcm zenginliklerini ortaya \u00e7\u0131karmaya \u00e7al\u0131\u015f\u0131yoruz. Bu kapsamda defne \u00fcretimine de b\u00fcy\u00fck \u00f6nem veriyoruz. Bu alana yap\u0131lacak yat\u0131r\u0131mlar\u0131 her zaman desteklemeye haz\u0131r\u0131z.\u201d diye konu\u015ftu.<\/p>\n<p>B\u00f6yle bir organizasyonun payda\u015f\u0131 olmaktan onur duyduklar\u0131n\u0131 vurgulayan Bursa Teknik \u00dcniversitesi Rekt\u00f6r\u00fc Prof. Dr. Arif Karademir, \u201cT\u00fcm uzmanl\u0131k alanlar\u0131m\u0131zla Bursa\u2019m\u0131z\u0131n emrindeyiz.\u201d dedi.<\/p>\n<p>\u201cDefnede d\u00fcnya markas\u0131 olabiliriz\u201d diyen Karademir, T\u00fcrkiye\u2019nin kendi gelir kaynaklar\u0131na sahip \u00e7\u0131kmas\u0131 gerekti\u011finin de alt\u0131n\u0131 \u00e7izdi.<\/p>\n","protected":false},"excerpt":{"rendered":"<p>ORMAN GENEL M\u00dcD\u00dcRL\u00dc\u011e\u00dc, D\u00dcNYA \u00dcRET\u0130M\u0130N\u0130N YAKLA\u015eIK Y\u00dcZDE 85&#8217;\u0130N\u0130N T\u00dcRK\u0130YE\u2019DEN, BUNUN DA YARISININ KARACABEY VE MUSTAFAKEMALPA\u015eA\u2019DAN KAR\u015eILANDI\u011eI DEFNE YAPRA\u011eI \u0130LE \u0130LG\u0130L\u0130 \u00dcRET\u0130M\u0130 ARTIRMA \u00c7ALI\u015eMALARINA START VERD\u0130.<\/p>\n","protected":false},"author":1,"featured_media":176857,"comment_status":"closed","ping_status":"open","sticky":false,"template":"","format":"standard","meta":{"jetpack_post_was_ever_published":false,"_jetpack_newsletter_access":"","_jetpack_dont_email_post_to_subs":false,"_jetpack_newsletter_tier_id":0,"_jetpack_memberships_contains_paywalled_content":false,"_jetpack_memberships_contains_paid_content":false,"footnotes":"","jetpack_publicize_message":"","jetpack_publicize_feature_enabled":true,"jetpack_social_post_already_shared":true,"jetpack_social_options":{"image_generator_settings":{"template":"highway","default_image_id":0,"font":"","enabled":false},"version":2}},"categories":[1],"tags":[1647,15956,32682],"class_list":["post-176856","post","type-post","status-publish","format-standard","has-post-thumbnail","hentry","category-genel","tag-basliyor","tag-defne","tag-seruveni"],"jetpack_publicize_connections":[],"jetpack_featured_media_url":"https:\/\/i0.wp.com\/www.tvturk.com\/wp-content\/uploads\/2019\/07\/defne-seruveni-basliyor_90b4568.jpg?fit=1000%2C666","jetpack_sharing_enabled":true,"jetpack_shortlink":"https:\/\/wp.me\/paKIfm-K0w","_links":{"self":[{"href":"http:\/\/www.tvturk.com\/index.php\/wp-json\/wp\/v2\/posts\/176856","targetHints":{"allow":["GET"]}}],"collection":[{"href":"http:\/\/www.tvturk.com\/index.php\/wp-json\/wp\/v2\/posts"}],"about":[{"href":"http:\/\/www.tvturk.com\/index.php\/wp-json\/wp\/v2\/types\/post"}],"author":[{"embeddable":true,"href":"http:\/\/www.tvturk.com\/index.php\/wp-json\/wp\/v2\/users\/1"}],"replies":[{"embeddable":true,"href":"http:\/\/www.tvturk.com\/index.php\/wp-json\/wp\/v2\/comments?post=176856"}],"version-history":[{"count":0,"href":"http:\/\/www.tvturk.com\/index.php\/wp-json\/wp\/v2\/posts\/176856\/revisions"}],"wp:featuredmedia":[{"embeddable":true,"href":"http:\/\/www.tvturk.com\/index.php\/wp-json\/wp\/v2\/media\/176857"}],"wp:attachment":[{"href":"http:\/\/www.tvturk.com\/index.php\/wp-json\/wp\/v2\/media?parent=176856"}],"wp:term":[{"taxonomy":"category","embeddable":true,"href":"http:\/\/www.tvturk.com\/index.php\/wp-json\/wp\/v2\/categories?post=176856"},{"taxonomy":"post_tag","embeddable":true,"href":"http:\/\/www.tvturk.com\/index.php\/wp-json\/wp\/v2\/tags?post=176856"}],"curies":[{"name":"wp","href":"https:\/\/api.w.org\/{rel}","templated":true}]}}