{"id":176894,"date":"2019-07-02T15:16:39","date_gmt":"2019-07-02T12:16:39","guid":{"rendered":"http:\/\/www.tvturk.com\/index.php\/kisin-ders-calisip-yazin-koyun-kirkiyorlar\/"},"modified":"2019-07-02T15:16:39","modified_gmt":"2019-07-02T12:16:39","slug":"kisin-ders-calisip-yazin-koyun-kirkiyorlar","status":"publish","type":"post","link":"http:\/\/www.tvturk.com\/index.php\/kisin-ders-calisip-yazin-koyun-kirkiyorlar\/","title":{"rendered":"K\u0131\u015f\u0131n ders \u00e7al\u0131\u015f\u0131p, yaz\u0131n koyun k\u0131rk\u0131yorlar"},"content":{"rendered":"<p>Kayseri\u2019de Erciyes Da\u011f\u0131\u2019n\u0131n eteklerinde bulunan Sindelh\u00f6y\u00fck Mahallesi\u2019nde koyun k\u0131rkma sezonu ba\u015flarken, Dilara ve Zuhal \u00c7obano\u011flu karde\u015fler yaz tatilini ailelerine yard\u0131m ederek ge\u00e7iriyor.<\/p>\n<p>Erciyes Da\u011f\u0131\u2019n\u0131n ete\u011finde bulunan Develi il\u00e7esine ba\u011fl\u0131 Sindelh\u00f6y\u00fck Mahallesi\u2019nde koyun k\u0131rkma sezonu ba\u015flad\u0131. Besiciler sabah\u0131n erken saatlerinde y\u00fczlerce koyunu k\u0131rkmak i\u00e7in i\u015fe koyulurken, y\u00fcn\u00fcn para etmemesinden dert yan\u0131yor. 30 y\u0131ld\u0131r besicilik yapan ve ge\u00e7imini 300 koyun ile sa\u011flayan Nail \u00c7obano\u011flu, &#8220;Bu mevsimler bizim mahallemizde koyunlar\u0131n k\u0131rk\u0131lma zaman\u0131d\u0131r. T\u00fcrkiye\u2019nin \u00e7e\u015fitli illerinde iklimine ve s\u0131cakl\u0131\u011f\u0131na g\u00f6re koyunlar\u0131n k\u0131rk\u0131lma zaman\u0131 de\u011fi\u015fir&#8221; dedi.<\/p>\n<p>Koyunlar\u0131n y\u00fcnlerinin para etmedi\u011finden dert yanan \u00c7obano\u011flu, &#8220;Y\u00fcnlerin kilosu 1 TL. Bir kamyon y\u00fcn\u00fc 600 TL\u2019ye ancak satabiliyoruz. \u00c7ocuklar\u0131m da bu yo\u011fun zamanda bize yard\u0131mc\u0131 oluyorlar. Bir yandan okuyor, bir yandan da bize yard\u0131mc\u0131 oluyorlar&#8221; diye konu\u015ftu.<\/p>\n<p>17 ya\u015f\u0131ndaki lise son s\u0131n\u0131f \u00f6\u011frencisi Zuhal \u00c7obano\u011flu ise, &#8220;Mevsimi geldi\u011finde koyunlar\u0131n k\u0131rkma i\u015fini yap\u0131yoruz. Ailemize yard\u0131mc\u0131 olarak koyunlar\u0131n sa\u011f\u0131m\u0131n\u0131 veya arazide koyunlar\u0131 yayarak \u00e7obanl\u0131k yap\u0131yoruz. Okullar a\u00e7\u0131ld\u0131\u011f\u0131nda ise hafta sonlar\u0131 bu i\u015fleri ailece yap\u0131yoruz&#8221; dedi.<\/p>\n<p>Bu y\u0131l \u00fcniversite s\u0131navlar\u0131na giren 18 ya\u015f\u0131ndaki Dilara \u00c7obano\u011flu da veteriner olmak istedi\u011fini belirterek, &#8220;Aileme yard\u0131mc\u0131 olmay\u0131 \u00e7ok seviyorum. \u00dcniversite s\u0131nav\u0131 iyi ge\u00e7ti. Hedefim veteriner olmak, bunu \u00e7ok istiyorum, \u00e7\u00fcnk\u00fc hayvanlar\u0131 \u00e7ok seviyorum&#8221; dedi.<\/p>\n","protected":false},"excerpt":{"rendered":"<p>KAYSER\u0130&#8217;DE ERC\u0130YES DA\u011eI&#8217;NIN ETEKLER\u0130NDE BULUNAN S\u0130NDELH\u00d6Y\u00dcK MAHALLES\u0130&#8217;NDE KOYUN KIRKMA SEZONU BA\u015eLARKEN, D\u0130LARA VE ZUHAL \u00c7OBANO\u011eLU KARDE\u015eLER YAZ TAT\u0130L\u0130N\u0130 A\u0130LELER\u0130NE YARDIM EDEREK GE\u00c7\u0130R\u0130YOR.<\/p>\n","protected":false},"author":1,"featured_media":176895,"comment_status":"closed","ping_status":"open","sticky":false,"template":"","format":"standard","meta":{"jetpack_post_was_ever_published":false,"_jetpack_newsletter_access":"","_jetpack_dont_email_post_to_subs":false,"_jetpack_newsletter_tier_id":0,"_jetpack_memberships_contains_paywalled_content":false,"_jetpack_memberships_contains_paid_content":false,"footnotes":"","jetpack_publicize_message":"","jetpack_publicize_feature_enabled":true,"jetpack_social_post_already_shared":true,"jetpack_social_options":{"image_generator_settings":{"template":"highway","default_image_id":0,"font":"","enabled":false},"version":2}},"categories":[1],"tags":[43211,5845,20658,43212,6373,36845],"class_list":["post-176894","post","type-post","status-publish","format-standard","has-post-thumbnail","hentry","category-genel","tag-calisip","tag-ders","tag-kisin","tag-kirkiyorlar","tag-koyun","tag-yazin"],"jetpack_publicize_connections":[],"jetpack_featured_media_url":"https:\/\/i0.wp.com\/www.tvturk.com\/wp-content\/uploads\/2019\/07\/kisin-ders-calisip-yazin-koyun-kirkiyorlar_a87cfca.jpg?fit=1000%2C562","jetpack_sharing_enabled":true,"jetpack_shortlink":"https:\/\/wp.me\/paKIfm-K18","_links":{"self":[{"href":"http:\/\/www.tvturk.com\/index.php\/wp-json\/wp\/v2\/posts\/176894","targetHints":{"allow":["GET"]}}],"collection":[{"href":"http:\/\/www.tvturk.com\/index.php\/wp-json\/wp\/v2\/posts"}],"about":[{"href":"http:\/\/www.tvturk.com\/index.php\/wp-json\/wp\/v2\/types\/post"}],"author":[{"embeddable":true,"href":"http:\/\/www.tvturk.com\/index.php\/wp-json\/wp\/v2\/users\/1"}],"replies":[{"embeddable":true,"href":"http:\/\/www.tvturk.com\/index.php\/wp-json\/wp\/v2\/comments?post=176894"}],"version-history":[{"count":0,"href":"http:\/\/www.tvturk.com\/index.php\/wp-json\/wp\/v2\/posts\/176894\/revisions"}],"wp:featuredmedia":[{"embeddable":true,"href":"http:\/\/www.tvturk.com\/index.php\/wp-json\/wp\/v2\/media\/176895"}],"wp:attachment":[{"href":"http:\/\/www.tvturk.com\/index.php\/wp-json\/wp\/v2\/media?parent=176894"}],"wp:term":[{"taxonomy":"category","embeddable":true,"href":"http:\/\/www.tvturk.com\/index.php\/wp-json\/wp\/v2\/categories?post=176894"},{"taxonomy":"post_tag","embeddable":true,"href":"http:\/\/www.tvturk.com\/index.php\/wp-json\/wp\/v2\/tags?post=176894"}],"curies":[{"name":"wp","href":"https:\/\/api.w.org\/{rel}","templated":true}]}}