{"id":176920,"date":"2019-07-02T16:01:26","date_gmt":"2019-07-02T13:01:26","guid":{"rendered":"http:\/\/www.tvturk.com\/index.php\/avustralyada-bombali-saldiri-onlendi\/"},"modified":"2019-07-02T16:01:26","modified_gmt":"2019-07-02T13:01:26","slug":"avustralyada-bombali-saldiri-onlendi","status":"publish","type":"post","link":"http:\/\/www.tvturk.com\/index.php\/avustralyada-bombali-saldiri-onlendi\/","title":{"rendered":"Avustralya\u2019da bombal\u0131 sald\u0131r\u0131 \u00f6nlendi"},"content":{"rendered":"<p>Avustralya ter\u00f6rle m\u00fccadele timlerinin bu sabah ger\u00e7ekle\u015ftirdi\u011fi operasyon ile Sidney \u015fehrinde devlet binalar\u0131 ve el\u00e7iliklere bombal\u0131 sald\u0131r\u0131 planlayan 3 DEA\u015e militan\u0131n\u0131n yakaland\u0131\u011f\u0131 bildirildi.<\/p>\n<p>ABD\u2019nin uzun s\u00fcreli m\u00fcttefiki olan ve 2014 y\u0131l\u0131ndan itibaren yerel radikaller konusunda \u00fcst d\u00fczeyde alarm halinde olan Avustralya polisi, son 5 y\u0131lda 16 sald\u0131r\u0131y\u0131 engelledi. Avustralya polisi bu sabah Sidney\u2019de ger\u00e7ekle\u015ftirdi\u011fi ter\u00f6r operasyonunda devlet binalar\u0131 ve el\u00e7iliklere bombal\u0131 sald\u0131r\u0131 planlayan 3 DEA\u015e militan\u0131n\u0131 yakalad\u0131.<\/p>\n<p>Federal polis yard\u0131mc\u0131 komiserlerinden Ian McCartney, sald\u0131rganlar\u0131n hedefinde karakollar, savunma binalar\u0131, el\u00e7ilik, mahkeme binalar\u0131 ve kiliselerin bulundu\u011funu a\u00e7\u0131klad\u0131. McCartney \u201cToplumun i\u00e7inde hala bize zarar vermek isteyen insanlar bulunuyor. Bu ki\u015filerin \u0130slam\u0131 temsil etmedi\u011fini belirtmeliyim. Bu hareketler kin ve ter\u00f6r\u00fc temsil eden su\u00e7lard\u0131r\u201d dedi. Detayl\u0131 bilgi vermeyen komiser yard\u0131mc\u0131s\u0131, polisin su\u00e7lamalar i\u00e7in yeterli miktarda delil toplad\u0131ktan sonra tutuklamalar\u0131 ger\u00e7ekle\u015ftirdi\u011fini ifade etti. Yar\u0131n mahkemeye \u00e7\u0131kar\u0131lmalar\u0131 beklenen zanl\u0131lar\u0131n isimleri a\u00e7\u0131klanmad\u0131.<\/p>\n<p>McCarthy, sald\u0131r\u0131y\u0131 planlayan zanl\u0131n\u0131n 2018 y\u0131l\u0131n\u0131n ortalar\u0131nda L\u00fcbnan\u2019a seyahatinin ard\u0131ndan takibe al\u0131nd\u0131\u011f\u0131n\u0131 s\u00f6yledi. Sald\u0131r\u0131n\u0131n planlay\u0131c\u0131s\u0131 olarak su\u00e7lu bulunmas\u0131 halinde \u00f6m\u00fcr boyu hapis cezas\u0131yla kar\u015f\u0131 kar\u015f\u0131ya kalmas\u0131 beklenirken, di\u011fer zanl\u0131lar\u0131n ise 10 y\u0131l hapis cezas\u0131 alaca\u011f\u0131 \u00f6ng\u00f6r\u00fcl\u00fcyor.<\/p>\n<p>Polis, zanl\u0131lar\u0131n sosyal medya \u00fczerinden tan\u0131\u015ft\u0131klar\u0131n\u0131 duyurdu. 20 ya\u015f\u0131ndaki zanl\u0131n\u0131n Sidney sald\u0131r\u0131s\u0131na ek olarak DEA\u015e ad\u0131na sava\u015fmak i\u00e7in Afganistan\u2019a gitmeyi planlad\u0131\u011f\u0131, 23 ya\u015f\u0131ndaki di\u011fer zanl\u0131n\u0131n ise d\u00fcnya genelinde \u00e7evrimi\u00e7i radikaller aras\u0131nda \u00f6ne \u00e7\u0131kt\u0131\u011f\u0131 belirtildi. Yakalanan \u00fc\u00e7\u00fcnc\u00fc zanl\u0131n\u0131n ise 30 ya\u015f\u0131nda oldu\u011fu \u00f6\u011frenildi.<\/p>\n","protected":false},"excerpt":{"rendered":"<p>AVUSTRALYA TER\u00d6RLE M\u00dcCADELE T\u0130MLER\u0130N\u0130N BU SABAH GER\u00c7EKLE\u015eT\u0130RD\u0130\u011e\u0130 OPERASYON \u0130LE S\u0130DNEY \u015eEHR\u0130NDE DEVLET B\u0130NALARI VE EL\u00c7\u0130L\u0130KLERE BOMBALI SALDIRI PLANLAYAN 3 DEA\u015e M\u0130L\u0130TANININ YAKALANDI\u011eI B\u0130LD\u0130R\u0130LD\u0130.<\/p>\n","protected":false},"author":1,"featured_media":176921,"comment_status":"closed","ping_status":"open","sticky":false,"template":"","format":"standard","meta":{"jetpack_post_was_ever_published":false,"_jetpack_newsletter_access":"","_jetpack_dont_email_post_to_subs":false,"_jetpack_newsletter_tier_id":0,"_jetpack_memberships_contains_paywalled_content":false,"_jetpack_memberships_contains_paid_content":false,"footnotes":"","jetpack_publicize_message":"","jetpack_publicize_feature_enabled":true,"jetpack_social_post_already_shared":true,"jetpack_social_options":{"image_generator_settings":{"template":"highway","default_image_id":0,"font":"","enabled":false},"version":2}},"categories":[10],"tags":[20140,12971,14842,999],"class_list":["post-176920","post","type-post","status-publish","format-standard","has-post-thumbnail","hentry","category-dunya","tag-avustralyada","tag-bombali","tag-onlendi","tag-saldiri"],"jetpack_publicize_connections":[],"jetpack_featured_media_url":"https:\/\/i0.wp.com\/www.tvturk.com\/wp-content\/uploads\/2019\/07\/avustralyada-bombali-saldiri-onlendi_be24560.jpg?fit=1000%2C666","jetpack_sharing_enabled":true,"jetpack_shortlink":"https:\/\/wp.me\/paKIfm-K1y","_links":{"self":[{"href":"http:\/\/www.tvturk.com\/index.php\/wp-json\/wp\/v2\/posts\/176920","targetHints":{"allow":["GET"]}}],"collection":[{"href":"http:\/\/www.tvturk.com\/index.php\/wp-json\/wp\/v2\/posts"}],"about":[{"href":"http:\/\/www.tvturk.com\/index.php\/wp-json\/wp\/v2\/types\/post"}],"author":[{"embeddable":true,"href":"http:\/\/www.tvturk.com\/index.php\/wp-json\/wp\/v2\/users\/1"}],"replies":[{"embeddable":true,"href":"http:\/\/www.tvturk.com\/index.php\/wp-json\/wp\/v2\/comments?post=176920"}],"version-history":[{"count":0,"href":"http:\/\/www.tvturk.com\/index.php\/wp-json\/wp\/v2\/posts\/176920\/revisions"}],"wp:featuredmedia":[{"embeddable":true,"href":"http:\/\/www.tvturk.com\/index.php\/wp-json\/wp\/v2\/media\/176921"}],"wp:attachment":[{"href":"http:\/\/www.tvturk.com\/index.php\/wp-json\/wp\/v2\/media?parent=176920"}],"wp:term":[{"taxonomy":"category","embeddable":true,"href":"http:\/\/www.tvturk.com\/index.php\/wp-json\/wp\/v2\/categories?post=176920"},{"taxonomy":"post_tag","embeddable":true,"href":"http:\/\/www.tvturk.com\/index.php\/wp-json\/wp\/v2\/tags?post=176920"}],"curies":[{"name":"wp","href":"https:\/\/api.w.org\/{rel}","templated":true}]}}