{"id":176954,"date":"2019-07-02T17:02:21","date_gmt":"2019-07-02T14:02:21","guid":{"rendered":"http:\/\/www.tvturk.com\/index.php\/karatecilerden-8-madalya\/"},"modified":"2019-07-02T17:02:21","modified_gmt":"2019-07-02T14:02:21","slug":"karatecilerden-8-madalya","status":"publish","type":"post","link":"http:\/\/www.tvturk.com\/index.php\/karatecilerden-8-madalya\/","title":{"rendered":"Karatecilerden 8 madalya"},"content":{"rendered":"<p>Bursa B\u00fcy\u00fck\u015fehir Belediyespor Kul\u00fcb\u00fc Karatecileri, Gaziantep\u2019te d\u00fczenlenen \u2018\u00dcmit, Gen\u00e7 21 Ya\u015f alt\u0131 T\u00fcrkiye Karate \u015eampiyonas\u0131\u2019nda 2 birincilik, 1 ikincilik ve 5 \u00fc\u00e7\u00fcnc\u00fcl\u00fck elde etti.<\/p>\n<p>Bursa B\u00fcy\u00fck\u015fehir Belediyespor Kul\u00fcb\u00fc, T\u00fcrkiye\u2019nin en prestijli karate organizasyonlar\u0131ndan biri olan \u00dcmit, Gen\u00e7 ve 21 Ya\u015f alt\u0131 T\u00fcrkiye Karate \u015eampiyonas\u0131 Turnuvas\u0131\u2019nda 8 madalya kazand\u0131. Gaziantep\u2019te 59 ilden 1577 sporcunun kat\u0131ld\u0131\u011f\u0131 turnuvada Bursa B\u00fcy\u00fck\u015fehir Belediyesporlu karateciler g\u00f6z doldurdu. B\u00fcy\u00fck\u015fehirli sporcular \u00fcmitler kategorisinde S\u0131la Balkan ile birincilik, Bengisu \u00c7elik ve G\u00f6rkem Boyac\u0131o\u011flu ile \u00fc\u00e7\u00fcnc\u00fcl\u00fck, gen\u00e7ler kategorisinde Beyza Atalay ile birincilik, Hakan \u00c7elik ile ikincilik, Emir Bu\u011fra Gencan ve Tuba Efe ile \u00fc\u00e7\u00fcnc\u00fcl\u00fck ve 21 Ya\u015f alt\u0131 kategoride ise \u00d6zlem Hast\u00fcrk ile \u00fc\u00e7\u00fcnc\u00fcl\u00fck madalyas\u0131 kazand\u0131. Bursa ekibinden Damla Karab\u00f6cek, Ali G\u00fcney ve Batun Pargan\u2019da kategorilerinde be\u015finci s\u0131rada yer ald\u0131.<\/p>\n<p>Ay-y\u0131ld\u0131z i\u00e7in m\u00fccadele edecekler<\/p>\n<p>Toplamda 8 madalya ile b\u00fcy\u00fck ba\u015far\u0131 g\u00f6steren Bursa B\u00fcy\u00fck\u015fehir Belediyespor kul\u00fcb\u00fc, ilk be\u015f i\u00e7erisinde yer alan 11 sporcusuyla mill\u00ee tak\u0131m se\u00e7melerine kat\u0131lmaya hak kazand\u0131. T\u00fcrkiye Karate Federasyonu taraf\u0131ndan yap\u0131lacak se\u00e7me m\u00fcsabakalar\u0131n\u0131n ard\u0131ndan, ay-y\u0131ld\u0131zl\u0131 armay\u0131 takacak sporcular 23-27 Ekim tarihlerinde \u015eili\u2019de yap\u0131lacak D\u00fcnya \u015eampiyonas\u0131\u2019nda m\u00fccadele edecek.<\/p>\n","protected":false},"excerpt":{"rendered":"<p>BURSA B\u00dcY\u00dcK\u015eEH\u0130R BELED\u0130YESPOR KUL\u00dcB\u00dc KARATEC\u0130LER\u0130, GAZ\u0130ANTEP\u2019TE D\u00dcZENLENEN \u2018\u00dcM\u0130T, GEN\u00c7 21 YA\u015e ALTI T\u00dcRK\u0130YE KARATE \u015eAMP\u0130YONASI\u2019NDA 2 B\u0130R\u0130NC\u0130L\u0130K, 1 \u0130K\u0130NC\u0130L\u0130K VE 5 \u00dc\u00c7\u00dcNC\u00dcL\u00dcK ELDE ETT\u0130.<\/p>\n","protected":false},"author":1,"featured_media":176955,"comment_status":"closed","ping_status":"open","sticky":false,"template":"","format":"standard","meta":{"jetpack_post_was_ever_published":false,"_jetpack_newsletter_access":"","_jetpack_dont_email_post_to_subs":false,"_jetpack_newsletter_tier_id":0,"_jetpack_memberships_contains_paywalled_content":false,"_jetpack_memberships_contains_paid_content":false,"footnotes":"","jetpack_publicize_message":"","jetpack_publicize_feature_enabled":true,"jetpack_social_post_already_shared":true,"jetpack_social_options":{"image_generator_settings":{"template":"highway","default_image_id":0,"font":"","enabled":false},"version":2}},"categories":[657],"tags":[10474,3800],"class_list":["post-176954","post","type-post","status-publish","format-standard","has-post-thumbnail","hentry","category-spor","tag-karatecilerden","tag-madalya"],"jetpack_publicize_connections":[],"jetpack_featured_media_url":"https:\/\/i0.wp.com\/www.tvturk.com\/wp-content\/uploads\/2019\/07\/karatecilerden-8-madalya_6fd640b.jpg?fit=1000%2C666","jetpack_sharing_enabled":true,"jetpack_shortlink":"https:\/\/wp.me\/paKIfm-K26","_links":{"self":[{"href":"http:\/\/www.tvturk.com\/index.php\/wp-json\/wp\/v2\/posts\/176954","targetHints":{"allow":["GET"]}}],"collection":[{"href":"http:\/\/www.tvturk.com\/index.php\/wp-json\/wp\/v2\/posts"}],"about":[{"href":"http:\/\/www.tvturk.com\/index.php\/wp-json\/wp\/v2\/types\/post"}],"author":[{"embeddable":true,"href":"http:\/\/www.tvturk.com\/index.php\/wp-json\/wp\/v2\/users\/1"}],"replies":[{"embeddable":true,"href":"http:\/\/www.tvturk.com\/index.php\/wp-json\/wp\/v2\/comments?post=176954"}],"version-history":[{"count":0,"href":"http:\/\/www.tvturk.com\/index.php\/wp-json\/wp\/v2\/posts\/176954\/revisions"}],"wp:featuredmedia":[{"embeddable":true,"href":"http:\/\/www.tvturk.com\/index.php\/wp-json\/wp\/v2\/media\/176955"}],"wp:attachment":[{"href":"http:\/\/www.tvturk.com\/index.php\/wp-json\/wp\/v2\/media?parent=176954"}],"wp:term":[{"taxonomy":"category","embeddable":true,"href":"http:\/\/www.tvturk.com\/index.php\/wp-json\/wp\/v2\/categories?post=176954"},{"taxonomy":"post_tag","embeddable":true,"href":"http:\/\/www.tvturk.com\/index.php\/wp-json\/wp\/v2\/tags?post=176954"}],"curies":[{"name":"wp","href":"https:\/\/api.w.org\/{rel}","templated":true}]}}