{"id":176956,"date":"2019-07-02T17:02:27","date_gmt":"2019-07-02T14:02:27","guid":{"rendered":"http:\/\/www.tvturk.com\/index.php\/fenerbahcenin-yeni-transfer-kruse-istanbulda\/"},"modified":"2019-07-02T17:02:27","modified_gmt":"2019-07-02T14:02:27","slug":"fenerbahcenin-yeni-transfer-kruse-istanbulda","status":"publish","type":"post","link":"http:\/\/www.tvturk.com\/index.php\/fenerbahcenin-yeni-transfer-kruse-istanbulda\/","title":{"rendered":"Fenerbah\u00e7e\u2019nin yeni transfer Kruse \u0130stanbul\u2019da"},"content":{"rendered":"<p>Fenerbah\u00e7e\u2019nin Werder Bremen\u2019den kadrosuna katt\u0131\u011f\u0131 Alman golc\u00fc Max Kruse, ak\u015fam saatlerinde \u0130stanbul\u2019a indi.<\/p>\n<p>Fenerbah\u00e7e\u2019nin \u00f6nceki ak\u015fam resmi olarak duyurdu\u011fu Max Kruse, \u0130stanbul\u2019a indi. ABD\u2019de tatilini tamamlayan Alman y\u0131ld\u0131z, Toronto\u2019dan kalkan u\u00e7akla \u0130stanbul\u2019a geldi. 31 ya\u015f\u0131ndaki golc\u00fc oyuncunun yar\u0131n sa\u011fl\u0131k kontrollerinden ge\u00e7erek, sar\u0131-lacivertlilerle resmi mukaveleye imza atmas\u0131 bekleniyor.<\/p>\n","protected":false},"excerpt":{"rendered":"<p>FENERBAH\u00c7E\u2019N\u0130N WERDER BREMEN\u2019DEN KADROSUNA KATTI\u011eI ALMAN GOLC\u00dc MAX KRUSE  \u0130STANBUL\u2019A GELD\u0130<\/p>\n","protected":false},"author":1,"featured_media":176957,"comment_status":"closed","ping_status":"open","sticky":false,"template":"","format":"standard","meta":{"jetpack_post_was_ever_published":false,"_jetpack_newsletter_access":"","_jetpack_dont_email_post_to_subs":false,"_jetpack_newsletter_tier_id":0,"_jetpack_memberships_contains_paywalled_content":false,"_jetpack_memberships_contains_paid_content":false,"footnotes":"","jetpack_publicize_message":"","jetpack_publicize_feature_enabled":true,"jetpack_social_post_already_shared":true,"jetpack_social_options":{"image_generator_settings":{"template":"highway","default_image_id":0,"font":"","enabled":false},"version":2}},"categories":[657],"tags":[16658,1268,43228,2518,87],"class_list":["post-176956","post","type-post","status-publish","format-standard","has-post-thumbnail","hentry","category-spor","tag-fenerbahcenin","tag-istanbulda","tag-kruse","tag-transfer","tag-yeni"],"jetpack_publicize_connections":[],"jetpack_featured_media_url":"https:\/\/i0.wp.com\/www.tvturk.com\/wp-content\/uploads\/2019\/07\/fenerbahcenin-yeni-transfer-kruse-istanbulda_b4bb284.jpg?fit=750%2C1000","jetpack_sharing_enabled":true,"jetpack_shortlink":"https:\/\/wp.me\/paKIfm-K28","_links":{"self":[{"href":"http:\/\/www.tvturk.com\/index.php\/wp-json\/wp\/v2\/posts\/176956","targetHints":{"allow":["GET"]}}],"collection":[{"href":"http:\/\/www.tvturk.com\/index.php\/wp-json\/wp\/v2\/posts"}],"about":[{"href":"http:\/\/www.tvturk.com\/index.php\/wp-json\/wp\/v2\/types\/post"}],"author":[{"embeddable":true,"href":"http:\/\/www.tvturk.com\/index.php\/wp-json\/wp\/v2\/users\/1"}],"replies":[{"embeddable":true,"href":"http:\/\/www.tvturk.com\/index.php\/wp-json\/wp\/v2\/comments?post=176956"}],"version-history":[{"count":0,"href":"http:\/\/www.tvturk.com\/index.php\/wp-json\/wp\/v2\/posts\/176956\/revisions"}],"wp:featuredmedia":[{"embeddable":true,"href":"http:\/\/www.tvturk.com\/index.php\/wp-json\/wp\/v2\/media\/176957"}],"wp:attachment":[{"href":"http:\/\/www.tvturk.com\/index.php\/wp-json\/wp\/v2\/media?parent=176956"}],"wp:term":[{"taxonomy":"category","embeddable":true,"href":"http:\/\/www.tvturk.com\/index.php\/wp-json\/wp\/v2\/categories?post=176956"},{"taxonomy":"post_tag","embeddable":true,"href":"http:\/\/www.tvturk.com\/index.php\/wp-json\/wp\/v2\/tags?post=176956"}],"curies":[{"name":"wp","href":"https:\/\/api.w.org\/{rel}","templated":true}]}}