{"id":176968,"date":"2019-07-02T17:31:38","date_gmt":"2019-07-02T14:31:38","guid":{"rendered":"http:\/\/www.tvturk.com\/index.php\/kabristanda-koyun-otlatilmasina-tepki\/"},"modified":"2019-07-02T17:31:38","modified_gmt":"2019-07-02T14:31:38","slug":"kabristanda-koyun-otlatilmasina-tepki","status":"publish","type":"post","link":"http:\/\/www.tvturk.com\/index.php\/kabristanda-koyun-otlatilmasina-tepki\/","title":{"rendered":"Kabristanda koyun otlat\u0131lmas\u0131na tepki"},"content":{"rendered":"<p>\u015eanl\u0131urfa\u2019n\u0131n Siverek il\u00e7esinde kabristana yak\u0131nlar\u0131n\u0131 ziyaret giden vatanda\u015flar, koyun s\u00fcr\u00fcs\u00fcn\u00fcn mezarl\u0131kta otlat\u0131ld\u0131\u011f\u0131n\u0131 g\u00f6r\u00fcnce duruma tepki g\u00f6sterdi.<\/p>\n<p>Siverek il\u00e7esine ba\u011fl\u0131 Ba\u011flar Mahallesi s\u0131n\u0131rlar\u0131 i\u00e7erisinde bulunan Tokdemir Mezarl\u0131\u011f\u0131\u2019nda koyun otlat\u0131lmas\u0131 vatanda\u015flar\u0131n tepkisine yol a\u00e7t\u0131. Bu davran\u0131\u015f\u0131n kabirlere sayg\u0131s\u0131zl\u0131k oldu\u011funu belirten vatanda\u015flar, koyun s\u00fcr\u00fcs\u00fcn\u00fcn mezarl\u0131kta bulunan a\u011fa\u00e7 ve \u00e7i\u00e7eklere de zarar verdi\u011fini iddia etti.<\/p>\n<p>\u0130sminin verilmesini istemeyen bir vatanda\u015f, &#8220;Ben haftada bir babam\u0131n kabrine gelir ve ziyaret ederim, herkes gibi kabrin ba\u015f\u0131nda bir a\u011fa\u00e7 diktim, bir\u00e7ok vatanda\u015f da \u00e7i\u00e7ek dikiyor ama maalesef bug\u00fcn geldi\u011fimizde t\u00fcm mezarl\u0131k aras\u0131nda yay\u0131lan koyun s\u00fcr\u00fcs\u00fc taraf\u0131ndan a\u011fa\u00e7 ve \u00e7i\u00e7eklere zarar verildi\u011fini g\u00f6rd\u00fck. Bu kadar duyars\u0131zl\u0131k ve \u00f6lm\u00fc\u015flere sayg\u0131s\u0131zl\u0131k kabul edilemez. Yetkililerden bir an \u00f6nce buna \u00e7\u00f6z\u00fcm bulmalar\u0131n\u0131 ve bir daha b\u00f6yle bir \u015feyin ya\u015fanmamas\u0131 i\u00e7in tedbir almalar\u0131 \u00e7a\u011fr\u0131s\u0131nda bulunuyorum\u201d diye konu\u015ftu.<\/p>\n","protected":false},"excerpt":{"rendered":"<p>\u015eANLIURFA\u2019NIN S\u0130VEREK \u0130L\u00c7ES\u0130NDE KABR\u0130STANA YAKINLARINI Z\u0130YARET G\u0130DEN VATANDA\u015eLAR, KOYUN S\u00dcR\u00dcS\u00dcN\u00dcN MEZARLIKTA OTLATILDI\u011eINI G\u00d6R\u00dcNCE DURUMA TEPK\u0130 G\u00d6STERD\u0130.<\/p>\n","protected":false},"author":1,"featured_media":176969,"comment_status":"closed","ping_status":"open","sticky":false,"template":"","format":"standard","meta":{"jetpack_post_was_ever_published":false,"_jetpack_newsletter_access":"","_jetpack_dont_email_post_to_subs":false,"_jetpack_newsletter_tier_id":0,"_jetpack_memberships_contains_paywalled_content":false,"_jetpack_memberships_contains_paid_content":false,"footnotes":"","jetpack_publicize_message":"","jetpack_publicize_feature_enabled":true,"jetpack_social_post_already_shared":true,"jetpack_social_options":{"image_generator_settings":{"template":"highway","default_image_id":0,"font":"","enabled":false},"version":2}},"categories":[1],"tags":[43230,6373,43231,961],"class_list":["post-176968","post","type-post","status-publish","format-standard","has-post-thumbnail","hentry","category-genel","tag-kabristanda","tag-koyun","tag-otlatilmasina","tag-tepki"],"jetpack_publicize_connections":[],"jetpack_featured_media_url":"https:\/\/i0.wp.com\/www.tvturk.com\/wp-content\/uploads\/2019\/07\/kabristanda-koyun-otlatilmasina-tepki_332245e.jpg?fit=640%2C389","jetpack_sharing_enabled":true,"jetpack_shortlink":"https:\/\/wp.me\/paKIfm-K2k","_links":{"self":[{"href":"http:\/\/www.tvturk.com\/index.php\/wp-json\/wp\/v2\/posts\/176968","targetHints":{"allow":["GET"]}}],"collection":[{"href":"http:\/\/www.tvturk.com\/index.php\/wp-json\/wp\/v2\/posts"}],"about":[{"href":"http:\/\/www.tvturk.com\/index.php\/wp-json\/wp\/v2\/types\/post"}],"author":[{"embeddable":true,"href":"http:\/\/www.tvturk.com\/index.php\/wp-json\/wp\/v2\/users\/1"}],"replies":[{"embeddable":true,"href":"http:\/\/www.tvturk.com\/index.php\/wp-json\/wp\/v2\/comments?post=176968"}],"version-history":[{"count":0,"href":"http:\/\/www.tvturk.com\/index.php\/wp-json\/wp\/v2\/posts\/176968\/revisions"}],"wp:featuredmedia":[{"embeddable":true,"href":"http:\/\/www.tvturk.com\/index.php\/wp-json\/wp\/v2\/media\/176969"}],"wp:attachment":[{"href":"http:\/\/www.tvturk.com\/index.php\/wp-json\/wp\/v2\/media?parent=176968"}],"wp:term":[{"taxonomy":"category","embeddable":true,"href":"http:\/\/www.tvturk.com\/index.php\/wp-json\/wp\/v2\/categories?post=176968"},{"taxonomy":"post_tag","embeddable":true,"href":"http:\/\/www.tvturk.com\/index.php\/wp-json\/wp\/v2\/tags?post=176968"}],"curies":[{"name":"wp","href":"https:\/\/api.w.org\/{rel}","templated":true}]}}