{"id":176992,"date":"2019-07-02T18:17:10","date_gmt":"2019-07-02T15:17:10","guid":{"rendered":"http:\/\/www.tvturk.com\/index.php\/yalcin-kosukavakin-ekibi-belli-oldu\/"},"modified":"2019-07-02T18:17:10","modified_gmt":"2019-07-02T15:17:10","slug":"yalcin-kosukavakin-ekibi-belli-oldu","status":"publish","type":"post","link":"http:\/\/www.tvturk.com\/index.php\/yalcin-kosukavakin-ekibi-belli-oldu\/","title":{"rendered":"Yal\u00e7\u0131n Ko\u015fukavak\u2019\u0131n ekibi belli oldu"},"content":{"rendered":"<p>Bursaspor\u2019da bug\u00fcn yap\u0131lan imza t\u00f6renin ard\u0131ndan g\u00f6revine ba\u015flayan Teknik Direkt\u00f6r Yal\u00e7\u0131n Ko\u015fukavak\u2019\u0131n ekibi belli oldu.<\/p>\n<p>Bursaspor\u2019da Teknik Direkt\u00f6r Yal\u00e7\u0131n Ko\u015fukavak\u2019\u0131n yard\u0131mc\u0131lar\u0131 belli oldu. Kul\u00fcb\u00fcn resmi internet sitesinden yap\u0131lan a\u00e7\u0131klamada, &#8220;Bug\u00fcn yap\u0131lan imza t\u00f6renin ard\u0131ndan g\u00f6revine ba\u015flayan Teknik Direkt\u00f6r\u00fcm\u00fcz Yal\u00e7\u0131n Ko\u015fukavak\u2019\u0131n ekibi belli oldu. Musa \u00d6zt\u00fcrk Yard\u0131mc\u0131 Antren\u00f6r, Sebahattin Yenilmez Yard\u0131mc\u0131 Antren\u00f6r, Ya\u011f\u0131z \u00c7ekem Analiz Antren\u00f6r\u00fc, Arda Tekin Analiz Antren\u00f6r\u00fc, Mustafa Gedik Kaleci Antren\u00f6r\u00fc, Ramazan Varl\u0131 Atletik Performans Antren\u00f6r\u00fc&#8221; denildi.<\/p>\n","protected":false},"excerpt":{"rendered":"<p>BURSASPOR&#8217;DA BUG\u00dcN YAPILAN \u0130MZA T\u00d6REN\u0130N ARDINDAN G\u00d6REV\u0130NE BA\u015eLAYAN TEKN\u0130K D\u0130REKT\u00d6R YAL\u00c7IN KO\u015eUKAVAK\u2019IN EK\u0130B\u0130 BELL\u0130 OLDU.<\/p>\n","protected":false},"author":1,"featured_media":176993,"comment_status":"closed","ping_status":"open","sticky":false,"template":"","format":"standard","meta":{"jetpack_post_was_ever_published":false,"_jetpack_newsletter_access":"","_jetpack_dont_email_post_to_subs":false,"_jetpack_newsletter_tier_id":0,"_jetpack_memberships_contains_paywalled_content":false,"_jetpack_memberships_contains_paid_content":false,"footnotes":"","jetpack_publicize_message":"","jetpack_publicize_feature_enabled":true,"jetpack_social_post_already_shared":true,"jetpack_social_options":{"image_generator_settings":{"template":"highway","default_image_id":0,"font":"","enabled":false},"version":2}},"categories":[657],"tags":[612,2948,43241,77,4888],"class_list":["post-176992","post","type-post","status-publish","format-standard","has-post-thumbnail","hentry","category-spor","tag-belli","tag-ekibi","tag-kosukavakin","tag-oldu","tag-yalcin"],"jetpack_publicize_connections":[],"jetpack_featured_media_url":"https:\/\/i0.wp.com\/www.tvturk.com\/wp-content\/uploads\/2019\/07\/yalcin-kosukavakin-ekibi-belli-oldu_bff013a.jpg?fit=1000%2C666","jetpack_sharing_enabled":true,"jetpack_shortlink":"https:\/\/wp.me\/paKIfm-K2I","_links":{"self":[{"href":"http:\/\/www.tvturk.com\/index.php\/wp-json\/wp\/v2\/posts\/176992","targetHints":{"allow":["GET"]}}],"collection":[{"href":"http:\/\/www.tvturk.com\/index.php\/wp-json\/wp\/v2\/posts"}],"about":[{"href":"http:\/\/www.tvturk.com\/index.php\/wp-json\/wp\/v2\/types\/post"}],"author":[{"embeddable":true,"href":"http:\/\/www.tvturk.com\/index.php\/wp-json\/wp\/v2\/users\/1"}],"replies":[{"embeddable":true,"href":"http:\/\/www.tvturk.com\/index.php\/wp-json\/wp\/v2\/comments?post=176992"}],"version-history":[{"count":0,"href":"http:\/\/www.tvturk.com\/index.php\/wp-json\/wp\/v2\/posts\/176992\/revisions"}],"wp:featuredmedia":[{"embeddable":true,"href":"http:\/\/www.tvturk.com\/index.php\/wp-json\/wp\/v2\/media\/176993"}],"wp:attachment":[{"href":"http:\/\/www.tvturk.com\/index.php\/wp-json\/wp\/v2\/media?parent=176992"}],"wp:term":[{"taxonomy":"category","embeddable":true,"href":"http:\/\/www.tvturk.com\/index.php\/wp-json\/wp\/v2\/categories?post=176992"},{"taxonomy":"post_tag","embeddable":true,"href":"http:\/\/www.tvturk.com\/index.php\/wp-json\/wp\/v2\/tags?post=176992"}],"curies":[{"name":"wp","href":"https:\/\/api.w.org\/{rel}","templated":true}]}}