{"id":177010,"date":"2019-07-02T19:46:56","date_gmt":"2019-07-02T16:46:56","guid":{"rendered":"http:\/\/www.tvturk.com\/index.php\/turgut-ozal-tip-merkezinden-bir-ilk-daha\/"},"modified":"2019-07-02T19:46:56","modified_gmt":"2019-07-02T16:46:56","slug":"turgut-ozal-tip-merkezinden-bir-ilk-daha","status":"publish","type":"post","link":"http:\/\/www.tvturk.com\/index.php\/turgut-ozal-tip-merkezinden-bir-ilk-daha\/","title":{"rendered":"Turgut \u00d6zal T\u0131p Merkezi\u2019nden bir ilk daha"},"content":{"rendered":"<p>\u0130n\u00f6n\u00fc \u00dcniversitesi Turgut \u00d6zal T\u0131p Merkezi\u2019nde 69 ya\u015f\u0131ndaki hastan\u0131n kalbindeki bo\u015fluk b\u00f6lgede ilk kez ameliyats\u0131z olarak ger\u00e7ekle\u015ftirilen anjiyoyla kapat\u0131ld\u0131.<\/p>\n<p>B\u00f6lgede ilk kez ger\u00e7ekle\u015fen ameliyat sonras\u0131 sa\u011fl\u0131\u011f\u0131na kavu\u015fan hastay\u0131 ziyaret eden \u0130n\u00f6n\u00fc \u00dcniversitesi Rekt\u00f6r\u00fc Prof. Dr. Ahmet K\u0131z\u0131lay, kalbin sol kulak\u00e7\u0131\u011f\u0131nda p\u0131ht\u0131 olu\u015fturan, hareketi azalan ve bo\u015falan bir b\u00f6lgeyi ameliyatla kapat\u0131ld\u0131\u011f\u0131n\u0131 belirtti. Bu ameliyat\u0131n T\u00fcrkiye\u2019de de ve b\u00f6lgede de ilk olan i\u015flemler aras\u0131nda oldu\u011funu ifade eden K\u0131z\u0131lay, \u201cBu, daha \u00f6nce T\u00fcrkiye\u2019de bir ka\u00e7 merkezin, birka\u00e7 hastaya uygulad\u0131\u011f\u0131 bir y\u00f6ntemdi. Hastanemizde, ekibimizin, hocam\u0131z\u0131n ba\u015far\u0131yla yapmalar\u0131 bizi gururland\u0131rd\u0131. Bu, d\u00fcnyada geli\u015fen yeni ne teknoloji varsa ilk uygulayan bir merkez oldu\u011fumuzun da bir g\u00f6stergesidir\u201d dedi.<\/p>\n<p>Kardiyoloji Anabilim Dal\u0131 Ba\u015fkan\u0131 Prof. Dr. Hasan Pekdemir ise \u0130n\u00f6n\u00fc \u00dcniversitesi T\u0131p Fak\u00fcltesi Turgut \u00d6zal T\u0131p Merkezinde ilk defa sol atriyal apendiks denilen kalp bo\u015flu\u011funu ameliyat etmeden anjiyo y\u00f6ntemi ile ba\u015far\u0131l\u0131 bir operasyonla kapatt\u0131klar\u0131n\u0131 belirterek, \u201cBu operasyon Malatya ve b\u00f6lgemizde ilk defa uygulanmaktad\u0131r\u201d ifadelerine yer verdi.<\/p>\n<p>Kalp bo\u015flu\u011funun ritim bozuklu\u011fu olanlarda \u00f6zellikle fel\u00e7 gibi a\u011f\u0131r hastal\u0131klara yol a\u00e7an p\u0131ht\u0131 kayna\u011f\u0131 oldu\u011funu ifade eden Pakdemir, \u201cBu hastalarda embolinin kayna\u011f\u0131 haline gelen kalp kulak\u00e7\u0131\u011f\u0131nda bulunan \u00f6l\u00fc bo\u015flu\u011funu a\u00e7\u0131k kalp cerrahisi y\u00f6ntemiyle kapatmak \u00e7ok zor ve a\u011f\u0131r bir i\u015flemdir. \u00d6zellikle kan suland\u0131r\u0131c\u0131 ila\u00e7 kullanmas\u0131na ra\u011fmen tekrarlayan inme (fel\u00e7) ge\u00e7iren, bu kan suland\u0131r\u0131c\u0131lar y\u00fcz\u00fcnde ciddi beyin veya mide kanamalar\u0131 olan ve bu ciddi kanamalar y\u00fcz\u00fcnden kan suland\u0131r\u0131c\u0131 kullanamayacak hastalara bu operasyonu uyguluyoruz\u201d \u015feklinde konu\u015ftu.<\/p>\n<p>Ameliyat olmadan kalp bo\u015flu\u011fu kapat\u0131lan 69 ya\u015f\u0131ndaki Orhan \u00d6zbek\u2019in sa\u011fl\u0131\u011f\u0131n\u0131n iyi oldu\u011funu belirten Pekdemir, \u201c69 ya\u015f\u0131ndaki hastam\u0131z ritim bozuklu\u011fu sebebiyle fel\u00e7 ge\u00e7irmi\u015f. Kan suland\u0131r\u0131c\u0131 tedavi alt\u0131nda beyin kanamas\u0131 ve tekrarlayan fel\u00e7lik ataklar\u0131 ge\u00e7irmi\u015f ve \u00f6m\u00fcr boyu kan suland\u0131r\u0131c\u0131 kullanmas\u0131 gereken ancak kullanamayan bir hastayd\u0131. Yap\u0131lan N\u00f6roloji ve Kardiyoloji konseyi sonucunda hastam\u0131za a\u00e7\u0131k kalp ameliyat\u0131 uygulamadan anjiyo y\u00f6ntemiyle bu \u00f6l\u00fc kalp bo\u015flu\u011funu minik \u015femsiye benzeri bir cihazla kapatma karar\u0131 ald\u0131k\u201d diye konu\u015ftu.<\/p>\n<p>Prof. Dr. Hasan Pekdemir, ameliyat\u0131 Prof. Dr. J\u00fclide Akaycan, Prof. Dr. Mehmet Cansel ve Do\u00e7. Dr. Hakan Ta\u015folar taraf\u0131ndan olu\u015fan bir kardiyoloji ekibi taraf\u0131ndan yakla\u015f\u0131k 45 dakikada ba\u015far\u0131l\u0131 bir \u015fekilde yapt\u0131klar\u0131n\u0131 belirterek, \u201c\u0130n\u00f6n\u00fc \u00dcniversitesi T\u0131p Fak\u00fcltesi Turgut \u00d6zal T\u0131p Merkezi Kardiyoloji Anabilim olarak s\u00fcrekli ilklerin \u00f6nc\u00fcs\u00fc olduk. \u0130n\u00f6n\u00fc \u00dcniversitesi T\u0131p Fak\u00fcltesi Turgut \u00d6zal T\u0131p Merkezi ilk kuruldu\u011fundan bug\u00fcne Kardiyoloji b\u00f6l\u00fcm\u00fc olarak s\u00fcrekli kendini yenileyen ve d\u00fcnyadaki t\u00fcm uygulamalar\u0131 eksiksiz uygulayan bir b\u00f6l\u00fcmd\u00fcr. Ayr\u0131ca Turgut \u00d6zal T\u0131p Merkezi \u00e7ok ba\u015far\u0131l\u0131 kalp cerrahisi b\u00f6l\u00fcm\u00fcne sahiptir. Merkezde d\u00fcnya \u00e7ap\u0131ndaki t\u00fcm uygulamalar kesintisiz ve eksiksiz kalp cerrahisi deste\u011fiyle yap\u0131lmaktad\u0131r\u201d ifadelerine yer verdi.<\/p>\n","protected":false},"excerpt":{"rendered":"<p>\u0130N\u00d6N\u00dc \u00dcN\u0130VERS\u0130TES\u0130 TURGUT \u00d6ZAL TIP MERKEZ\u0130\u2019NDE 69 YA\u015eINDAK\u0130 HASTANIN KALB\u0130NDEK\u0130 BO\u015eLUK B\u00d6LGEDE \u0130LK KEZ AMEL\u0130YATSIZ OLARAK GER\u00c7EKLE\u015eT\u0130R\u0130LEN ANJ\u0130YOYLA KAPATILDI.<\/p>\n","protected":false},"author":1,"featured_media":177011,"comment_status":"closed","ping_status":"open","sticky":false,"template":"","format":"standard","meta":{"jetpack_post_was_ever_published":false,"_jetpack_newsletter_access":"","_jetpack_dont_email_post_to_subs":false,"_jetpack_newsletter_tier_id":0,"_jetpack_memberships_contains_paywalled_content":false,"_jetpack_memberships_contains_paid_content":false,"footnotes":"","jetpack_publicize_message":"","jetpack_publicize_feature_enabled":true,"jetpack_social_post_already_shared":true,"jetpack_social_options":{"image_generator_settings":{"template":"highway","default_image_id":0,"font":"","enabled":false},"version":2}},"categories":[1],"tags":[24357,125,1018,37,12517,24358,4657],"class_list":["post-177010","post","type-post","status-publish","format-standard","has-post-thumbnail","hentry","category-genel","tag-turgut","tag-bir","tag-daha","tag-ilk","tag-merkezinden","tag-ozal","tag-tip"],"jetpack_publicize_connections":[],"jetpack_featured_media_url":"https:\/\/i0.wp.com\/www.tvturk.com\/wp-content\/uploads\/2019\/07\/turgut-ozal-tip-merkezinden-bir-ilk-daha_6fe44e7.jpg?fit=1000%2C688","jetpack_sharing_enabled":true,"jetpack_shortlink":"https:\/\/wp.me\/paKIfm-K30","_links":{"self":[{"href":"http:\/\/www.tvturk.com\/index.php\/wp-json\/wp\/v2\/posts\/177010","targetHints":{"allow":["GET"]}}],"collection":[{"href":"http:\/\/www.tvturk.com\/index.php\/wp-json\/wp\/v2\/posts"}],"about":[{"href":"http:\/\/www.tvturk.com\/index.php\/wp-json\/wp\/v2\/types\/post"}],"author":[{"embeddable":true,"href":"http:\/\/www.tvturk.com\/index.php\/wp-json\/wp\/v2\/users\/1"}],"replies":[{"embeddable":true,"href":"http:\/\/www.tvturk.com\/index.php\/wp-json\/wp\/v2\/comments?post=177010"}],"version-history":[{"count":0,"href":"http:\/\/www.tvturk.com\/index.php\/wp-json\/wp\/v2\/posts\/177010\/revisions"}],"wp:featuredmedia":[{"embeddable":true,"href":"http:\/\/www.tvturk.com\/index.php\/wp-json\/wp\/v2\/media\/177011"}],"wp:attachment":[{"href":"http:\/\/www.tvturk.com\/index.php\/wp-json\/wp\/v2\/media?parent=177010"}],"wp:term":[{"taxonomy":"category","embeddable":true,"href":"http:\/\/www.tvturk.com\/index.php\/wp-json\/wp\/v2\/categories?post=177010"},{"taxonomy":"post_tag","embeddable":true,"href":"http:\/\/www.tvturk.com\/index.php\/wp-json\/wp\/v2\/tags?post=177010"}],"curies":[{"name":"wp","href":"https:\/\/api.w.org\/{rel}","templated":true}]}}