{"id":177024,"date":"2019-07-02T20:32:21","date_gmt":"2019-07-02T17:32:21","guid":{"rendered":"http:\/\/www.tvturk.com\/index.php\/eskisehirsporda-yeni-sezon-hazirliklari-basladi\/"},"modified":"2019-07-02T20:32:21","modified_gmt":"2019-07-02T17:32:21","slug":"eskisehirsporda-yeni-sezon-hazirliklari-basladi","status":"publish","type":"post","link":"http:\/\/www.tvturk.com\/index.php\/eskisehirsporda-yeni-sezon-hazirliklari-basladi\/","title":{"rendered":"Eski\u015fehirspor\u2019da yeni sezon haz\u0131rl\u0131klar\u0131 ba\u015flad\u0131"},"content":{"rendered":"<p>2019-2020 S\u00fcper Lig Cemil Usta sezonu haz\u0131rl\u0131klar\u0131na bug\u00fcn yapt\u0131\u011f\u0131 antrenmanla ba\u015flayan Eski\u015fehirspor\u2019da Teknik Direkt\u00f6r Fuat \u00c7apa, futbolculara gelen transfer teklifleri ve kamp \u00e7al\u0131\u015fmalar\u0131 hakk\u0131nda \u00f6nemli a\u00e7\u0131klamalarda bulundu.<\/p>\n<p>Spor Toto 1. Lig ekiplerinden Eski\u015fehirspor, yeni sezon haz\u0131rl\u0131klar\u0131 i\u00e7in gidece\u011fi Polonya kamp\u0131 \u00f6ncesi Eski\u015fehir\u2019de \u00e7al\u0131\u015fmalara ba\u015flad\u0131. Vali Hanefi Demirkol Tesisleri\u2019nde yap\u0131lan antrenman bas\u0131na a\u00e7\u0131k ger\u00e7ekle\u015fti. D\u00fcz ko\u015fu ve \u0131s\u0131nma \u00e7al\u0131\u015fmalar\u0131yla ba\u015flayan idmanda oyuncular ne\u015feli bir g\u00f6r\u00fcnt\u00fc \u00e7izerken, Teknik Direkt\u00f6r Fuat \u00c7apa\u2019n\u0131n futbolcularla yak\u0131n diyalo\u011fu da dikkat \u00e7ekti. \u00d6te yandan \u00e7al\u0131\u015fmalara izinli olan Kamal Issah, Marko Milinkovic, Ibrahim Sissoko ve Jesse kat\u0131lmad\u0131.<\/p>\n<p>\u201c6 puanl\u0131k fark \u00e7ok b\u00fcy\u00fck bir fark de\u011fil\u201d<\/p>\n<p>Yeni sezona ge\u00e7mi\u015f d\u00f6nem bor\u00e7lar\u0131 nedeniyle eksi 6 puan cezas\u0131 ile ba\u015flayacak siyah-k\u0131rm\u0131z\u0131l\u0131larda Teknik Direkt\u00f6r Fuat \u00c7apa, bu durumun \u00e7ok b\u00fcy\u00fck bir fark ortaya \u00e7\u0131karmad\u0131\u011f\u0131n\u0131 ifade etti. Eski\u015fehirspor olarak de\u011fi\u015fik hedefler \u00fcstlenilmesi gerekti\u011fini dile getiren \u00c7apa, \u201cBu sezon ge\u00e7ti\u011fimiz sezondan daha kolay olmayacak bizim ad\u0131m\u0131za. Hepimizin amac\u0131 Eski\u015fehirspor\u2019un bir an \u00f6nce d\u00fczl\u00fc\u011fe \u00e7\u0131kabilmesi. Bunun i\u00e7in el birli\u011fi ile sahiplenirsek i\u015fimizi kolayla\u015ft\u0131rm\u0131\u015f oluruz. \u00dcmit edelim g\u00fczel bir sezon bitiririz. Tabii \u00fcz\u00fcc\u00fc bir \u015fey, ge\u00e7ti\u011fimiz sezon transfer tahtas\u0131yla ilgili \u00fcmitlenmi\u015ftik. Olmad\u0131, ondan sonra ba\u015flad\u0131k. Biraz \u00f6nce arkada\u015flara s\u00f6yledim, ilk 8 haftada sadece 4 puan alm\u0131\u015f\u0131z. Sezonu bitirdi\u011fimiz kadroyla tekrar bu sezona ba\u015flayabilirsek 6 puanl\u0131k fark \u00e7ok b\u00fcy\u00fck bir fark de\u011fil. \u0130stedi\u011finiz mevkilere transfer yapam\u0131yorsunuz, eksiklerinizi tak\u0131m i\u00e7erisindeki rekabeti olu\u015fturam\u0131yorsunuz. Nedenlerini s\u00f6ylememe gerek yok. Di\u011fer taraftan eksi 6 oldu\u011fu zaman sizin i\u00e7in handikap. Bizim Eski\u015fehirspor olarak de\u011fi\u015fik hedefler, de\u011fi\u015fik misyonlar \u00fcstlenmemiz gerekiyor bundan sonraki s\u00fcre\u00e7te\u201d ifadelerini kulland\u0131.<\/p>\n<p>\u201cPuan silme cezas\u0131n\u0131 giderebilmek i\u00e7in maddiyata ihtiyac\u0131m\u0131z var\u201d<\/p>\n<p>Transfer tahtas\u0131n\u0131 ve puan silme cezas\u0131n\u0131 giderebilmek i\u00e7in maddiyata ihtiya\u00e7 oldu\u011funu ve bunun tek yolunun oyuncu satmak oldu\u011funu s\u00f6zlerine ekleyen Fuat \u00c7apa, \u201cGe\u00e7ti\u011fimiz sezon devre aras\u0131nda Cemali Sertel sayesinde transferi a\u00e7t\u0131k. Bizim tekrar transfer tahtas\u0131n\u0131 a\u00e7abilmemiz i\u00e7in, puan silme cezas\u0131n\u0131 giderebilmek i\u00e7in maddiyata ihtiyac\u0131m\u0131z var. Bunun da iki tane yolu var. Birileri \u00e7\u0131k\u0131p, bizim bu kadar param\u0131z var deyip Eski\u015fehirspor\u2019a verecek, ihtimal \u00e7ok zay\u0131f. Di\u011fer taraftan da buradaki fabrikay\u0131 g\u00fczel bir \u015fekilde i\u015fletip, piyasaya sunup, oradan gelecek olan b\u00fct\u00e7eyle transfer tahtas\u0131n\u0131 a\u00e7mak, cezalar\u0131 silmek ve sorunsuz bir \u015fekilde sezona ba\u015flayabilmek. Siz de \u015fu anda karamsars\u0131n\u0131z. Bundan sonraki s\u00fcre\u00e7te acaba ikinci bir eksi 6 gelecek mi, eksi 3 ne olacak? Hep bu soru i\u015faretleri var kafam\u0131zda. Bunlar\u0131 bir kenara b\u0131rakmam\u0131z gerekiyor. Bunun da iki yolu var dedim. Birinci yol bug\u00fcne kadar olmad\u0131\u011f\u0131na g\u00f6re ikinci yolu deneyece\u011fiz. Bizim ba\u015fka yolumuz yok\u201d \u015feklinde konu\u015ftu.<\/p>\n<p>\u201cBelirli bir \u00f6deme yap\u0131ld\u0131ktan sonra hepsi burada olacakt\u0131r\u201d<\/p>\n<p>Eski\u015fehir\u2019de yap\u0131lan yeni sezon haz\u0131rl\u0131klar\u0131na kat\u0131lmayan yabanc\u0131 futbolcular hakk\u0131nda da konu\u015fan tecr\u00fcbeli teknik adam, bir \u00e7o\u011fuyla g\u00f6r\u00fc\u015fmeler yapt\u0131\u011f\u0131n\u0131 ve cuma g\u00fcn\u00fc tak\u0131ma kat\u0131lacaklar\u0131n\u0131 belirtti. Emre G\u00fcral\u2019a belirli miktar kaynak olu\u015fturuldu\u011funda onun da tak\u0131ma d\u00f6nece\u011fini ifade eden \u00c7apa, \u201cOyuncular\u0131m\u0131z\u0131n hepsiyle bire bir konu\u015ftum, \u00f6zellikle yabanc\u0131larla. Jesse, cuma g\u00fcne bizimle beraber olacak. Marko Milinkovic ve Kamal ayn\u0131 \u015fekilde. Sissoko bizden biraz zaman istedi. Kay\u0131nvalidesi vefat etti. 7 g\u00fcnl\u00fck bir s\u00fcre istedi. O da nasip olursa \u00f6n\u00fcm\u00fczdeki g\u00fcnlerde tekrar aram\u0131za kat\u0131lacak. Emre ile de g\u00f6r\u00fc\u015ft\u00fcm. Sonu\u00e7ta arkada\u015flar\u0131m\u0131z i\u015flerini profesyonel yap\u0131yor. Kul\u00fcb\u00fcn s\u0131k\u0131nt\u0131lar\u0131n\u0131 biliyorlar ama belirli bir \u00f6deme yap\u0131ld\u0131ktan sonra hepsi burada olacakt\u0131r. Emre ile ge\u00e7ti\u011fimiz hafta g\u00f6r\u00fc\u015ft\u00fcm hatta g\u00f6r\u00fc\u015fme \u00e7ok iyi ge\u00e7ti. \u00c7ok b\u00fcy\u00fck bir kaynak de\u011fil e\u011fer kayna\u011f\u0131 olu\u015fturabilirsek Emre\u2019yi de en k\u0131sa zamanda aram\u0131zda g\u00f6rece\u011fiz\u201d dedi.<\/p>\n<p>\u201cPolonya ve Afyon kamp\u0131 Be\u015fikta\u015f kul\u00fcb\u00fc i\u00e7in organize edilmi\u015f bir kampt\u0131\u201d<\/p>\n<p>Polonya ve Afyon\u2019da yap\u0131lacak olan yeni sezon haz\u0131rl\u0131klar\u0131n\u0131n tesad\u00fcf bir \u015fekilde Be\u015fikta\u015f\u2019\u0131n son anda Japonya\u2019ya gitmesi ile ger\u00e7ekle\u015fti\u011fini a\u00e7\u0131klayan Fuat \u00c7apa, s\u00f6zlerine \u015fu \u015fekilde son verdi:<\/p>\n<p>\u201cBizim Polonya ve Afyon kamp\u0131, Be\u015fikta\u015f Kul\u00fcb\u00fc i\u00e7in organize edilmi\u015f bir kampt\u0131. Bundan 2 hafta \u00f6nce bir arkada\u015f beni arad\u0131. Be\u015fikta\u015f i\u00e7in kamp s\u00fcreci ayarlad\u0131klar\u0131n\u0131, Be\u015fikta\u015f\u2019a Japonya\u2019dan iyi bir teklif geldi\u011fini, bundan dolay\u0131 da onlar\u0131n oraya gitti\u011fini s\u00f6yledi. \u2019Oran\u0131n paras\u0131 \u00f6dendi, size herhangi bir maliyet olmayacak, siz gitmek isterseniz bunu size sunmak isterim\u2019 dedi. Biz de kendisine te\u015fekk\u00fcr ettik. Y\u00f6netime gelip program\u0131 anlatt\u0131m. Y\u00f6netimimiz de tamam dedi ve o \u015fekilde ger\u00e7ekle\u015fti.\u201d<\/p>\n","protected":false},"excerpt":{"rendered":"<p>ESK\u0130\u015eEH\u0130RSPOR\u2019DA YEN\u0130 SEZON HAZIRLIKLARI BA\u015eLADI.<\/p>\n","protected":false},"author":1,"featured_media":177025,"comment_status":"closed","ping_status":"open","sticky":false,"template":"","format":"standard","meta":{"jetpack_post_was_ever_published":false,"_jetpack_newsletter_access":"","_jetpack_dont_email_post_to_subs":false,"_jetpack_newsletter_tier_id":0,"_jetpack_memberships_contains_paywalled_content":false,"_jetpack_memberships_contains_paid_content":false,"footnotes":"","jetpack_publicize_message":"","jetpack_publicize_feature_enabled":true,"jetpack_social_post_already_shared":true,"jetpack_social_options":{"image_generator_settings":{"template":"highway","default_image_id":0,"font":"","enabled":false},"version":2}},"categories":[657],"tags":[55,2066,3026,4954,87],"class_list":["post-177024","post","type-post","status-publish","format-standard","has-post-thumbnail","hentry","category-spor","tag-basladi","tag-eskisehirsporda","tag-hazirliklari","tag-sezon","tag-yeni"],"jetpack_publicize_connections":[],"jetpack_featured_media_url":"https:\/\/i0.wp.com\/www.tvturk.com\/wp-content\/uploads\/2019\/07\/eskisehirsporda-yeni-sezon-hazirliklari-basladi_4fc1ab6.jpg?fit=1000%2C666","jetpack_sharing_enabled":true,"jetpack_shortlink":"https:\/\/wp.me\/paKIfm-K3e","_links":{"self":[{"href":"http:\/\/www.tvturk.com\/index.php\/wp-json\/wp\/v2\/posts\/177024","targetHints":{"allow":["GET"]}}],"collection":[{"href":"http:\/\/www.tvturk.com\/index.php\/wp-json\/wp\/v2\/posts"}],"about":[{"href":"http:\/\/www.tvturk.com\/index.php\/wp-json\/wp\/v2\/types\/post"}],"author":[{"embeddable":true,"href":"http:\/\/www.tvturk.com\/index.php\/wp-json\/wp\/v2\/users\/1"}],"replies":[{"embeddable":true,"href":"http:\/\/www.tvturk.com\/index.php\/wp-json\/wp\/v2\/comments?post=177024"}],"version-history":[{"count":0,"href":"http:\/\/www.tvturk.com\/index.php\/wp-json\/wp\/v2\/posts\/177024\/revisions"}],"wp:featuredmedia":[{"embeddable":true,"href":"http:\/\/www.tvturk.com\/index.php\/wp-json\/wp\/v2\/media\/177025"}],"wp:attachment":[{"href":"http:\/\/www.tvturk.com\/index.php\/wp-json\/wp\/v2\/media?parent=177024"}],"wp:term":[{"taxonomy":"category","embeddable":true,"href":"http:\/\/www.tvturk.com\/index.php\/wp-json\/wp\/v2\/categories?post=177024"},{"taxonomy":"post_tag","embeddable":true,"href":"http:\/\/www.tvturk.com\/index.php\/wp-json\/wp\/v2\/tags?post=177024"}],"curies":[{"name":"wp","href":"https:\/\/api.w.org\/{rel}","templated":true}]}}