{"id":177038,"date":"2019-07-02T21:47:07","date_gmt":"2019-07-02T18:47:07","guid":{"rendered":"http:\/\/www.tvturk.com\/index.php\/fenerbahcede-yeni-sezon-hazirliklari-suruyor\/"},"modified":"2019-07-02T21:47:07","modified_gmt":"2019-07-02T18:47:07","slug":"fenerbahcede-yeni-sezon-hazirliklari-suruyor","status":"publish","type":"post","link":"http:\/\/www.tvturk.com\/index.php\/fenerbahcede-yeni-sezon-hazirliklari-suruyor\/","title":{"rendered":"Fenerbah\u00e7e\u2019de yeni sezon haz\u0131rl\u0131klar\u0131 s\u00fcr\u00fcyor"},"content":{"rendered":"<p>Fenerbah\u00e7e, 2019-20 Spor Toto S\u00fcper Lig Cemil Usta sezonunun haz\u0131rl\u0131klar\u0131n\u0131 bug\u00fcn ak\u015fam saatlerinde yapt\u0131\u011f\u0131 antrenmanla s\u00fcrd\u00fcrd\u00fc.<\/p>\n<p>Teknik Direkt\u00f6r Ersun Yanal y\u00f6netiminde Fenerbah\u00e7e Can Bartu Tesisleri\u2019nde ger\u00e7ekle\u015ftirilen antrenman saat 18.30\u2019da ba\u015flad\u0131. Ko\u015fu, \u0131s\u0131nma ve koordinasyon hareketleriyle ba\u015flayan idman, iki grup halinde yap\u0131lan dar alanda pas \u00e7al\u0131\u015fmalar\u0131n\u0131n ard\u0131ndan topla dayan\u0131kl\u0131l\u0131k b\u00f6l\u00fcm\u00fcyle sona erdi.<\/p>\n","protected":false},"excerpt":{"rendered":"<p>FENERBAH\u00c7E, 2019-20 SPOR TOTO S\u00dcPER L\u0130G CEM\u0130L USTA SEZONUNUN HAZIRLIKLARINI BUG\u00dcN AK\u015eAM SAATLER\u0130NDE YAPTI\u011eI ANTRENMANLA S\u00dcRD\u00dcRD\u00dc.<\/p>\n","protected":false},"author":1,"featured_media":177039,"comment_status":"closed","ping_status":"open","sticky":false,"template":"","format":"standard","meta":{"jetpack_post_was_ever_published":false,"_jetpack_newsletter_access":"","_jetpack_dont_email_post_to_subs":false,"_jetpack_newsletter_tier_id":0,"_jetpack_memberships_contains_paywalled_content":false,"_jetpack_memberships_contains_paid_content":false,"footnotes":"","jetpack_publicize_message":"","jetpack_publicize_feature_enabled":true,"jetpack_social_post_already_shared":true,"jetpack_social_options":{"image_generator_settings":{"template":"highway","default_image_id":0,"font":"","enabled":false},"version":2}},"categories":[657],"tags":[5570,3026,4954,1836,87],"class_list":["post-177038","post","type-post","status-publish","format-standard","has-post-thumbnail","hentry","category-spor","tag-fenerbahcede","tag-hazirliklari","tag-sezon","tag-suruyor","tag-yeni"],"jetpack_publicize_connections":[],"jetpack_featured_media_url":"https:\/\/i0.wp.com\/www.tvturk.com\/wp-content\/uploads\/2019\/07\/fenerbahcede-yeni-sezon-hazirliklari-suruyor_d7152ba.jpg?fit=1000%2C725","jetpack_sharing_enabled":true,"jetpack_shortlink":"https:\/\/wp.me\/paKIfm-K3s","_links":{"self":[{"href":"http:\/\/www.tvturk.com\/index.php\/wp-json\/wp\/v2\/posts\/177038","targetHints":{"allow":["GET"]}}],"collection":[{"href":"http:\/\/www.tvturk.com\/index.php\/wp-json\/wp\/v2\/posts"}],"about":[{"href":"http:\/\/www.tvturk.com\/index.php\/wp-json\/wp\/v2\/types\/post"}],"author":[{"embeddable":true,"href":"http:\/\/www.tvturk.com\/index.php\/wp-json\/wp\/v2\/users\/1"}],"replies":[{"embeddable":true,"href":"http:\/\/www.tvturk.com\/index.php\/wp-json\/wp\/v2\/comments?post=177038"}],"version-history":[{"count":0,"href":"http:\/\/www.tvturk.com\/index.php\/wp-json\/wp\/v2\/posts\/177038\/revisions"}],"wp:featuredmedia":[{"embeddable":true,"href":"http:\/\/www.tvturk.com\/index.php\/wp-json\/wp\/v2\/media\/177039"}],"wp:attachment":[{"href":"http:\/\/www.tvturk.com\/index.php\/wp-json\/wp\/v2\/media?parent=177038"}],"wp:term":[{"taxonomy":"category","embeddable":true,"href":"http:\/\/www.tvturk.com\/index.php\/wp-json\/wp\/v2\/categories?post=177038"},{"taxonomy":"post_tag","embeddable":true,"href":"http:\/\/www.tvturk.com\/index.php\/wp-json\/wp\/v2\/tags?post=177038"}],"curies":[{"name":"wp","href":"https:\/\/api.w.org\/{rel}","templated":true}]}}