{"id":177044,"date":"2019-07-02T23:02:17","date_gmt":"2019-07-02T20:02:17","guid":{"rendered":"http:\/\/www.tvturk.com\/index.php\/kasimpasada-yeni-sezon-hazirliklari-basladi\/"},"modified":"2019-07-02T23:02:17","modified_gmt":"2019-07-02T20:02:17","slug":"kasimpasada-yeni-sezon-hazirliklari-basladi","status":"publish","type":"post","link":"http:\/\/www.tvturk.com\/index.php\/kasimpasada-yeni-sezon-hazirliklari-basladi\/","title":{"rendered":"Kas\u0131mpa\u015fa\u2019da yeni sezon haz\u0131rl\u0131klar\u0131 ba\u015flad\u0131"},"content":{"rendered":"<p>Kas\u0131mpa\u015fa, 2019-2020 S\u00fcper Lig Cemil Usta sezonu haz\u0131rl\u0131klar\u0131na bug\u00fcn ak\u015fam saatlerinde yapt\u0131\u011f\u0131 antrenmanla ba\u015flad\u0131.<\/p>\n<p>Kemerburgaz Kas\u0131mpa\u015fa Spor Tesisleri\u2019nde Teknik Direkt\u00f6r Kemal \u00d6zde\u015f y\u00f6netiminde ger\u00e7ekle\u015ftirilen idmana oyuncular, v\u00fccut a\u011f\u0131rl\u0131\u011f\u0131 ve kuvvet antrenmanlar\u0131yla ba\u015flay\u0131p, pas \u00e7al\u0131\u015fmalar\u0131yla devam etti. Antrenman, dayan\u0131kl\u0131l\u0131k ko\u015fu \u00e7al\u0131\u015fmalar\u0131yla sona erdi.<\/p>\n<p>Afrika Kupas\u0131\u2019nda g\u00f6rev alan Trezeguet ve Koita\u2019n\u0131n yan\u0131 s\u0131ra izinli olan Veysel Sar\u0131, Ramazan K\u00f6se, \u00d6zg\u00fcr \u00c7ek ve \u0130lhan Depe antrenmana kat\u0131lmad\u0131.<\/p>\n<p>Kas\u0131mpa\u015fa, yar\u0131n saat 09.00 ve 19.00\u2019da yapaca\u011f\u0131 idmanlar ile \u00e7al\u0131\u015fmalar\u0131na devam edecek.<\/p>\n","protected":false},"excerpt":{"rendered":"<p>KASIMPA\u015eA, 2019-2020 S\u00dcPER L\u0130G CEM\u0130L USTA SEZONU HAZIRLIKLARINA BUG\u00dcN AK\u015eAM SAATLER\u0130NDE YAPTI\u011eI ANTRENMANLA BA\u015eLADI.<\/p>\n","protected":false},"author":1,"featured_media":177045,"comment_status":"closed","ping_status":"open","sticky":false,"template":"","format":"standard","meta":{"jetpack_post_was_ever_published":false,"_jetpack_newsletter_access":"","_jetpack_dont_email_post_to_subs":false,"_jetpack_newsletter_tier_id":0,"_jetpack_memberships_contains_paywalled_content":false,"_jetpack_memberships_contains_paid_content":false,"footnotes":"","jetpack_publicize_message":"","jetpack_publicize_feature_enabled":true,"jetpack_social_post_already_shared":true,"jetpack_social_options":{"image_generator_settings":{"template":"highway","default_image_id":0,"font":"","enabled":false},"version":2}},"categories":[657],"tags":[55,3026,28678,4954,87],"class_list":["post-177044","post","type-post","status-publish","format-standard","has-post-thumbnail","hentry","category-spor","tag-basladi","tag-hazirliklari","tag-kasimpasada","tag-sezon","tag-yeni"],"jetpack_publicize_connections":[],"jetpack_featured_media_url":"https:\/\/i0.wp.com\/www.tvturk.com\/wp-content\/uploads\/2019\/07\/kasimpasada-yeni-sezon-hazirliklari-basladi_3aed920.jpg?fit=1000%2C666","jetpack_sharing_enabled":true,"jetpack_shortlink":"https:\/\/wp.me\/paKIfm-K3y","_links":{"self":[{"href":"http:\/\/www.tvturk.com\/index.php\/wp-json\/wp\/v2\/posts\/177044","targetHints":{"allow":["GET"]}}],"collection":[{"href":"http:\/\/www.tvturk.com\/index.php\/wp-json\/wp\/v2\/posts"}],"about":[{"href":"http:\/\/www.tvturk.com\/index.php\/wp-json\/wp\/v2\/types\/post"}],"author":[{"embeddable":true,"href":"http:\/\/www.tvturk.com\/index.php\/wp-json\/wp\/v2\/users\/1"}],"replies":[{"embeddable":true,"href":"http:\/\/www.tvturk.com\/index.php\/wp-json\/wp\/v2\/comments?post=177044"}],"version-history":[{"count":0,"href":"http:\/\/www.tvturk.com\/index.php\/wp-json\/wp\/v2\/posts\/177044\/revisions"}],"wp:featuredmedia":[{"embeddable":true,"href":"http:\/\/www.tvturk.com\/index.php\/wp-json\/wp\/v2\/media\/177045"}],"wp:attachment":[{"href":"http:\/\/www.tvturk.com\/index.php\/wp-json\/wp\/v2\/media?parent=177044"}],"wp:term":[{"taxonomy":"category","embeddable":true,"href":"http:\/\/www.tvturk.com\/index.php\/wp-json\/wp\/v2\/categories?post=177044"},{"taxonomy":"post_tag","embeddable":true,"href":"http:\/\/www.tvturk.com\/index.php\/wp-json\/wp\/v2\/tags?post=177044"}],"curies":[{"name":"wp","href":"https:\/\/api.w.org\/{rel}","templated":true}]}}