{"id":177046,"date":"2019-07-02T23:02:21","date_gmt":"2019-07-02T20:02:21","guid":{"rendered":"http:\/\/www.tvturk.com\/index.php\/fanatik-kitap-obradovicin-hayatini-yazdi\/"},"modified":"2019-07-02T23:02:21","modified_gmt":"2019-07-02T20:02:21","slug":"fanatik-kitap-obradovicin-hayatini-yazdi","status":"publish","type":"post","link":"http:\/\/www.tvturk.com\/index.php\/fanatik-kitap-obradovicin-hayatini-yazdi\/","title":{"rendered":"Fanatik Kitap, Obradovic\u2019in hayat\u0131n\u0131 yazd\u0131"},"content":{"rendered":"<p>Fanatik Kitap, Fenerbah\u00e7e Beko ile bir\u00e7ok ba\u015far\u0131ya imza atan Ba\u015fantren\u00f6r Zeljko Obradovic\u2019in kitab\u0131n\u0131 yazd\u0131.<\/p>\n<p>Fenerbah\u00e7e Beko\u2019da elde etti\u011fi ba\u015far\u0131larla dikkat \u00e7eken ve Avrupa\u2019n\u0131n en \u00f6nemli ko\u00e7lar\u0131 aras\u0131nda yer alan Zeljko Obradovic\u2019in hayat\u0131 ve basketbol ya\u015fam\u0131 kitap oldu. G\u00f6khan German ve Hamit Turhan\u2019\u0131n imzas\u0131 bulunan kitap, \u2019Ya\u015fayan Efsane Obra\u2019 ba\u015fl\u0131\u011f\u0131yla Fanatik Kitap taraf\u0131ndan okuyucularla bulu\u015fturuluyor. S\u0131rp ko\u00e7un kariyerin en \u00f6zel anlar\u0131n\u0131n yer ald\u0131\u011f\u0131 kitaba ilginin de yo\u011fun olmas\u0131 bekleniyor.<\/p>\n","protected":false},"excerpt":{"rendered":"<p>FANAT\u0130K K\u0130TAP, FENERBAH\u00c7E BEKO \u0130LE B\u0130R\u00c7OK BA\u015eARIYA \u0130MZA ATAN BA\u015eANTREN\u00d6R ZELJKO OBRADOV\u0130C\u2019\u0130N K\u0130TABINI YAZDI.<\/p>\n","protected":false},"author":1,"featured_media":177047,"comment_status":"closed","ping_status":"open","sticky":false,"template":"","format":"standard","meta":{"jetpack_post_was_ever_published":false,"_jetpack_newsletter_access":"","_jetpack_dont_email_post_to_subs":false,"_jetpack_newsletter_tier_id":0,"_jetpack_memberships_contains_paywalled_content":false,"_jetpack_memberships_contains_paid_content":false,"footnotes":"","jetpack_publicize_message":"","jetpack_publicize_feature_enabled":true,"jetpack_social_post_already_shared":true,"jetpack_social_options":{"image_generator_settings":{"template":"highway","default_image_id":0,"font":"","enabled":false},"version":2}},"categories":[657],"tags":[11374,848,4074,43257,15361],"class_list":["post-177046","post","type-post","status-publish","format-standard","has-post-thumbnail","hentry","category-spor","tag-fanatik","tag-hayatini","tag-kitap","tag-obradovicin","tag-yazdi"],"jetpack_publicize_connections":[],"jetpack_featured_media_url":"https:\/\/i0.wp.com\/www.tvturk.com\/wp-content\/uploads\/2019\/07\/fanatik-kitap-obradovicin-hayatini-yazdi_d761491.jpg?fit=601%2C1000","jetpack_sharing_enabled":true,"jetpack_shortlink":"https:\/\/wp.me\/paKIfm-K3A","_links":{"self":[{"href":"http:\/\/www.tvturk.com\/index.php\/wp-json\/wp\/v2\/posts\/177046","targetHints":{"allow":["GET"]}}],"collection":[{"href":"http:\/\/www.tvturk.com\/index.php\/wp-json\/wp\/v2\/posts"}],"about":[{"href":"http:\/\/www.tvturk.com\/index.php\/wp-json\/wp\/v2\/types\/post"}],"author":[{"embeddable":true,"href":"http:\/\/www.tvturk.com\/index.php\/wp-json\/wp\/v2\/users\/1"}],"replies":[{"embeddable":true,"href":"http:\/\/www.tvturk.com\/index.php\/wp-json\/wp\/v2\/comments?post=177046"}],"version-history":[{"count":0,"href":"http:\/\/www.tvturk.com\/index.php\/wp-json\/wp\/v2\/posts\/177046\/revisions"}],"wp:featuredmedia":[{"embeddable":true,"href":"http:\/\/www.tvturk.com\/index.php\/wp-json\/wp\/v2\/media\/177047"}],"wp:attachment":[{"href":"http:\/\/www.tvturk.com\/index.php\/wp-json\/wp\/v2\/media?parent=177046"}],"wp:term":[{"taxonomy":"category","embeddable":true,"href":"http:\/\/www.tvturk.com\/index.php\/wp-json\/wp\/v2\/categories?post=177046"},{"taxonomy":"post_tag","embeddable":true,"href":"http:\/\/www.tvturk.com\/index.php\/wp-json\/wp\/v2\/tags?post=177046"}],"curies":[{"name":"wp","href":"https:\/\/api.w.org\/{rel}","templated":true}]}}