{"id":177080,"date":"2019-07-03T09:46:32","date_gmt":"2019-07-03T06:46:32","guid":{"rendered":"http:\/\/www.tvturk.com\/index.php\/uykuda-olurum-korkusu-yuzunden-uc-yildir-uyuyamiyor\/"},"modified":"2019-07-03T09:46:32","modified_gmt":"2019-07-03T06:46:32","slug":"uykuda-olurum-korkusu-yuzunden-uc-yildir-uyuyamiyor","status":"publish","type":"post","link":"http:\/\/www.tvturk.com\/index.php\/uykuda-olurum-korkusu-yuzunden-uc-yildir-uyuyamiyor\/","title":{"rendered":"&#8220;Uykuda \u00f6l\u00fcr\u00fcm&#8221; korkusu y\u00fcz\u00fcnden \u00fc\u00e7 y\u0131ld\u0131r uyuyam\u0131yor"},"content":{"rendered":"<p>Van\u2019\u0131n Geva\u015f il\u00e7esinde uyku apnesine yakalanan \u015eevket Caymaz, \u00f6l\u00fcr\u00fcm korkusuyla \u00fc\u00e7 y\u0131ld\u0131r uyuyam\u0131yor.<\/p>\n<p>\u0130l\u00e7eye ba\u011fl\u0131 Elmal\u0131 Mahallesi\u2019nde ikamet eden fayans ustas\u0131 \u015eevket Caymaz, y\u0131llar \u00f6nce kansere yakaland\u0131. Kanser hastal\u0131\u011f\u0131n\u0131 atlatan Caymaz, daha sonra uyku apnesi hastal\u0131\u011f\u0131na yakaland\u0131. Uyku apnesi nedeniyle \u00fc\u00e7 y\u0131ld\u0131r uyuyamad\u0131\u011f\u0131n\u0131 ifade eden Caymaz, \u201cDaha \u00f6nce kanserdim. Kanser hastal\u0131\u011f\u0131n\u0131 atlatt\u0131ktan sonra uyku apnesine yakaland\u0131m. Uyku apnesi nedeniyle sabaha kadar uyuyam\u0131yorum. Bazen kulaklar\u0131mdan kan ak\u0131yor, g\u00f6zlerim k\u0131zar\u0131yor. Bazen g\u00f6zlerim, karn\u0131m ya da aya\u011f\u0131m \u015fi\u015fiyor\u201d dedi.<\/p>\n<p>\u201cDoktor bana \u2018K\u00fc\u00e7\u00fck dilini kesece\u011fiz\u2019 dedi\u201d<\/p>\n<p>Daha \u00f6nce bir\u00e7ok doktora ba\u015fvurdu\u011funu dile getiren Caymaz, \u201cBir doktor bana \u2018k\u00fc\u00e7\u00fck dilini kesece\u011fiz\u2019 dedi. Ba\u015fka bir doktor ise \u0131\u015f\u0131n tedavisi yapaca\u011f\u0131n\u0131 s\u00f6yledi. Ancak bu tedavi do\u011frumu, de\u011fil mi diye emin olamad\u0131m ve gidemedim. Yine Ankara\u2019da bir ba\u015fka doktora gittim. Bana uyku ilac\u0131 verebilece\u011fini s\u00f6yledi. Bende kendisine ila\u00e7 al\u0131rsam uykuda \u00f6l\u00fcr\u00fcm dedim. O da bana do\u011frudur deyip \u00e7aresini aramam\u0131 s\u00f6yledi. Ben de bunun \u00e7aresini ar\u0131yorum. \u0130n\u015fallah bir doktor \u00e7\u0131kar kar\u015f\u0131ma ve bu uyku apnesi ile ilgili bana el uzat\u0131r. Biliyorum ki benim gibi bir\u00e7ok ki\u015fide uyku apnesi var. En az\u0131ndan bunun \u00e7aresinin bulunmas\u0131n\u0131 istiyorum\u201d ifadelerini kulland\u0131.<\/p>\n<p>Bazen uykusunun geldi\u011fini, ancak saniye i\u00e7erisinde tekrar ka\u00e7t\u0131\u011f\u0131n\u0131 belirten Caymaz, \u201cBazen uykum geliyor, ama saniye i\u00e7erisinde g\u00f6z\u00fcm\u00fc kapat\u0131p tekrar a\u00e7\u0131yorum. Bunun i\u00e7in doktora gittim, bana b\u00fcnyemin sa\u011flam oldu\u011funu aksi takdirde uykuda \u00f6lebilece\u011fimi s\u00f6yledi. Ama ben ya\u015famak istiyorum. \u0130yi bir doktor kar\u015f\u0131ma \u00e7\u0131ks\u0131n, beni ameliyat etsin veya bana bir ila\u00e7 tedavisi uygulas\u0131n istiyorum\u201d diye konu\u015ftu.<\/p>\n<p>G\u00fcnd\u00fczleri bah\u00e7ede gezerek stres att\u0131\u011f\u0131n\u0131, gecelerin ise kabusa d\u00f6n\u00fc\u015ft\u00fc\u011f\u00fcn\u00fc vurgulayan Caymaz, \u015f\u00f6yle konu\u015ftu:<\/p>\n<p>\u201cGeceler bana kabustur, zindand\u0131r. Gece karanl\u0131k \u00e7\u00f6k\u00fcnce herkesin uyuyabilece\u011fini ve benim ise uyuyamad\u0131\u011f\u0131m\u0131 d\u00fc\u015f\u00fcn\u00fcyorum. Sabahlara kadar k\u00f6t\u00fc d\u00fc\u015f\u00fcnceler sar\u0131yor beni. Ne olur bunu bilen biri varsa bana yard\u0131mc\u0131 olsun. Maddi olarak de\u011fil, manevi destek istiyorum.\u201d<\/p>\n<p>Abisinin durumuna \u00fcz\u00fclen erkek karde\u015fi Kadir Caymaz ise abisine hitaben s\u00f6yledi\u011fi K\u00fcrt\u00e7e \u015fark\u0131yla adeta y\u00fcrekleri burktu.<\/p>\n","protected":false},"excerpt":{"rendered":"<p>VAN\u2019IN GEVA\u015e \u0130L\u00c7ES\u0130NDE UYKU APNES\u0130NE YAKALANAN \u015eEVKET CAYMAZ (50) ADLI VATANDA\u015e, UYKUDA \u00d6L\u00dcR KORKUSUYLA \u00dc\u00c7 YILDIR UYUYAMIYOR.<\/p>\n","protected":false},"author":1,"featured_media":177081,"comment_status":"closed","ping_status":"open","sticky":false,"template":"","format":"standard","meta":{"jetpack_post_was_ever_published":false,"_jetpack_newsletter_access":"","_jetpack_dont_email_post_to_subs":false,"_jetpack_newsletter_tier_id":0,"_jetpack_memberships_contains_paywalled_content":false,"_jetpack_memberships_contains_paid_content":false,"footnotes":"","jetpack_publicize_message":"","jetpack_publicize_feature_enabled":true,"jetpack_social_post_already_shared":true,"jetpack_social_options":{"image_generator_settings":{"template":"highway","default_image_id":0,"font":"","enabled":false},"version":2}},"categories":[1],"tags":[36110,11135,1942,13083,43271,1682,4393],"class_list":["post-177080","post","type-post","status-publish","format-standard","has-post-thumbnail","hentry","category-genel","tag-olurum","tag-korkusu","tag-uc","tag-uykuda","tag-uyuyamiyor","tag-yildir","tag-yuzunden"],"jetpack_publicize_connections":[],"jetpack_featured_media_url":"https:\/\/i0.wp.com\/www.tvturk.com\/wp-content\/uploads\/2019\/07\/uykuda-olurum-korkusu-yuzunden-uc-yildir-uyuyamiyor_340bcb6.jpg?fit=1000%2C666","jetpack_sharing_enabled":true,"jetpack_shortlink":"https:\/\/wp.me\/paKIfm-K48","_links":{"self":[{"href":"http:\/\/www.tvturk.com\/index.php\/wp-json\/wp\/v2\/posts\/177080","targetHints":{"allow":["GET"]}}],"collection":[{"href":"http:\/\/www.tvturk.com\/index.php\/wp-json\/wp\/v2\/posts"}],"about":[{"href":"http:\/\/www.tvturk.com\/index.php\/wp-json\/wp\/v2\/types\/post"}],"author":[{"embeddable":true,"href":"http:\/\/www.tvturk.com\/index.php\/wp-json\/wp\/v2\/users\/1"}],"replies":[{"embeddable":true,"href":"http:\/\/www.tvturk.com\/index.php\/wp-json\/wp\/v2\/comments?post=177080"}],"version-history":[{"count":0,"href":"http:\/\/www.tvturk.com\/index.php\/wp-json\/wp\/v2\/posts\/177080\/revisions"}],"wp:featuredmedia":[{"embeddable":true,"href":"http:\/\/www.tvturk.com\/index.php\/wp-json\/wp\/v2\/media\/177081"}],"wp:attachment":[{"href":"http:\/\/www.tvturk.com\/index.php\/wp-json\/wp\/v2\/media?parent=177080"}],"wp:term":[{"taxonomy":"category","embeddable":true,"href":"http:\/\/www.tvturk.com\/index.php\/wp-json\/wp\/v2\/categories?post=177080"},{"taxonomy":"post_tag","embeddable":true,"href":"http:\/\/www.tvturk.com\/index.php\/wp-json\/wp\/v2\/tags?post=177080"}],"curies":[{"name":"wp","href":"https:\/\/api.w.org\/{rel}","templated":true}]}}