{"id":177086,"date":"2019-07-03T10:01:37","date_gmt":"2019-07-03T07:01:37","guid":{"rendered":"http:\/\/www.tvturk.com\/index.php\/ozel-bu-koye-su-gelmezse-tarim-bitecek\/"},"modified":"2019-07-03T10:01:37","modified_gmt":"2019-07-03T07:01:37","slug":"ozel-bu-koye-su-gelmezse-tarim-bitecek","status":"publish","type":"post","link":"http:\/\/www.tvturk.com\/index.php\/ozel-bu-koye-su-gelmezse-tarim-bitecek\/","title":{"rendered":"(\u00d6zel) Bu k\u00f6ye su gelmezse tar\u0131m bitecek"},"content":{"rendered":"<p>Bursa\u2019da biber, enginar, taze fasulye gibi \u00fcr\u00fcnler yeti\u015ftirerek T\u00fcrkiye\u2019de \u00fcn yapan k\u00f6yde \u00e7ift\u00e7iler susuzlukla m\u00fccadele ediyor.<\/p>\n<p>Biber, enginar, taze fasulye gibi bir \u00e7ok \u00fcr\u00fcn\u00fcyle me\u015fhur olan Bursa\u2019n\u0131n Yeni\u015fehir il\u00e7esine ba\u011fl\u0131 Kozdere k\u00f6y\u00fcnde su s\u0131k\u0131nt\u0131s\u0131 y\u00fcz\u00fcnden ekimler y\u00fczde 50 azalm\u0131\u015f durumda. Susuzluk y\u00fcz\u00fcnden k\u00f6yden \u015fehre g\u00f6\u00e7 devam ediyor.<\/p>\n<p>Kozdere Muhtar\u0131 Naz\u0131m \u015een, \u201cS\u0131k\u0131nt\u0131lar \u00e7ok b\u00fcy\u00fck, zengin topraklar\u0131m\u0131z var. \u00dcr\u00fcn kalitesi y\u00fcksek, fakat y\u0131llar ge\u00e7tik\u00e7e ekim kalitesi \u00e7ok d\u00fc\u015fmeye ba\u015flad\u0131. Bunun sebebi sular\u0131m\u0131zda her ge\u00e7en y\u0131l azalma olmas\u0131. Zaten birikimli su ile tar\u0131m yap\u0131yoruz. Y\u0131ll\u0131k 500 d\u00f6n\u00fcm biber ekilecekken 200 d\u00f6n\u00fcme d\u00fc\u015f\u00fcyor. 1000 d\u00f6n\u00fcm fasulye ekilecekken 300 d\u00f6n\u00fcme d\u00fc\u015f\u00fcyor. Her ge\u00e7en g\u00fcn ekimler de azal\u0131yor. K\u00f6y\u00fcm\u00fcz 160 haneden, ortalama 100 haneye d\u00fc\u015ft\u00fc. \u015eu son 5-10 y\u0131lda k\u00f6y\u00fcm\u00fcz hep g\u00f6\u00e7 verdi. Bunun sebebi tar\u0131m yap\u0131lamamas\u0131. \u00c7\u00fcnk\u00fc k\u00f6y kalabal\u0131k oldu\u011fu zaman vatanda\u015f karn\u0131n\u0131 doyuram\u0131yor. \u00dcr\u00fcn\u00fc ekiyorsun, su bitiyor, b\u00fct\u00fcn masraf tarlada kal\u0131yor. Vatanda\u015fta zarar etti\u011fi i\u00e7in k\u00f6y\u00fc terk ediyor\u201d diye konu\u015ftu.<\/p>\n<p>\u015een , \u201cHaziran ay\u0131 i\u00e7erisindeyiz, \u015fu \u015fartlarda Temmuzun 20\u2019sinden sonra art\u0131k burada bir\u00e7ok yerde su bitmeye ba\u015flar. Devlet yetkililerinden yine su isteyece\u011fiz. Ben k\u00f6ye ba\u015fka hi\u00e7bir \u015fey istemiyorum. Kald\u0131r\u0131m, asfalt, d\u00fc\u011f\u00fcn salonu de\u011fil, sadece su istiyorum\u201d dedi.<\/p>\n","protected":false},"excerpt":{"rendered":"<p>BURSA\u2019DA B\u0130BER, ENG\u0130NAR, TAZE FASULYE G\u0130B\u0130 \u00dcR\u00dcNLER YET\u0130\u015eT\u0130REREK T\u00dcRK\u0130YE\u2019DE \u00dcN YAPAN K\u00d6YDE \u00c7\u0130FT\u00c7\u0130LER SUSUZLUKLA M\u00dcCADELE ED\u0130YOR.<\/p>\n","protected":false},"author":1,"featured_media":177087,"comment_status":"closed","ping_status":"open","sticky":false,"template":"","format":"standard","meta":{"jetpack_post_was_ever_published":false,"_jetpack_newsletter_access":"","_jetpack_dont_email_post_to_subs":false,"_jetpack_newsletter_tier_id":0,"_jetpack_memberships_contains_paywalled_content":false,"_jetpack_memberships_contains_paid_content":false,"footnotes":"","jetpack_publicize_message":"","jetpack_publicize_feature_enabled":true,"jetpack_social_post_already_shared":true,"jetpack_social_options":{"image_generator_settings":{"template":"highway","default_image_id":0,"font":"","enabled":false},"version":2}},"categories":[1],"tags":[1073,9499,43275,12358,2403],"class_list":["post-177086","post","type-post","status-publish","format-standard","has-post-thumbnail","hentry","category-genel","tag-ozel","tag-bitecek","tag-gelmezse","tag-koye","tag-tarim"],"jetpack_publicize_connections":[],"jetpack_featured_media_url":"https:\/\/i0.wp.com\/www.tvturk.com\/wp-content\/uploads\/2019\/07\/ozel-bu-koye-su-gelmezse-tarim-bitecek_d47d412.jpg?fit=1000%2C750","jetpack_sharing_enabled":true,"jetpack_shortlink":"https:\/\/wp.me\/paKIfm-K4e","_links":{"self":[{"href":"http:\/\/www.tvturk.com\/index.php\/wp-json\/wp\/v2\/posts\/177086","targetHints":{"allow":["GET"]}}],"collection":[{"href":"http:\/\/www.tvturk.com\/index.php\/wp-json\/wp\/v2\/posts"}],"about":[{"href":"http:\/\/www.tvturk.com\/index.php\/wp-json\/wp\/v2\/types\/post"}],"author":[{"embeddable":true,"href":"http:\/\/www.tvturk.com\/index.php\/wp-json\/wp\/v2\/users\/1"}],"replies":[{"embeddable":true,"href":"http:\/\/www.tvturk.com\/index.php\/wp-json\/wp\/v2\/comments?post=177086"}],"version-history":[{"count":0,"href":"http:\/\/www.tvturk.com\/index.php\/wp-json\/wp\/v2\/posts\/177086\/revisions"}],"wp:featuredmedia":[{"embeddable":true,"href":"http:\/\/www.tvturk.com\/index.php\/wp-json\/wp\/v2\/media\/177087"}],"wp:attachment":[{"href":"http:\/\/www.tvturk.com\/index.php\/wp-json\/wp\/v2\/media?parent=177086"}],"wp:term":[{"taxonomy":"category","embeddable":true,"href":"http:\/\/www.tvturk.com\/index.php\/wp-json\/wp\/v2\/categories?post=177086"},{"taxonomy":"post_tag","embeddable":true,"href":"http:\/\/www.tvturk.com\/index.php\/wp-json\/wp\/v2\/tags?post=177086"}],"curies":[{"name":"wp","href":"https:\/\/api.w.org\/{rel}","templated":true}]}}