{"id":177102,"date":"2019-07-03T10:16:43","date_gmt":"2019-07-03T07:16:43","guid":{"rendered":"http:\/\/www.tvturk.com\/index.php\/ic-organlari-ters-ve-kalbi-sag-tarafta-olan-hastaya-bypass\/"},"modified":"2019-07-03T10:16:43","modified_gmt":"2019-07-03T07:16:43","slug":"ic-organlari-ters-ve-kalbi-sag-tarafta-olan-hastaya-bypass","status":"publish","type":"post","link":"http:\/\/www.tvturk.com\/index.php\/ic-organlari-ters-ve-kalbi-sag-tarafta-olan-hastaya-bypass\/","title":{"rendered":"\u0130\u00e7 organlar\u0131 ters ve kalbi sa\u011f tarafta olan hastaya bypass"},"content":{"rendered":"<p>\u0130\u00e7 organlar\u0131 ters ve kalbi sa\u011f tarafta olan Sami \u00d6zta\u015f, \u0130skenderun Geli\u015fim Hastanesi Kalp ve Damar Cerrahisi Uzman\u0131 Do\u00e7. Dr. \u00c7etin Murat Songur ve Op. Dr. \u0130smail K\u00f6rk\u2019\u00fcn ger\u00e7ekle\u015ftirdi\u011fi bypass ameliyat\u0131yla sa\u011fl\u0131\u011f\u0131na kavu\u015ftu.<\/p>\n<p>G\u00f6\u011f\u00fcs a\u011fr\u0131s\u0131 \u015fikayetiyle hastaneye ba\u015fvuran Sami \u00d6zta\u015f\u2019\u0131n \u00fc\u00e7 damar\u0131nda t\u0131kan\u0131kl\u0131k tespit edildi. Yap\u0131lan kontrollerin ard\u0131ndan ameliyat\u0131na karar verilen \u00d6zta\u015f, kalbinin ve i\u00e7 organlar\u0131n\u0131n ters tarafta olmas\u0131 nedeniyle riskli bir ameliyat ge\u00e7irdi. Bu t\u00fcr vakalarla \u00e7ok nadir kar\u015f\u0131la\u015ft\u0131klar\u0131n\u0131 s\u00f6yleyen Do\u00e7. Dr. \u00c7etin Murat Songur, ameliyat\u0131 ba\u015far\u0131yla tamamlad\u0131klar\u0131n\u0131 ifade etti.<\/p>\n<p>\u201cSa\u011fda olan kalbe bypass ger\u00e7ekle\u015ftirdik\u201d<\/p>\n<p>Kalbin sa\u011f tarafta olmas\u0131 anlam\u0131nda gelen dekstrokardinin, 130 binde bir ki\u015fide g\u00f6r\u00fcld\u00fc\u011f\u00fcn\u00fc belirten Kalp ve Damar Cerrahisi Uzman\u0131 Do\u00e7. Dr. Songur, \u201c\u0130\u00e7 organlar\u0131 ters ve kalbi sa\u011fda olan bir vaka, \u00e7ok nadir rastlanan bir durumdu. Hastam\u0131z\u0131n ameliyat\u0131 da ters oldu. Bir s\u0131k\u0131nt\u0131 ya\u015famadan ameliyat\u0131n\u0131 ba\u015far\u0131yla ger\u00e7ekle\u015ftirdik. \u015eu an hastam\u0131z birinci hafta kontrol\u00fcnde ve her \u015fey yolunda\u201d a\u00e7\u0131klamas\u0131nda bulundu.<\/p>\n<p>\u201cSa\u011fda olan kalbim \u015fimdi sa\u011fl\u0131kla at\u0131yor\u201d<\/p>\n<p>Ameliyat\u0131n ard\u0131ndan s\u0131k\u0131nt\u0131lar\u0131n\u0131n son buldu\u011funu ifade eden Sami \u00d6zta\u015f ise, \u201cUzun s\u00fcreden bu yana g\u00f6\u011f\u00fcs a\u011fr\u0131s\u0131 ya\u015f\u0131yor, nefes al\u0131rken zorlan\u0131yordum. S\u0131k\u0131nt\u0131lar\u0131m art\u0131nca hastaneye ba\u015fvurdum. Yap\u0131lan kontrollerin ard\u0131ndan ameliyat olmam gerekti\u011fi s\u00f6ylendi. \u0130\u00e7 organlar\u0131m\u0131n ters tarafta oldu\u011funu biliyordum. Bu nedenle ameliyattan biraz korkuyordum. Sonunda ameliyat olmay\u0131 kabul ettim ve sa\u011fl\u0131\u011f\u0131ma kavu\u015ftum. Kalbimin \u015fu an daha sa\u011fl\u0131kl\u0131 att\u0131\u011f\u0131n\u0131 biliyorum. Doktorlar\u0131ma \u00e7ok te\u015fekk\u00fcr ediyor, ba\u015far\u0131lar\u0131n\u0131n devam\u0131n\u0131 diliyorum\u201d dedi.<\/p>\n","protected":false},"excerpt":{"rendered":"<p>\u0130\u00c7 ORGANLARI TERS VE KALB\u0130 SA\u011e TARAFTA OLAN SAM\u0130 \u00d6ZTA\u015e, \u0130SKENDERUN GEL\u0130\u015e\u0130M HASTANES\u0130 KALP VE DAMAR CERRAH\u0130S\u0130 UZMANI DO\u00c7. DR. \u00c7ET\u0130N MURAT SONGUR VE OP. DR. \u0130SMA\u0130L K\u00d6RK\u2019\u00dcN GER\u00c7EKLE\u015eT\u0130RD\u0130\u011e\u0130 BYPASS AMEL\u0130YATIYLA SA\u011eLI\u011eINA KAVU\u015eTU.<\/p>\n","protected":false},"author":1,"featured_media":177103,"comment_status":"closed","ping_status":"open","sticky":false,"template":"","format":"standard","meta":{"jetpack_post_was_ever_published":false,"_jetpack_newsletter_access":"","_jetpack_dont_email_post_to_subs":false,"_jetpack_newsletter_tier_id":0,"_jetpack_memberships_contains_paywalled_content":false,"_jetpack_memberships_contains_paid_content":false,"footnotes":"","jetpack_publicize_message":"","jetpack_publicize_feature_enabled":true,"jetpack_social_post_already_shared":true,"jetpack_social_options":{"image_generator_settings":{"template":"highway","default_image_id":0,"font":"","enabled":false},"version":2}},"categories":[1],"tags":[19397,4589,5110,3726,572,2666,1785,43283,583],"class_list":["post-177102","post","type-post","status-publish","format-standard","has-post-thumbnail","hentry","category-genel","tag-bypass","tag-hastaya","tag-ic","tag-kalbi","tag-olan","tag-organlari","tag-sag","tag-tarafta","tag-ters"],"jetpack_publicize_connections":[],"jetpack_featured_media_url":"https:\/\/i0.wp.com\/www.tvturk.com\/wp-content\/uploads\/2019\/07\/ic-organlari-ters-ve-kalbi-sag-tarafta-olan-hastaya-bypass_705ae6d.jpg?fit=936%2C1000","jetpack_sharing_enabled":true,"jetpack_shortlink":"https:\/\/wp.me\/paKIfm-K4u","_links":{"self":[{"href":"http:\/\/www.tvturk.com\/index.php\/wp-json\/wp\/v2\/posts\/177102","targetHints":{"allow":["GET"]}}],"collection":[{"href":"http:\/\/www.tvturk.com\/index.php\/wp-json\/wp\/v2\/posts"}],"about":[{"href":"http:\/\/www.tvturk.com\/index.php\/wp-json\/wp\/v2\/types\/post"}],"author":[{"embeddable":true,"href":"http:\/\/www.tvturk.com\/index.php\/wp-json\/wp\/v2\/users\/1"}],"replies":[{"embeddable":true,"href":"http:\/\/www.tvturk.com\/index.php\/wp-json\/wp\/v2\/comments?post=177102"}],"version-history":[{"count":0,"href":"http:\/\/www.tvturk.com\/index.php\/wp-json\/wp\/v2\/posts\/177102\/revisions"}],"wp:featuredmedia":[{"embeddable":true,"href":"http:\/\/www.tvturk.com\/index.php\/wp-json\/wp\/v2\/media\/177103"}],"wp:attachment":[{"href":"http:\/\/www.tvturk.com\/index.php\/wp-json\/wp\/v2\/media?parent=177102"}],"wp:term":[{"taxonomy":"category","embeddable":true,"href":"http:\/\/www.tvturk.com\/index.php\/wp-json\/wp\/v2\/categories?post=177102"},{"taxonomy":"post_tag","embeddable":true,"href":"http:\/\/www.tvturk.com\/index.php\/wp-json\/wp\/v2\/tags?post=177102"}],"curies":[{"name":"wp","href":"https:\/\/api.w.org\/{rel}","templated":true}]}}