{"id":177116,"date":"2019-07-03T10:32:09","date_gmt":"2019-07-03T07:32:09","guid":{"rendered":"http:\/\/www.tvturk.com\/index.php\/cemallettin-latic-turk-edebiyatinda\/"},"modified":"2019-07-03T10:32:09","modified_gmt":"2019-07-03T07:32:09","slug":"cemallettin-latic-turk-edebiyatinda","status":"publish","type":"post","link":"http:\/\/www.tvturk.com\/index.php\/cemallettin-latic-turk-edebiyatinda\/","title":{"rendered":"Cemallettin Lati\u00e7 T\u00fcrk edebiyat\u0131\u2019nda"},"content":{"rendered":"<p>T\u00fcrk edebiyat\u0131n\u0131n en uzun soluklu dergilerinden T\u00fcrk Edebiyat\u0131, 548. say\u0131s\u0131yla okurlar\u0131n\u0131 sel\u00e2mlad\u0131.<\/p>\n<p>Hik\u00e2ye, inceleme, r\u00f6portaj ve ara\u015ft\u0131rma yaz\u0131lar\u0131yla g\u00f6z dolduran dergi, Haziran 2019 say\u0131s\u0131nda \u201cR\u00fcya\u201d ve \u201cCemalettin Lati\u00e7\u201d olmak \u00fczere iki \u00f6zel dosyayla yay\u0131mland\u0131. Naz\u0131m Hikmet Polat, M\u00fccahit Ka\u00e7ar, \u00d6zg\u00fcr Taburo\u011flu, Adem Polat, Merve G\u00fcler ve G\u00fclper Refi\u011f; b\u00fct\u00fcn edebiyat eserlerinin y\u00f6nteminin uyku hali d\u0131\u015f\u0131nda r\u00fcya g\u00f6rmek oldu\u011fu fikrinden hareketle, edebiyat ve r\u00fcya ili\u015fkisini \u00e7e\u015fitli y\u00f6nlerden ele ald\u0131\u011f\u0131m\u0131z \u201cR\u00fcya\u201d dosyas\u0131na katk\u0131 sa\u011flayan isimlerden.<\/p>\n<p>Ahmet Kot, \u00d6zcan \u00dcnl\u00fc ve Bahtiyar Aslan; Bosna Hersek\u2019in Mevl\u00eed-i \u015eerif\u2019ini yazan, son devrin m\u00fcc\u00e2hitlerinden Aliya \u0130zzetbegovi\u00e7\u2019in silah arkada\u015f\u0131 Cemalettin Lati\u00e7\u2019i ele ald\u0131\u011f\u0131m\u0131z dosyaya katk\u0131 sa\u011flayan isimlerden.<\/p>\n<p>Naz\u0131m Hikmet Polat\u2019\u0131n \u201cTuran Masallar\u0131nda Kolektif Bilin\u00e7d\u0131\u015f\u0131\u201d ba\u015fl\u0131kl\u0131 dosya yaz\u0131s\u0131, \u00d6mer Seyfettin\u2019in \u201cTuran Masallar\u0131\u201d adl\u0131 eserindeki \u201cr\u00fcya\u201d motifi \u00fczerinde durmas\u0131 bak\u0131m\u0131nda ilgi \u00e7ekici yaz\u0131lardan.<\/p>\n<p>M\u00fccahit Ka\u00e7ar\u2019\u0131n \u201cOsmanl\u0131 Edebiyat\u0131nda Ger\u00e7ekli\u011fin Kurgusu: R\u00fcya Metinleri\u201d isimli dosya yaz\u0131s\u0131, r\u00fcyalar\u0131n Osmanl\u0131 edeb\u00ee eserlerinde anlat\u0131m\u0131 g\u00fc\u00e7lendirmeleri, esere estetik de\u011fer katmalar\u0131 ve baz\u0131 edeb\u00ee t\u00fcrlerde ise \u00e7e\u015fitli rolleri y\u00fcklenmeleri \u00fczerinde duruyor.<\/p>\n<p>\u00d6zg\u00fcr Taburo\u011flu\u2019nun \u201cTanp\u0131nar\u2019da S\u0131r: R\u00fcya, Hayal ve Masal\u201d ba\u015fl\u0131kl\u0131 dosya yaz\u0131s\u0131, Tanp\u0131nar\u2019\u0131n eserlerinin anahtar kelimelerinden biri olan \u201cr\u00fcya\u201d kavram\u0131 \u00fczerinde duruyor.<\/p>\n<p>Ahmet Kot, \u015f\u00e2ir Cemalettin Lati\u00e7\u2019le onun hayat\u0131, sanat\u0131 ve m\u00fccadelesi \u00fczerine geni\u015f bir s\u00f6yle\u015fi ger\u00e7ekle\u015ftirdi. Ayr\u0131ca dergide Bahtiyar Aslan\u2019\u0131n, Cemalettin Lati\u00e7\u2019in \u201cTehlil ve M\u00fcnacaat\u201d \u015fiiri \u00fczerine yazd\u0131\u011f\u0131 bir inceleme yaz\u0131s\u0131 da yer al\u0131yor.<\/p>\n<p>\u00d6zcan \u00dcnl\u00fc\u2019n\u00fcn, \u201cSrebrenitsa Asla Unutulmaz!\u201d ba\u015fl\u0131kl\u0131 inceleme yaz\u0131s\u0131, 90\u2019l\u0131 y\u0131llarda Bosna\u2019n\u0131n \u00f6zg\u00fcrl\u00fck sava\u015f\u0131nda Cemalettin Lati\u00e7\u2019in \u00fcstlendi\u011fi rol\u00fc anlatmas\u0131 bak\u0131m\u0131ndan ilgi \u00e7ekici yaz\u0131lardan.<\/p>\n<p>548. say\u0131da, kitap tan\u0131t\u0131m yaz\u0131lar\u0131n\u0131n bulundu\u011fu \u201cKitapl\u0131k\u201d b\u00f6l\u00fcm\u00fc ve tiyatro, sinema, sergi ve anma programlar\u0131 gibi sosyal faaliyetlere y\u00f6nelik tan\u0131t\u0131m yaz\u0131lar\u0131n\u0131n yer ald\u0131\u011f\u0131 \u201cAjanda\u201d b\u00f6l\u00fcm\u00fc de yer al\u0131yor.<\/p>\n","protected":false},"excerpt":{"rendered":"<p>T\u00dcRK EDEB\u0130YATININ EN UZUN SOLUKLU DERG\u0130LER\u0130NDEN T\u00dcRK EDEB\u0130YATI, 548. SAYISIYLA OKURLARINI SEL\u00c2MLADI.<\/p>\n","protected":false},"author":1,"featured_media":177117,"comment_status":"closed","ping_status":"open","sticky":false,"template":"","format":"standard","meta":{"jetpack_post_was_ever_published":false,"_jetpack_newsletter_access":"","_jetpack_dont_email_post_to_subs":false,"_jetpack_newsletter_tier_id":0,"_jetpack_memberships_contains_paywalled_content":false,"_jetpack_memberships_contains_paid_content":false,"footnotes":"","jetpack_publicize_message":"","jetpack_publicize_feature_enabled":true,"jetpack_social_post_already_shared":true,"jetpack_social_options":{"image_generator_settings":{"template":"highway","default_image_id":0,"font":"","enabled":false},"version":2}},"categories":[656],"tags":[43289,43291,43290,957],"class_list":["post-177116","post","type-post","status-publish","format-standard","has-post-thumbnail","hentry","category-kultur-sanat","tag-cemallettin","tag-edebiyatinda","tag-latic","tag-turk"],"jetpack_publicize_connections":[],"jetpack_featured_media_url":"https:\/\/i0.wp.com\/www.tvturk.com\/wp-content\/uploads\/2019\/07\/cemallettin-latic-turk-edebiyatinda_07221af.jpg?fit=722%2C1000","jetpack_sharing_enabled":true,"jetpack_shortlink":"https:\/\/wp.me\/paKIfm-K4I","_links":{"self":[{"href":"http:\/\/www.tvturk.com\/index.php\/wp-json\/wp\/v2\/posts\/177116","targetHints":{"allow":["GET"]}}],"collection":[{"href":"http:\/\/www.tvturk.com\/index.php\/wp-json\/wp\/v2\/posts"}],"about":[{"href":"http:\/\/www.tvturk.com\/index.php\/wp-json\/wp\/v2\/types\/post"}],"author":[{"embeddable":true,"href":"http:\/\/www.tvturk.com\/index.php\/wp-json\/wp\/v2\/users\/1"}],"replies":[{"embeddable":true,"href":"http:\/\/www.tvturk.com\/index.php\/wp-json\/wp\/v2\/comments?post=177116"}],"version-history":[{"count":0,"href":"http:\/\/www.tvturk.com\/index.php\/wp-json\/wp\/v2\/posts\/177116\/revisions"}],"wp:featuredmedia":[{"embeddable":true,"href":"http:\/\/www.tvturk.com\/index.php\/wp-json\/wp\/v2\/media\/177117"}],"wp:attachment":[{"href":"http:\/\/www.tvturk.com\/index.php\/wp-json\/wp\/v2\/media?parent=177116"}],"wp:term":[{"taxonomy":"category","embeddable":true,"href":"http:\/\/www.tvturk.com\/index.php\/wp-json\/wp\/v2\/categories?post=177116"},{"taxonomy":"post_tag","embeddable":true,"href":"http:\/\/www.tvturk.com\/index.php\/wp-json\/wp\/v2\/tags?post=177116"}],"curies":[{"name":"wp","href":"https:\/\/api.w.org\/{rel}","templated":true}]}}