{"id":177134,"date":"2019-07-03T11:01:36","date_gmt":"2019-07-03T08:01:36","guid":{"rendered":"http:\/\/www.tvturk.com\/index.php\/define-kazilarinda-patlatilan-tarihi-kaya-aniti-korumaya-alindi\/"},"modified":"2019-07-03T11:01:36","modified_gmt":"2019-07-03T08:01:36","slug":"define-kazilarinda-patlatilan-tarihi-kaya-aniti-korumaya-alindi","status":"publish","type":"post","link":"http:\/\/www.tvturk.com\/index.php\/define-kazilarinda-patlatilan-tarihi-kaya-aniti-korumaya-alindi\/","title":{"rendered":"Define kaz\u0131lar\u0131nda patlat\u0131lan tarihi kaya an\u0131t\u0131 korumaya al\u0131nd\u0131"},"content":{"rendered":"<p>KIR\u015eEH\u0130R (\u0130HA) \u2013 K\u0131r\u015fehir\u2019de ge\u00e7mi\u015f d\u00f6nemlerde definecilerin kaz\u0131lar\u0131nda patlatt\u0131\u011f\u0131 tarihi kaya an\u0131t\u0131, K\u00fclt\u00fcr ve Turizm Bakanl\u0131\u011f\u0131 taraf\u0131ndan korumaya al\u0131nd\u0131.<\/p>\n<p>K\u0131r\u015fehir\u2019in Karakurt b\u00f6lgesinde Hititler d\u00f6neminden kald\u0131\u011f\u0131 tahmin edilen tarihi kaya an\u0131t\u0131 koruma alt\u0131na al\u0131narak, Ahi Evran \u00dcniversitesi, M\u00fcze M\u00fcd\u00fcrl\u00fc\u011f\u00fc ve \u0130l K\u00fclt\u00fcr ve Turizm M\u00fcd\u00fcrl\u00fc\u011f\u00fc taraf\u0131ndan kurtarma kaz\u0131s\u0131 ba\u015flat\u0131ld\u0131. K\u0131r\u015fehir Ahi Evran \u00dcniversitesi Fen Edebiyat Fak\u00fcltesi Arkeoloji B\u00f6l\u00fcm\u00fc Doktor \u00d6\u011fretim \u00dcyesi Elif Ba\u015ft\u00fcrk, \u201cK\u0131r\u015fehir\u2019de yer alan kaya, asl\u0131nda T\u00fcrkiye\u2019de \u00fczerinde yaz\u0131t olan say\u0131l\u0131 kayalardan bir tanesi. An\u0131t \u00fczerinde net olarak ismi tan\u0131mlanmam\u0131\u015f olmakla beraber bir prens ve prensesten bahsediliyor\u201d dedi.<\/p>\n<p>Kaya an\u0131t\u0131n define kaz\u0131lar\u0131yla par\u00e7aland\u0131\u011f\u0131n\u0131 ifade eden Ba\u015ft\u00fcrk, \u201cDefine kaz\u0131lar\u0131yla beraber ta\u015f dinamitlenerek k\u0131r\u0131l\u0131p par\u00e7alanm\u0131\u015f. Amac\u0131m\u0131z bu verilen zarar\u0131n da \u00f6n\u00fcne ge\u00e7ebilmek. An\u0131t ta\u015f\u0131n bir k\u0131sm\u0131 par\u00e7alanm\u0131\u015f ve zarar verilmi\u015f. An\u0131t, imparatorluk d\u00f6nemi oldu\u011funu varsayarsak Milattan \u00d6nce 1300 itibari ile d\u00fc\u015f\u00fcn\u00fclebilir. Net bir \u015fey s\u00f6yleyemeyiz ama 3000, 3200 y\u0131ll\u0131k daha net bir \u015fey s\u00f6ylemek m\u00fcmk\u00fcn de\u011fil ama imparatorluk d\u00f6nemi diyerek ba\u011flayabiliriz. Kayan\u0131n d\u00f6rt y\u00f6n\u00fc neredeyse yaz\u0131l\u0131. En uzun yaz\u0131t\u0131n bulundu\u011fu alan kuzeyde, di\u011fer taraflar\u0131 tahrip oldu\u011fu i\u00e7in yaz\u0131lar net g\u00f6r\u00fcnm\u00fcyor. G\u00fcney y\u00f6n\u00fcnde Hitit\u2019in gidip geli\u015flerinde bir yol g\u00fczergah\u0131n\u0131 belirleyen s\u0131n\u0131r ta\u015f\u0131m\u0131 diye d\u00fc\u015f\u00fcn\u00fclm\u00fc\u015f, bu durum ne kadar olas\u0131 bilmiyorum. Belki hanedan \u00fcyelerinin \u00e7\u0131kt\u0131\u011f\u0131 bir avda av\u0131n an\u0131s\u0131na dikilmi\u015f bir yaz\u0131 olabilir diye yaz\u0131yor baz\u0131 kaynaklarda, \u015fuan net bir \u015fey s\u00f6yleyemiyoruz. Biz etraftaki mimari kal\u0131nt\u0131yla birle\u015fti\u011fi zaman anlaml\u0131 olabilecek bir dini rituelden bahsedebiliriz\u201c dedi.<\/p>\n<p>Bakanl\u0131k kurtarma kaz\u0131s\u0131 ba\u015flatt\u0131<\/p>\n<p>\u0130l K\u00fclt\u00fcr ve Turizm M\u00fcd\u00fcr\u00fc Halil \u00c7al\u0131\u015f\u0131r ise, Bakanl\u0131\u011f\u0131n sundu\u011fu destekle b\u00f6lgede kurtarma kaz\u0131s\u0131 ba\u015flat\u0131ld\u0131\u011f\u0131n\u0131 s\u00f6yledi. \u00c7al\u0131\u015f\u0131r, \u201cAhi Evran \u00dcniversitesi, M\u00fcze M\u00fcd\u00fcrl\u00fc\u011f\u00fc ve K\u00fclt\u00fcr M\u00fcd\u00fcrl\u00fc\u011f\u00fc beraber kurtarma kaz\u0131s\u0131 yap\u0131yoruz. Daha \u00f6nceki y\u0131llarda defineciler taraf\u0131ndan burada bir tahribat ger\u00e7ekle\u015ftirilmi\u015f. Bakanl\u0131\u011f\u0131m\u0131z\u0131n deste\u011fi ile kurtarma kaz\u0131s\u0131 M\u00fcze M\u00fcd\u00fcrl\u00fc\u011f\u00fc ba\u015fkanl\u0131\u011f\u0131nda yap\u0131l\u0131yor. Kaz\u0131 yakla\u015f\u0131k 20 g\u00fcn s\u00fcrecek. Daha sonra kaz\u0131 sonucunda ortaya \u00e7\u0131kacak sonu\u00e7lara g\u00f6re farkl\u0131 i\u015flemler yap\u0131lacak. \u0130leriki y\u0131llarda yap\u0131lmas\u0131 \u00f6ng\u00f6r\u00fclen \u00e7al\u0131\u015fmalar yap\u0131lacak. Temizlik \u00e7al\u0131\u015fmas\u0131 sonras\u0131nda b\u00f6lgenin etraf\u0131n\u0131 koruma alt\u0131na al\u0131p, \u00fczerini kapatacak ve \u015fehrin turizmine kazand\u0131raca\u011f\u0131z\u201d diye konu\u015ftu.<\/p>\n","protected":false},"excerpt":{"rendered":"<p>KIR\u015eEH\u0130R\u2019DE GE\u00c7M\u0130\u015e D\u00d6NEMLERDE DEF\u0130NEC\u0130LER\u0130N KAZILARINDA PATLATTI\u011eI TAR\u0130H, K\u00dcLT\u00dcR BAKANLI\u011eI TARAFINDAN KORUMAYA ALINDI.<\/p>\n","protected":false},"author":1,"featured_media":177135,"comment_status":"closed","ping_status":"open","sticky":false,"template":"","format":"standard","meta":{"jetpack_post_was_ever_published":false,"_jetpack_newsletter_access":"","_jetpack_dont_email_post_to_subs":false,"_jetpack_newsletter_tier_id":0,"_jetpack_memberships_contains_paywalled_content":false,"_jetpack_memberships_contains_paid_content":false,"footnotes":"","jetpack_publicize_message":"","jetpack_publicize_feature_enabled":true,"jetpack_social_post_already_shared":true,"jetpack_social_options":{"image_generator_settings":{"template":"highway","default_image_id":0,"font":"","enabled":false},"version":2}},"categories":[1],"tags":[1014,8379,767,4064,43299,39380,43300,800],"class_list":["post-177134","post","type-post","status-publish","format-standard","has-post-thumbnail","hentry","category-genel","tag-alindi","tag-aniti","tag-define","tag-kaya","tag-kazilarinda","tag-korumaya","tag-patlatilan","tag-tarihi"],"jetpack_publicize_connections":[],"jetpack_featured_media_url":"https:\/\/i0.wp.com\/www.tvturk.com\/wp-content\/uploads\/2019\/07\/define-kazilarinda-patlatilan-tarihi-kaya-aniti-korumaya-alindi_f8abaad.jpg?fit=1000%2C666","jetpack_sharing_enabled":true,"jetpack_shortlink":"https:\/\/wp.me\/paKIfm-K50","_links":{"self":[{"href":"http:\/\/www.tvturk.com\/index.php\/wp-json\/wp\/v2\/posts\/177134","targetHints":{"allow":["GET"]}}],"collection":[{"href":"http:\/\/www.tvturk.com\/index.php\/wp-json\/wp\/v2\/posts"}],"about":[{"href":"http:\/\/www.tvturk.com\/index.php\/wp-json\/wp\/v2\/types\/post"}],"author":[{"embeddable":true,"href":"http:\/\/www.tvturk.com\/index.php\/wp-json\/wp\/v2\/users\/1"}],"replies":[{"embeddable":true,"href":"http:\/\/www.tvturk.com\/index.php\/wp-json\/wp\/v2\/comments?post=177134"}],"version-history":[{"count":0,"href":"http:\/\/www.tvturk.com\/index.php\/wp-json\/wp\/v2\/posts\/177134\/revisions"}],"wp:featuredmedia":[{"embeddable":true,"href":"http:\/\/www.tvturk.com\/index.php\/wp-json\/wp\/v2\/media\/177135"}],"wp:attachment":[{"href":"http:\/\/www.tvturk.com\/index.php\/wp-json\/wp\/v2\/media?parent=177134"}],"wp:term":[{"taxonomy":"category","embeddable":true,"href":"http:\/\/www.tvturk.com\/index.php\/wp-json\/wp\/v2\/categories?post=177134"},{"taxonomy":"post_tag","embeddable":true,"href":"http:\/\/www.tvturk.com\/index.php\/wp-json\/wp\/v2\/tags?post=177134"}],"curies":[{"name":"wp","href":"https:\/\/api.w.org\/{rel}","templated":true}]}}