{"id":177140,"date":"2019-07-03T11:01:49","date_gmt":"2019-07-03T08:01:49","guid":{"rendered":"http:\/\/www.tvturk.com\/index.php\/avrupa-birliginin-turkiyeye-yaptirimi-muzakereleri-dondurmaktan-oteye-gecemez\/"},"modified":"2019-07-03T11:01:49","modified_gmt":"2019-07-03T08:01:49","slug":"avrupa-birliginin-turkiyeye-yaptirimi-muzakereleri-dondurmaktan-oteye-gecemez","status":"publish","type":"post","link":"http:\/\/www.tvturk.com\/index.php\/avrupa-birliginin-turkiyeye-yaptirimi-muzakereleri-dondurmaktan-oteye-gecemez\/","title":{"rendered":"\u201cAvrupa Birli\u011fi\u2019nin T\u00fcrkiye\u2019ye yapt\u0131r\u0131m\u0131 m\u00fczakereleri dondurmaktan \u00f6teye ge\u00e7emez\u201d"},"content":{"rendered":"<p>Avrupa Birli\u011fi Eski Bakan\u0131 ve \u0130stanbul Ayd\u0131n \u00dcniversitesi Bat\u0131 Ara\u015ft\u0131rmalar\u0131 Merkezi Ba\u015fkan\u0131 Egemen Ba\u011f\u0131\u015f, Avrupa Birli\u011fi\u2019nin (AB) Do\u011fu Akdeniz\u2019deki sondaj krizinden sonra g\u00fcndeme gelen \u2018yapt\u0131r\u0131m\u2019 iddialar\u0131n\u0131 de\u011ferlendirdi. Ba\u011f\u0131\u015f AB\u2019nin T\u00fcrkiye\u2019ye g\u00fc\u00e7l\u00fc bir yapt\u0131r\u0131mda bulunamayaca\u011f\u0131n\u0131 belirtti.<\/p>\n<p>Kuzey K\u0131br\u0131s T\u00fcrk Cumhuriyeti\u2019nin (KKTC) ekonomik m\u00fcnhas\u0131r b\u00f6lgesinde yer alan do\u011falgaz sahalar\u0131nda sondaj \u00e7al\u0131\u015fmalar\u0131na ba\u015flayan T\u00fcrk gemileri b\u00f6lgede arama-tarama faaliyetlerinde bulunan \u00fclkelerin tepkisini \u00e7ekmi\u015fti.<\/p>\n<p>En y\u00fcksek sesli tepki Yunanistan\u2019dan gelirken, Avrupa Birli\u011fi de (AB) T\u00fcrkiye ile y\u00fcr\u00fct\u00fclen G\u00fcmr\u00fck Birli\u011fi g\u00f6r\u00fc\u015fmelerinin ask\u0131ya al\u0131nabilece\u011fini duyurmu\u015ftu.<\/p>\n<p>Avrupa Birli\u011fi Eski Bakan\u0131 ve \u0130stanbul Ayd\u0131n \u00dcniversitesi Bat\u0131 Ara\u015ft\u0131rmalar\u0131 Merkezi Ba\u015fkan\u0131 Egemen Ba\u011f\u0131\u015f, Do\u011fu Akdeniz\u2019deki geli\u015fmeleri, AB\u2019nin yapt\u0131r\u0131m tehdidini ve T\u00fcrkiye\u2019nin yapt\u0131r\u0131mlar kar\u015f\u0131s\u0131ndaki direncini de\u011ferlendirdi.<\/p>\n<p>\u201cAB\u2019nin T\u00fcrkiye\u2019ye yapt\u0131r\u0131m\u0131 diplomatik bir hata olur\u201d<\/p>\n<p>BREXIT s\u00fcreciyle AB dengelerinin sorguland\u0131\u011f\u0131n\u0131 ifade eden Egemen Ba\u011f\u0131\u015f, \u201c\u0130ki D\u00fcnya Sava\u015f\u0131ndan \u00e7\u0131kan Avrupa \u00dclkelerinin huzur ortam\u0131n\u0131 ortak ticaret ile a\u015faca\u011f\u0131n\u0131 \u00f6ng\u00f6r\u00fcp kurulan AB, ge\u00e7irdi\u011fi a\u015famalar ve reformlarla g\u00fcn\u00fcm\u00fczde ortak para kullanan ve k\u0131t\u2019an\u0131n \u00e7o\u011funa yay\u0131lan siyasi bir g\u00fc\u00e7 de olmu\u015ftur. Bunun neticesinde \u00fcyelerinin ya\u015fad\u0131\u011f\u0131 siyasi, diplomatik ve g\u00fcvenlik sorunlar\u0131nda baz\u0131 yapt\u0131r\u0131mlarda bulunmaya te\u015febb\u00fcs edebiliyor. Lakin hala bir d\u00f6n\u00fc\u015f\u00fcm s\u00fcrecinde olan ve BREXIT sonras\u0131 baz\u0131 \u00fcyelerince varl\u0131\u011f\u0131 bile sorgulanan AB\u2019nin T\u00fcrkiye kadar g\u00fc\u00e7l\u00fc bir \u00fclkeye yapt\u0131r\u0131mlarda bulunmaya \u00e7abalamas\u0131 diplomatik bir hata olur. \u0130li\u015fkilerimize olumlu bir hava yans\u0131tmayaca\u011f\u0131 a\u015fik\u00e2r olan bu karar\u0131 alsalar da almasalar da T\u00fcrkiye Cumhuriyeti dik duru\u015fundan ve milli \u00e7\u0131karlar\u0131ndan vazge\u00e7meyecektir\u201d \u015feklinde konu\u015ftu.<\/p>\n<p>\u201cKKTC\u2019nin egemenlik haklar\u0131n\u0131 yok sayan anlay\u0131\u015f kabul edilemez\u201d<\/p>\n<p>AB\u2019nin KKTC\u2019nin varl\u0131\u011f\u0131n\u0131 ve egemenli\u011fini tan\u0131mamas\u0131n\u0131 \u2018kabul edilemez\u2019 olarak de\u011ferlendiren Ba\u011f\u0131\u015f, \u201cBu hususta \u015funu da kamuoyumuz bilmeli ki 18 Haziran\u2019da Avrupa Birli\u011fi Genel \u0130\u015fler Konseyi\u2019nin (G\u0130K) Rum y\u00f6netiminin etkisinde kalarak ald\u0131\u011f\u0131 kararlar\u0131n\u0131 D\u0131\u015fi\u015fleri Bakanl\u0131\u011f\u0131m\u0131z reddetti\u011fini net bir bi\u00e7imde beyan etmi\u015ftir. Avrupa Birli\u011fi Do\u011fu Akdeniz\u2019de en uzun sahil \u015feridine sahip olan T\u00fcrkiye\u2019yi ve tam ortas\u0131nda bulunan K\u0131br\u0131s Adas\u0131n\u0131n kuzey \u015feridine h\u00e2kim KKTC\u2019yi yok sayarak egemenlik haklar\u0131na m\u00fcdahale edemez. Maalesef AB gibi bir projeyi \u00fcye aday\u0131 bir \u00fclkeye m\u00fczakereler s\u00fcrerken kendinden iteleyen haks\u0131z kararlarla kendi me\u015fruiyetini sorgulat\u0131r hale gelmektedir. T\u00fcrkiye diplomatik s\u00fcre\u00e7lerle elde etti\u011fi G\u00fcmr\u00fck Birli\u011fi hakk\u0131ndan tabii ki de kolayca vazge\u00e7mez ama b\u00f6yle bir karar da her y\u0131l ihracat\u0131n\u0131 ve siyasi etki alan\u0131n\u0131 geni\u015fleten \u00fclkemiz i\u00e7in de d\u00fcnyan\u0131n sonu olmayacakt\u0131r\u201d ifadelerini kulland\u0131.<\/p>\n<p>\u201cEn fazla m\u00fczakereler ask\u0131ya al\u0131n\u0131r\u201d<\/p>\n<p>Yunanistan ve Rum taraf\u0131n\u0131n \u00f6nermesiyle \u2018yapt\u0131r\u0131m\u2019 tehditleri savuran AB\u2019nin T\u00fcrkiye\u2019ye kar\u015f\u0131 atabilece\u011fi ad\u0131mlar\u0131 yorumlayan Egemen Ba\u011f\u0131\u015f, \u201cT\u00fcrkiye\u2019ye yapabilecekleri en b\u00fcy\u00fck yapt\u0131r\u0131mlar m\u00fczakereleri ask\u0131ya almak, \u00fcyelik s\u00fcrecini dondurmak ya da AB projeleri finansmanlar\u0131n\u0131 dondurmak gibi tezah\u00fcr edebilir. Zaten bug\u00fcn gelinen noktada AB\u2019nin m\u00fczakereleri canland\u0131rma gibi bir \u00e7abas\u0131 yoktur. Fas\u0131llarla ilgili bir a\u00e7ma ya da kapama yapmayacaklar\u0131n\u0131 ilan etmi\u015f bulunmaktad\u0131rlar. Daha \u00f6tesi bir yapt\u0131r\u0131m kendisi hala s\u00fcper g\u00fc\u00e7 olmay\u0131 ba\u015faramayan AB\u2019nin yapabilece\u011fi \u015feyler de\u011fil. Hele ki askeri yapt\u0131r\u0131mlar kendine ait g\u00fc\u00e7l\u00fc bir ordusu olmayan bu birli\u011fin harc\u0131 hi\u00e7 de\u011fil. Kamuoyumuzu endi\u015feye d\u00fc\u015f\u00fcrecek bir alg\u0131 olu\u015fmamal\u0131. Hele ki \u00fclkemiz gibi kendi silah sanayi ve teknolojisi geli\u015ftiren, NATO\u2019nun en b\u00fcy\u00fck ikinci ordusuna sahip bir T\u00fcrkiye bu gerilimin muhatab\u0131yken kamuoyunu yan\u0131ltacak yorumlara itibar etmemek gerekir\u201d s\u00f6zlerini kulland\u0131.<\/p>\n<p>\u201cZaman T\u00fcrkiye\u2019yi hakl\u0131 \u00e7\u0131karacak\u201d<\/p>\n<p>T\u00fcrkiye\u2019nin kendi \u00e7\u0131karlar\u0131 do\u011frultusunda karar alma kudretinde oldu\u011funun alt\u0131n\u0131 \u00e7izen Ba\u011f\u0131\u015f, \u201c\u00d6ncelikle T\u00fcrkiye Cumhuriyeti ne bir \u00e7ad\u0131r devletidir ne de Avrupa\u2019n\u0131n g\u00f6be\u011finde kurulan jeopolitik y\u00fck\u00fcml\u00fcl\u00fckleri olmayan kendi ya\u011f\u0131yla kavrulan k\u00fc\u00e7\u00fck bir devlettir. 80 milyon n\u00fcfusu olan, gayrisafi milli has\u0131las\u0131 itibariyle d\u00fcnyan\u0131n en b\u00fcy\u00fck 20 ekonomisi aras\u0131nda, NATO\u2019nun en b\u00fcy\u00fck ikinci ordusuna sahip bir \u00fclkeyiz. Cumhurba\u015fkan\u0131m\u0131z \u00f6nderli\u011finde ulusal \u00e7\u0131karlar\u0131m\u0131z neyi gerektiriyorsa onu yapabilecek kudrete sahibiz. Jeopolitik \u00f6nemi olan, bir\u00e7ok co\u011frafyan\u0131n kesi\u015fim k\u00fcmesinde olan ve Ortado\u011fu\u2019da, Karadeniz\u2019de, Balkanlar\u2019da, Do\u011fu Akdeniz\u2019de, Orta Asya\u2019da ve \u0130slam \u00fclkelerinde \u00f6nemli bir uluslararas\u0131 akt\u00f6r olan T\u00fcrkiye milli \u00e7\u0131karlar\u0131n\u0131 tabi ki g\u00f6zetecektir. Hele ki bekas\u0131 mevzu-bahisse hi\u00e7bir tehdit ya da yapt\u0131r\u0131ma boyun e\u011fecek bir \u00fclke de\u011fildir. S-400 meselesi ile ilintili olarak F-35 u\u00e7aklar\u0131n\u0131n teslim edilmemesi tehdidi bizi geri ad\u0131m att\u0131ramaz. Ba\u015fkan Trump bile Cumhurba\u015fkan\u0131m\u0131z ile temas\u0131 sonras\u0131 yapt\u0131\u011f\u0131 bas\u0131n toplant\u0131s\u0131nda hakl\u0131l\u0131\u011f\u0131m\u0131z\u0131n alt\u0131n\u0131 \u00e7izdi. Kald\u0131 ki tasar\u0131m ve \u00fcretiminde yer ald\u0131\u011f\u0131m\u0131z bu u\u00e7aklar\u0131 bize teslim etmemeleri diplomatik olarak ba\u015far\u0131s\u0131z bir Bat\u0131\u2019n\u0131n haks\u0131z ve hukuksuz ad\u0131mlara ba\u015fvuracak \u00e7aresizlikte oldu\u011funun ve T\u00fcrkiye\u2019nin t\u00fcm bu s\u00fcre\u00e7lerde y\u00fcr\u00fctt\u00fc\u011f\u00fc diplomasi ile ne kadar devlet adab\u0131na ve so\u011fukkanl\u0131l\u0131\u011fa sahip oldu\u011funu g\u00f6sterir. Bu s\u00fcre\u00e7ler uluslararas\u0131 itibar\u0131m\u0131z\u0131n ve g\u00fcc\u00fcm\u00fcz\u00fcn d\u00fcnya nezdinde ilerleyen d\u00f6nemlerde daha da artmas\u0131na katk\u0131 sa\u011flayacakt\u0131r\u201d ifadelerini kulland\u0131.<\/p>\n<p>\u201cT\u00fcrkiye\u2019siz AB \u2018g\u00fcd\u00fck\u2019 kal\u0131r\u201d<\/p>\n<p>T\u00fcrkiye\u2019yi kendisine rakip g\u00f6ren bir Avrupa Birli\u011fi\u2019nin gelecekte zay\u0131flayaca\u011f\u0131n\u0131 s\u00f6yleyen Egemen Ba\u011f\u0131\u015f, \u201cGen\u00e7 bir n\u00fcfusu olan, e\u011fitim d\u00fczeyi her g\u00fcn artan, b\u00fcy\u00fcyen ekonomisi ve t\u00fcm d\u00fcnyada diplomatik ili\u015fkilerini art\u0131ran T\u00fcrkiye\u2019yi kendisine ortak de\u011fil rakip g\u00f6ren AB kendi gelece\u011fini de g\u00fcd\u00fck b\u0131rakacakt\u0131r. 50 k\u00fcsur y\u0131lda geli\u015fen ili\u015fkiler kolay kolay kopmayacakt\u0131r. Kar\u015f\u0131l\u0131kl\u0131 hakkaniyet \u00e7er\u00e7evesinde ili\u015fkilerimiz y\u00fcr\u00fcrse hem AB hem de bizim i\u00e7in her \u015fey daha hakkaniyetli olacakt\u0131r. Ama i\u00e7 siyaset u\u011fruna pop\u00fclist kararlarla T\u00fcrkiye\u2019yi \u00f6telerlerse biz S-400 \u00f6rne\u011finde oldu\u011fu gibi alternatif kanallar\u0131 de\u011ferlendirip uygulayacak g\u00fc\u00e7l\u00fc bir \u00fclkeyiz\u201d \u015feklinde a\u00e7\u0131klamalar\u0131n\u0131 sonland\u0131rd\u0131.<\/p>\n","protected":false},"excerpt":{"rendered":"<p>AVRUPA B\u0130RL\u0130\u011e\u0130 ESK\u0130 BAKANI VE \u0130STANBUL AYDIN \u00dcN\u0130VERS\u0130TES\u0130 BATI ARA\u015eTIRMALARI MERKEZ\u0130 BA\u015eKANI EGEMEN BA\u011eI\u015e, AVRUPA B\u0130RL\u0130\u011e\u0130\u2019N\u0130N (AB) DO\u011eU AKDEN\u0130Z\u2019DEK\u0130 SONDAJ KR\u0130Z\u0130NDEN SONRA G\u00dcNDEME GELEN \u2018YAPTIRIM\u2019 \u0130DD\u0130ALARINI DE\u011eERLEND\u0130RD\u0130. BA\u011eI\u015e AB\u2019N\u0130N T\u00dcRK\u0130YE\u2019YE G\u00dc\u00c7L\u00dc B\u0130R YAPTIRIMDA BULUNAMAYACA\u011eINI BEL\u0130RTT\u0130.<\/p>\n","protected":false},"author":1,"featured_media":177141,"comment_status":"closed","ping_status":"open","sticky":false,"template":"","format":"standard","meta":{"jetpack_post_was_ever_published":false,"_jetpack_newsletter_access":"","_jetpack_dont_email_post_to_subs":false,"_jetpack_newsletter_tier_id":0,"_jetpack_memberships_contains_paywalled_content":false,"_jetpack_memberships_contains_paid_content":false,"footnotes":"","jetpack_publicize_message":"","jetpack_publicize_feature_enabled":true,"jetpack_social_post_already_shared":true,"jetpack_social_options":{"image_generator_settings":{"template":"highway","default_image_id":0,"font":"","enabled":false},"version":2}},"categories":[1],"tags":[392,13992,43302,43303,42137,33444,4071,43301],"class_list":["post-177140","post","type-post","status-publish","format-standard","has-post-thumbnail","hentry","category-genel","tag-avrupa","tag-birliginin","tag-dondurmaktan","tag-gecemez","tag-muzakereleri","tag-oteye","tag-turkiyeye","tag-yaptirimi"],"jetpack_publicize_connections":[],"jetpack_featured_media_url":"https:\/\/i0.wp.com\/www.tvturk.com\/wp-content\/uploads\/2019\/07\/avrupa-birliginin-turkiyeye-yaptirimi-muzakereleri-dondurmaktan-oteye-gecemez_8e9ae2d.jpg?fit=1000%2C747","jetpack_sharing_enabled":true,"jetpack_shortlink":"https:\/\/wp.me\/paKIfm-K56","_links":{"self":[{"href":"http:\/\/www.tvturk.com\/index.php\/wp-json\/wp\/v2\/posts\/177140","targetHints":{"allow":["GET"]}}],"collection":[{"href":"http:\/\/www.tvturk.com\/index.php\/wp-json\/wp\/v2\/posts"}],"about":[{"href":"http:\/\/www.tvturk.com\/index.php\/wp-json\/wp\/v2\/types\/post"}],"author":[{"embeddable":true,"href":"http:\/\/www.tvturk.com\/index.php\/wp-json\/wp\/v2\/users\/1"}],"replies":[{"embeddable":true,"href":"http:\/\/www.tvturk.com\/index.php\/wp-json\/wp\/v2\/comments?post=177140"}],"version-history":[{"count":0,"href":"http:\/\/www.tvturk.com\/index.php\/wp-json\/wp\/v2\/posts\/177140\/revisions"}],"wp:featuredmedia":[{"embeddable":true,"href":"http:\/\/www.tvturk.com\/index.php\/wp-json\/wp\/v2\/media\/177141"}],"wp:attachment":[{"href":"http:\/\/www.tvturk.com\/index.php\/wp-json\/wp\/v2\/media?parent=177140"}],"wp:term":[{"taxonomy":"category","embeddable":true,"href":"http:\/\/www.tvturk.com\/index.php\/wp-json\/wp\/v2\/categories?post=177140"},{"taxonomy":"post_tag","embeddable":true,"href":"http:\/\/www.tvturk.com\/index.php\/wp-json\/wp\/v2\/tags?post=177140"}],"curies":[{"name":"wp","href":"https:\/\/api.w.org\/{rel}","templated":true}]}}