{"id":177142,"date":"2019-07-03T11:01:54","date_gmt":"2019-07-03T08:01:54","guid":{"rendered":"http:\/\/www.tvturk.com\/index.php\/roma-askerlerinin-atlarinin-barindigi-bin-500-yillik-ahir-bulundu\/"},"modified":"2019-07-03T11:01:54","modified_gmt":"2019-07-03T08:01:54","slug":"roma-askerlerinin-atlarinin-barindigi-bin-500-yillik-ahir-bulundu","status":"publish","type":"post","link":"http:\/\/www.tvturk.com\/index.php\/roma-askerlerinin-atlarinin-barindigi-bin-500-yillik-ahir-bulundu\/","title":{"rendered":"Roma askerlerinin atlar\u0131n\u0131n bar\u0131nd\u0131\u011f\u0131 bin 500 y\u0131ll\u0131k ah\u0131r bulundu"},"content":{"rendered":"<p>T\u00fcrkiye\u2019nin \u00f6nemli turizm merkezlerinden Kapadokya b\u00f6lgesinde bulunan d\u00fcnyan\u0131n en b\u00fcy\u00fck yer alt\u0131 \u015fehrinde Roma askerlerinin atlar\u0131n\u0131n bar\u0131nd\u0131\u011f\u0131 bin 500 y\u0131ll\u0131k ah\u0131r ortaya \u00e7\u0131kt\u0131.<\/p>\n<p>Nev\u015fehir Belediyesi taraf\u0131ndan ortaya \u00e7\u0131kart\u0131lan d\u00fcnyan\u0131n en b\u00fcy\u00fck yer alt\u0131 \u015fehrinde \u00e7al\u0131\u015fmalar devam ediyor. \u00c7al\u0131\u015fmalar s\u0131ras\u0131nda bin 500 y\u0131l \u00f6nce Do\u011fu Roma d\u00f6neminde sava\u015f atlar\u0131n\u0131n yeti\u015ftirildi\u011fi ve atlar\u0131n bak\u0131mlar\u0131n\u0131n yap\u0131ld\u0131\u011f\u0131 ah\u0131r ortaya \u00e7\u0131kt\u0131. Ah\u0131r i\u00e7erisinde 50 yemlik bulunurken, yemliklerde 100 at\u0131n ayn\u0131 anda beslendi\u011fi ifade ediliyor.<\/p>\n<p>Nev\u015fehir Belediye Ba\u015fkan\u0131 Rasim Ar\u0131, d\u00fcnyan\u0131n en b\u00fcy\u00fck yer alt\u0131 kentinde ortaya \u00e7\u0131kart\u0131lan ah\u0131r\u0131n bin 500 y\u0131ll\u0131k oldu\u011funu ve burada Do\u011fu Roma \u0130mparatorlu\u011fu\u2019na ait sava\u015f atlar\u0131n\u0131n yeti\u015ftirildi\u011fini s\u00f6yledi. Ba\u015fkan Ar\u0131, \u201c\u015eimdi Nev\u015fehir, Kapadokya b\u00f6lgesi d\u00fcnya turizminin ba\u015fkentidir. T\u00fcrkiye\u2019nin her taraf\u0131nda farkl\u0131 turizm destinasyonlar\u0131 bulabilirsiniz ancak Kapadokya ve Nev\u015fehir\u2019in \u00f6zel bir yeri var. Her zaman ifade etti\u011fimiz gibi Kapadokya b\u00f6lgesi d\u00fcnyada e\u015fi benzeri olmayan bir b\u00f6lgedir. Deniz turizmini veya farkl\u0131 turizm aktivitelerini farkl\u0131 \u00fclkelerde, farkl\u0131 \u015fehirlerde benzerlerini bulabilme olas\u0131l\u0131\u011f\u0131n\u0131z var. Fakat Nev\u015fehirimizin ve Kapadokya b\u00f6lgemizin bir alternatifini d\u00fcnyan\u0131n hi\u00e7bir yerinde bulman\u0131z m\u00fcmk\u00fcn de\u011fil. Bu manada Nev\u015fehirimize ve Kapadokya b\u00f6lgemize y\u0131ll\u0131k 2 milyon 700 bin turist gelmektedir. \u0130n\u015fallah bu y\u0131l 3 bu\u00e7uk milyon turist hedefi bulunmaktad\u0131r. Ancak \u015fehir merkezimizin turizmden ald\u0131\u011f\u0131 pay maalesef \u015fuanda s\u0131f\u0131r. Fakat \u015fehir merkezinin turizmden ald\u0131\u011f\u0131 pay\u0131n art\u0131r\u0131labilmesi i\u00e7in elimizde \u00e7ok \u00f6nemli bir enstr\u00fcman kale b\u00f6lgesinde \u00e7\u0131kan d\u00fcnyan\u0131n en b\u00fcy\u00fck yer alt\u0131 \u015fehri olarak ifade etti\u011fimiz kale b\u00f6lgesindeki yer alt\u0131 \u015fehrimizdir. D\u00fcnyan\u0131n en b\u00fcy\u00fck yer alt\u0131 \u015fehrimizden her g\u00fcn tarihi ayd\u0131nlatacak ve bu b\u00f6lgedeki yerle\u015fimin hangi d\u00f6neme ait oldu\u011funu ifade edecek her g\u00fcn farkl\u0131 turizm ve tarihi yerler ortaya \u00e7\u0131kmaktad\u0131r. Bunlardan bir tanesi de ah\u0131rlar b\u00f6lgesidir. Ayn\u0131 anda 100 tane at\u0131n bak\u0131m\u0131n\u0131n yap\u0131ld\u0131\u011f\u0131 ve yeti\u015ftirildi\u011fi ah\u0131rlar b\u00f6lgesi ortaya \u00e7\u0131kt\u0131. Bu ah\u0131rlar\u0131n Roma d\u00f6nemine ait oldu\u011fu belirtiliyor. \u0130n\u015fallah biz \u015fimdi \u015fehrimizde yeni bir turizm hamlesi ba\u015flatarak hem kale b\u00f6lgemizi hem de buradaki yer alt\u0131 \u015fehrini faaliyete ge\u00e7irmeyi hedefliyoruz. Bu faaliyete ge\u00e7irme esnas\u0131nda ise bizim en \u00f6nemli arg\u00fcmanlar\u0131m\u0131zdan bir tanesi de bu ah\u0131rlar b\u00f6lgesiyle birlikte bu b\u00f6lgenin tarihine dair verilerin elimize net bir \u015fekilde geliyor olmas\u0131d\u0131r. Bu anlamda da 100 tane Roma sava\u015f\u00e7\u0131 at\u0131n\u0131n yeti\u015ftirildi\u011fi mek\u00e2n ortaya \u00e7\u0131kt\u0131\u201d dedi.<\/p>\n<p>\u201c\u0130HA\u2019ya te\u015fekk\u00fcr ederim\u201d<\/p>\n<p>Nev\u015fehir Belediye Ba\u015fkan\u0131 Rasim Ar\u0131, &#8220;D\u00fcnyan\u0131n en b\u00fcy\u00fck yer alt\u0131 \u015fehrinde yap\u0131lan \u00e7al\u0131\u015fmalar\u0131 g\u00f6r\u00fcnt\u00fcleyen ve kamuoyunu bilgilendiren \u0130hlas Haber Ajans\u0131\u2019na te\u015fekk\u00fcr ederim&#8221; dedi. Ar\u0131, \u201cSizde bu ah\u0131r\u0131 incelediniz ve g\u00f6r\u00fcnt\u00fclediniz. Bu vesileyle de ben size ve \u0130hlas Haber Ajans\u0131 (\u0130HA) ailesine \u00e7ok te\u015fekk\u00fcr ediyorum. \u0130n\u015fallah bu b\u00f6lgeleri \u00e7ok yak\u0131n bir zaman i\u00e7erisinde hem \u00fclkemizin hem d\u00fcnyan\u0131n turizmine kazand\u0131rm\u0131\u015f olaca\u011f\u0131z\u201d \u015feklinde konu\u015ftu.<\/p>\n","protected":false},"excerpt":{"rendered":"<p>NEV\u015eEH\u0130R\u2019DE BULUNAN D\u00dcNYANIN EN B\u00dcY\u00dcK YERALTI KENT\u0130NDE 5.Y\u00dcZYILDAN \u0130T\u0130BAREN G\u00dcN\u00dcM\u00dcZE KADAR KULLANILAN AHIR ORTAYA \u00c7IKTI.<\/p>\n","protected":false},"author":1,"featured_media":177143,"comment_status":"closed","ping_status":"open","sticky":false,"template":"","format":"standard","meta":{"jetpack_post_was_ever_published":false,"_jetpack_newsletter_access":"","_jetpack_dont_email_post_to_subs":false,"_jetpack_newsletter_tier_id":0,"_jetpack_memberships_contains_paywalled_content":false,"_jetpack_memberships_contains_paid_content":false,"footnotes":"","jetpack_publicize_message":"","jetpack_publicize_feature_enabled":true,"jetpack_social_post_already_shared":true,"jetpack_social_options":{"image_generator_settings":{"template":"highway","default_image_id":0,"font":"","enabled":false},"version":2}},"categories":[1],"tags":[565,10346,37059,43304,43305,213,204,6524,710],"class_list":["post-177142","post","type-post","status-publish","format-standard","has-post-thumbnail","hentry","category-genel","tag-565","tag-ahir","tag-askerlerinin","tag-atlarinin","tag-barindigi","tag-bin","tag-bulundu","tag-roma","tag-yillik"],"jetpack_publicize_connections":[],"jetpack_featured_media_url":"https:\/\/i0.wp.com\/www.tvturk.com\/wp-content\/uploads\/2019\/07\/roma-askerlerinin-atlarinin-barindigi-bin-500-yillik-ahir-bulundu_e9a587b.jpg?fit=1000%2C562","jetpack_sharing_enabled":true,"jetpack_shortlink":"https:\/\/wp.me\/paKIfm-K58","_links":{"self":[{"href":"http:\/\/www.tvturk.com\/index.php\/wp-json\/wp\/v2\/posts\/177142","targetHints":{"allow":["GET"]}}],"collection":[{"href":"http:\/\/www.tvturk.com\/index.php\/wp-json\/wp\/v2\/posts"}],"about":[{"href":"http:\/\/www.tvturk.com\/index.php\/wp-json\/wp\/v2\/types\/post"}],"author":[{"embeddable":true,"href":"http:\/\/www.tvturk.com\/index.php\/wp-json\/wp\/v2\/users\/1"}],"replies":[{"embeddable":true,"href":"http:\/\/www.tvturk.com\/index.php\/wp-json\/wp\/v2\/comments?post=177142"}],"version-history":[{"count":0,"href":"http:\/\/www.tvturk.com\/index.php\/wp-json\/wp\/v2\/posts\/177142\/revisions"}],"wp:featuredmedia":[{"embeddable":true,"href":"http:\/\/www.tvturk.com\/index.php\/wp-json\/wp\/v2\/media\/177143"}],"wp:attachment":[{"href":"http:\/\/www.tvturk.com\/index.php\/wp-json\/wp\/v2\/media?parent=177142"}],"wp:term":[{"taxonomy":"category","embeddable":true,"href":"http:\/\/www.tvturk.com\/index.php\/wp-json\/wp\/v2\/categories?post=177142"},{"taxonomy":"post_tag","embeddable":true,"href":"http:\/\/www.tvturk.com\/index.php\/wp-json\/wp\/v2\/tags?post=177142"}],"curies":[{"name":"wp","href":"https:\/\/api.w.org\/{rel}","templated":true}]}}