{"id":177166,"date":"2019-07-03T11:16:50","date_gmt":"2019-07-03T08:16:50","guid":{"rendered":"http:\/\/www.tvturk.com\/index.php\/ihmal-edilen-bas-agrisi-beyin-kanamasina-neden-olabilir\/"},"modified":"2019-07-03T11:16:50","modified_gmt":"2019-07-03T08:16:50","slug":"ihmal-edilen-bas-agrisi-beyin-kanamasina-neden-olabilir","status":"publish","type":"post","link":"http:\/\/www.tvturk.com\/index.php\/ihmal-edilen-bas-agrisi-beyin-kanamasina-neden-olabilir\/","title":{"rendered":"\u201c\u0130hmal edilen ba\u015f a\u011fr\u0131s\u0131 beyin kanamas\u0131na neden olabilir\u201d"},"content":{"rendered":"<p>Ba\u015f a\u011fr\u0131lar\u0131nda b\u00f6lgesel de\u011fi\u015fikliklerin y\u00fcksek tansiyon belirtisi olabilece\u011fini s\u00f6yleyen N\u00f6roloji Uzman\u0131 Dr. Selen G\u00fcr \u00d6zmen, \u201c\u0130hmal edilen ba\u015f a\u011fr\u0131s\u0131 beyin kanamas\u0131na yol a\u00e7abilmektedir\u201d dedi.<\/p>\n<p>S\u00fcrekli devam eden ba\u015f a\u011fr\u0131lar\u0131, v\u00fccudunuzun g\u00f6sterdi\u011fi tehlike sinyali olabilir. Uzmanlar, ihmal edilen ba\u015f a\u011fr\u0131s\u0131n\u0131n y\u00fcksek tansiyon belirtisi olabilece\u011fini ve bunun da b\u00f6brekten beyne kadar bir \u00e7ok organ\u0131 olumsuz etkileyebilece\u011fi uyar\u0131s\u0131nda bulunuyor. Ba\u015ftaki a\u011fr\u0131 b\u00f6lgelerinin de\u011fi\u015fiminin bunun en iyi belirtisi oldu\u011funu s\u00f6yleyen Bah\u00e7e\u015fehir \u00dcniversitesi (BAU) Sa\u011fl\u0131k Bilimleri Enstit\u00fcs\u00fc \u00d6\u011fr. G\u00f6revlisi Uzm. Dr. Selen G\u00fcr \u00d6zmen, ba\u015f a\u011fr\u0131s\u0131 hakk\u0131nda bilinmesi gereken do\u011frular\u0131 anlatt\u0131.<\/p>\n<p>\u201cBa\u015f a\u011fr\u0131s\u0131nda devaml\u0131 ayn\u0131 a\u011fr\u0131 kesiciyi kullanmak yanl\u0131\u015f\u201d<\/p>\n<p>Ba\u015f a\u011fr\u0131s\u0131nda s\u00fcrekli a\u011fr\u0131 kesici kullan\u0131m\u0131n\u0131n yanl\u0131\u015f oldu\u011funu ifade eden N\u00f6roloji Uzman\u0131 Dr. Selen G\u00fcr \u00d6zmen, \u201c\u0130nsanlar fark\u0131nda olmadan haftada 3\u2019den fazla a\u011fr\u0131 kesici al\u0131rsa ba\u015fka bir ba\u015f a\u011fr\u0131s\u0131na davetiye \u00e7\u0131karm\u0131\u015f olurlar. Bunun ad\u0131 da a\u015f\u0131r\u0131 ila\u00e7 kullan\u0131m\u0131ndan kaynaklanan ba\u015f a\u011fr\u0131s\u0131. Bu daha a\u011f\u0131r bir ba\u015f a\u011fr\u0131s\u0131. Ki\u015fi a\u011fr\u0131 kesici al\u0131yor, a\u011fr\u0131 ge\u00e7miyor ve yine a\u011fr\u0131 kesici al\u0131yor. Bu bir d\u00f6ng\u00fcye d\u00f6n\u00fc\u015f\u00fcyor. Bu bir migren a\u011fr\u0131s\u0131 olur, gerilim tipi ba\u015f a\u011fr\u0131s\u0131 olur veya bir ba\u015fkas\u0131 olur. Bu tarz insanlar, fark\u0131nda olmadan buna neden olabilmektedir. Haftada 3 ya da 4\u2019den daha s\u0131k ba\u015f a\u011fr\u0131s\u0131 ya\u015fayan ki\u015filere, her g\u00fcn kullanmalar\u0131 gereken ba\u015fka s\u0131n\u0131f ila\u00e7lar vererek yani \u00f6nleyici tedavi uygulayarak a\u011fr\u0131 kesici kullan\u0131m s\u0131kl\u0131\u011f\u0131n\u0131 azalt\u0131yoruz. Ba\u015f a\u011fr\u0131s\u0131 olan ki\u015filerin n\u00f6roloji uzman\u0131na mutlaka gitmeleri laz\u0131m. O ba\u015f a\u011fr\u0131s\u0131n\u0131 kategorize etmek laz\u0131m. Mesela, egzersizle tetiklenen bir ba\u015f a\u011fr\u0131s\u0131 t\u00fcr\u00fc bile var. Sadece spor yaparken ortaya \u00e7\u0131kmakta. Bu tan\u0131lar\u0131 yapabilecek ki\u015filerse, sadece n\u00f6roloji uzmanlar\u0131d\u0131r. Bu tan\u0131mlamay\u0131 yapt\u0131ktan sonra da ki\u015fiyi daha az ila\u00e7 kullanabilmesi i\u00e7in biz y\u00f6nlendiriyoruz\u201d \u015feklinde konu\u015ftu.<\/p>\n<p>\u201cY\u00fcksek tansiyonunun tetikledi\u011fi ba\u015f a\u011fr\u0131s\u0131 beyin kanamas\u0131na neden olabilir\u201d<\/p>\n<p>Doktor kontrol\u00fcnde ba\u015f a\u011fr\u0131s\u0131n\u0131n kategorize edilmesi gerekti\u011fini belirten \u00d6zmen, \u015f\u00f6yle devam etti; \u201cSebebi bilinmeyen ba\u015f a\u011fr\u0131s\u0131 tehlike sinyali olabilir. S\u00fcrekli ba\u015f a\u011fr\u0131s\u0131 \u00e7ekmeye al\u0131\u015fm\u0131\u015f bir insan, kendisi farketmeden \u00e7e\u015fitli nedenlerle ba\u015f a\u011fr\u0131s\u0131n\u0131n \u015fekli de\u011fi\u015febilmekte ya da a\u011fr\u0131n\u0131n yeri de\u011fi\u015fiyor. \u00d6rne\u011fin, uzun s\u00fcredir ki\u015finin \u015fakaklar\u0131 a\u011fr\u0131maktad\u0131r ve buna al\u0131\u015fm\u0131\u015ft\u0131r. Bir s\u00fcre sonra ense k\u00f6k\u00fc a\u011fr\u0131maya ba\u015fl\u0131yor fakat hasta bunu \u00f6nemsemiyor. Genelde de ense k\u00f6k\u00fcndeki a\u011fr\u0131lar, y\u00fcksek tansiyonunun belirtisi olmaktad\u0131r. Yani ba\u015ftaki a\u011fr\u0131lar\u0131n de\u011fi\u015fikli\u011finden ki\u015fi hastaneye gitmezse y\u00fcksek tansiyonunun etkilerini g\u00f6rebiliriz. Bu g\u00f6z\u00fcne, b\u00f6bre\u011fine, beynine zarar verebilir. Hatta bu s\u00fcre\u00e7 beyin kanamas\u0131na kadar gidebilmektedir. \u0130nsanlar genelde y\u00fcksek tansiyonunun ba\u015f a\u011fr\u0131s\u0131 yapt\u0131\u011f\u0131n\u0131 alg\u0131lamay\u0131p bununla ya\u015fay\u0131p etkilerini g\u00f6rd\u00fckten sonra hastaneye gelebiliyorlar. Mesela ki\u015fi y\u00fcksek tansiyon hastas\u0131 oldu\u011funu bilmez ve hastaneye kanamayla gelir. O y\u00fczden ba\u015f a\u011fr\u0131s\u0131 olan ki\u015filer mutlaka ara s\u0131ra bir haftal\u0131k periyodlarda tansiyonunu \u00f6l\u00e7t\u00fcr\u00fcp, takip etsin. Gen\u00e7, ya\u015fl\u0131 hi\u00e7 fark etmez. Y\u00fcksek tansiyonda en s\u0131k kar\u015f\u0131la\u015ft\u0131\u011f\u0131m\u0131z semptom ba\u015f a\u011fr\u0131s\u0131d\u0131r.\u201d<\/p>\n<p>\u201cBelirli miktardaki kafeinin ba\u015f a\u011fr\u0131s\u0131n\u0131 kesici etkisi var\u201d<\/p>\n<p>Belirli miktardaki kafeinin ba\u015f a\u011fr\u0131s\u0131n\u0131 kesici etkisi oldu\u011funu kaydeden \u00d6zmen, \u201cKafeinin de nas\u0131l al\u0131nd\u0131\u011f\u0131 \u00f6nemli. Kahvenin en do\u011fal hali \u00e7ekirdek. Filtre kahve, French press T\u00fcrk kahvesinden do\u011fal kafein al\u0131yoruz. Suda eriyen kahveler zararl\u0131. Bunlar, haz\u0131r paketlerde sunulan tek i\u00e7imlik kahveler. Kahvenin saatine dikkat etmek \u00f6nemli. Ak\u015fam hava karard\u0131ktan sonra kahve t\u00fcketmememiz laz\u0131m. \u00c7\u00fcnk\u00fc, uykumuzu ka\u00e7\u0131racakt\u0131r. Kahvenin miktar\u0131 da \u00e7ok \u00f6nemli. \u00c7ay ve kahveyi g\u00fcnde 3 bardaktan fazla t\u00fcketmemek gerekir. Fazla al\u0131m\u0131 anksiyete yani kalpte \u00e7arp\u0131nt\u0131 yapabiliyor. \u00c7arp\u0131nt\u0131yla birlikte s\u00fcrekli bir endi\u015fe haline sokabiliyor ki\u015fiyi. Dolay\u0131s\u0131yla strese neden oluyor. Fakat g\u00fcnde 3-4 bardak kahve t\u00fcketen birinin bir anda kahveyi b\u0131rakmas\u0131 da ba\u015f a\u011fr\u0131s\u0131na neden olabilir. Bir anda b\u0131rakmak da s\u0131k\u0131nt\u0131l\u0131d\u0131r. Dozunu yava\u015f yava\u015f azaltmak yeterli olacakt\u0131r. Ki\u015fi de e\u011fer kalp hastal\u0131\u011f\u0131 yoksa tamamen kahveyi kesmeye gerek yok. Bunun yan\u0131 s\u0131ra belirli miktardaki kafeinin ba\u015f a\u011fr\u0131s\u0131n\u0131 kesici etkisi var. Baz\u0131 a\u011fr\u0131 kesici ila\u00e7larda da kafein bulunmakta. S\u00fcrekli y\u00fcksek miktarda kafein alan ki\u015filerde de ba\u015f a\u011fr\u0131s\u0131 olmaktad\u0131r. Sonu\u00e7ta kafein al\u0131m\u0131n\u0131n dengeli olmas\u0131 gerekiyor, \u00e7ok fazla almamaya dikkat etmek laz\u0131m. Kafein i\u00e7eren ila\u00e7lar\u0131n da a\u015f\u0131r\u0131 kullan\u0131m\u0131 farkl\u0131 tipte bir ba\u015f a\u011fr\u0131s\u0131na neden olmaktad\u0131r\u201d dedi.<\/p>\n","protected":false},"excerpt":{"rendered":"<p>BA\u015e A\u011eRILARINDA B\u00d6LGESEL DE\u011e\u0130\u015e\u0130KL\u0130KLER\u0130N Y\u00dcKSEK TANS\u0130YON BEL\u0130RT\u0130S\u0130 OLAB\u0130LECE\u011e\u0130N\u0130 S\u00d6YLEYEN N\u00d6ROLOJ\u0130 UZMANI DR. SELEN G\u00dcR \u00d6ZMEN, \u201c\u0130HMAL ED\u0130LEN BA\u015e A\u011eRISI BEY\u0130N KANAMASINA YOL A\u00c7AB\u0130LMEKTED\u0130R\u201d DED\u0130.<\/p>\n","protected":false},"author":1,"featured_media":177167,"comment_status":"closed","ping_status":"open","sticky":false,"template":"","format":"standard","meta":{"jetpack_post_was_ever_published":false,"_jetpack_newsletter_access":"","_jetpack_dont_email_post_to_subs":false,"_jetpack_newsletter_tier_id":0,"_jetpack_memberships_contains_paywalled_content":false,"_jetpack_memberships_contains_paid_content":false,"footnotes":"","jetpack_publicize_message":"","jetpack_publicize_feature_enabled":true,"jetpack_social_post_already_shared":true,"jetpack_social_options":{"image_generator_settings":{"template":"highway","default_image_id":0,"font":"","enabled":false},"version":2}},"categories":[1],"tags":[5892,1732,4054,3670,23589,43316,1130,5897],"class_list":["post-177166","post","type-post","status-publish","format-standard","has-post-thumbnail","hentry","category-genel","tag-agrisi","tag-bas","tag-beyin","tag-edilen","tag-ihmal","tag-kanamasina","tag-neden","tag-olabilir"],"jetpack_publicize_connections":[],"jetpack_featured_media_url":"https:\/\/i0.wp.com\/www.tvturk.com\/wp-content\/uploads\/2019\/07\/ihmal-edilen-bas-agrisi-beyin-kanamasina-neden-olabilir_0c6d175.jpg?fit=760%2C922","jetpack_sharing_enabled":true,"jetpack_shortlink":"https:\/\/wp.me\/paKIfm-K5w","_links":{"self":[{"href":"http:\/\/www.tvturk.com\/index.php\/wp-json\/wp\/v2\/posts\/177166","targetHints":{"allow":["GET"]}}],"collection":[{"href":"http:\/\/www.tvturk.com\/index.php\/wp-json\/wp\/v2\/posts"}],"about":[{"href":"http:\/\/www.tvturk.com\/index.php\/wp-json\/wp\/v2\/types\/post"}],"author":[{"embeddable":true,"href":"http:\/\/www.tvturk.com\/index.php\/wp-json\/wp\/v2\/users\/1"}],"replies":[{"embeddable":true,"href":"http:\/\/www.tvturk.com\/index.php\/wp-json\/wp\/v2\/comments?post=177166"}],"version-history":[{"count":0,"href":"http:\/\/www.tvturk.com\/index.php\/wp-json\/wp\/v2\/posts\/177166\/revisions"}],"wp:featuredmedia":[{"embeddable":true,"href":"http:\/\/www.tvturk.com\/index.php\/wp-json\/wp\/v2\/media\/177167"}],"wp:attachment":[{"href":"http:\/\/www.tvturk.com\/index.php\/wp-json\/wp\/v2\/media?parent=177166"}],"wp:term":[{"taxonomy":"category","embeddable":true,"href":"http:\/\/www.tvturk.com\/index.php\/wp-json\/wp\/v2\/categories?post=177166"},{"taxonomy":"post_tag","embeddable":true,"href":"http:\/\/www.tvturk.com\/index.php\/wp-json\/wp\/v2\/tags?post=177166"}],"curies":[{"name":"wp","href":"https:\/\/api.w.org\/{rel}","templated":true}]}}