{"id":177170,"date":"2019-07-03T11:17:04","date_gmt":"2019-07-03T08:17:04","guid":{"rendered":"http:\/\/www.tvturk.com\/index.php\/eskisehirspor-genc-yildizlarini-elinde-tutmak-istiyor\/"},"modified":"2019-07-03T11:17:04","modified_gmt":"2019-07-03T08:17:04","slug":"eskisehirspor-genc-yildizlarini-elinde-tutmak-istiyor","status":"publish","type":"post","link":"http:\/\/www.tvturk.com\/index.php\/eskisehirspor-genc-yildizlarini-elinde-tutmak-istiyor\/","title":{"rendered":"Eski\u015fehirspor gen\u00e7 y\u0131ld\u0131zlar\u0131n\u0131 elinde tutmak istiyor"},"content":{"rendered":"<p>Eski\u015fehirspor Sportif Direkt\u00f6r\u00fc Ayhan Ta\u015f\u00e7\u0131, Trabzonspor gibi S\u00fcper Lig ekiplerinin yan\u0131 s\u0131ra Avrupa tak\u0131mlar\u0131n\u0131n da g\u00fcndeminde oldu\u011fu iddia edilen Mehmet \u00d6zcan ve Mehmet Feyzi Y\u0131ld\u0131r\u0131m i\u00e7in ilginin oldu\u011funu do\u011frularken kul\u00fcbe ula\u015fan resmi bir teklif olmad\u0131\u011f\u0131n\u0131 belirtti.<\/p>\n<p>Spor Toto 1. Lig ekiplerinden Eski\u015fehirspor\u2019un gen\u00e7 y\u0131ld\u0131zlar\u0131 Mehmet \u00d6zcan ve Mehmet Feyzi Y\u0131ld\u0131r\u0131m, ge\u00e7ti\u011fimiz sezon g\u00f6sterdikleri performansla g\u00f6z doldurmu\u015ftu. 20 ya\u015f\u0131ndaki orta saha oyuncusu Mehmet \u00d6zcan ve 23 ya\u015f\u0131ndaki kanat oyuncusu Mehmet Feyzi\u2019nin g\u00f6stermi\u015f oldu\u011fu ba\u015far\u0131l\u0131 performans transfer dedikodular\u0131n\u0131 da beraberinde getirdi. Avrupa ve S\u00fcper Lig ekiplerinin izledi\u011fi iki oyuncu i\u00e7in son olarak Trabzonspor iddialar\u0131 y\u00fckseliyordu.<\/p>\n<p>Konuyla ilgili \u0130HA muhabirine a\u00e7\u0131klamalarda bulunan Eski\u015fehirspor Sportif Direkt\u00f6r\u00fc Ayhan Ta\u015f\u00e7\u0131 ise oyunculara ilgi oldu\u011funu do\u011frularken hen\u00fcz kul\u00fcbe ula\u015fan resmi bir teklif olmad\u0131\u011f\u0131n\u0131 belirtti. Mehmet \u00d6zcan ve Mehmet Feyzi i\u00e7in yeni s\u00f6zle\u015fme teklifinde bulundu\u011funu ifade eden Sportif Direkt\u00f6r Ta\u015f\u00e7\u0131, \u201c\u0130ki oyuncumuz da bir\u00e7ok kul\u00fcb\u00fcn radar\u0131nda bulunuyor ancak \u015fu an i\u00e7in kul\u00fcb\u00fcm\u00fcze ula\u015fan resmi bir teklif yok. Herhangi bir bonservis bedeli de belirlenmedi. Resmi bir teklif geldi\u011finde her iki taraf lehine olacak \u015fekilde konu\u015fulup anla\u015f\u0131l\u0131r. Bir senelik s\u00f6zle\u015fmeleri var. Biz de s\u00f6zle\u015fmelerini uzatmak i\u00e7in kendileriyle g\u00f6r\u00fc\u015f\u00fcyoruz. Mehmet \u00d6zcan da Mehmet Feyzi de p\u0131rlanta gibi \u00e7ocuklar. Her ikisi de Eski\u015fehirspor\u2019un menfaatleri do\u011frultusunda hareket edeceklerini ve gideceklerse bile para kazand\u0131rmadan gitmeyeceklerini belirtiyor\u201d ifadelerini kulland\u0131.<\/p>\n<p>20 ya\u015f\u0131ndaki gen\u00e7 orta saha Mehmet \u00d6zcan bu sezon 37 ma\u00e7ta forma giyerek tak\u0131m\u0131n dinamosu olurken, 23 ya\u015f\u0131ndaki kanat oyuncusu Mehmet Feyzi Y\u0131ld\u0131r\u0131m da bu sezon 29 ma\u00e7ta 4 gol, 5 asist ile tak\u0131m\u0131na \u00f6nemli katk\u0131da bulundu.<\/p>\n","protected":false},"excerpt":{"rendered":"<p>ESK\u0130\u015eEH\u0130RSPOR SPORT\u0130F D\u0130REKT\u00d6R\u00dc AYHAN TA\u015e\u00c7I, TRABZONSPOR G\u0130B\u0130 S\u00dcPER L\u0130G EK\u0130PLER\u0130N\u0130N YANI SIRA AVRUPA TAKIMLARININ DA G\u00dcNDEM\u0130NDE OLDU\u011eU \u0130DD\u0130A ED\u0130LEN MEHMET \u00d6ZCAN VE MEHMET FEYZ\u0130 YILDIRIM \u0130\u00c7\u0130N \u0130LG\u0130N\u0130N OLDU\u011eUNU DO\u011eRULARKEN KUL\u00dcBE ULA\u015eAN RESM\u0130 B\u0130R TEKL\u0130F OLMADI\u011eINI BEL\u0130RTT\u0130.<\/p>\n","protected":false},"author":1,"featured_media":177171,"comment_status":"closed","ping_status":"open","sticky":false,"template":"","format":"standard","meta":{"jetpack_post_was_ever_published":false,"_jetpack_newsletter_access":"","_jetpack_dont_email_post_to_subs":false,"_jetpack_newsletter_tier_id":0,"_jetpack_memberships_contains_paywalled_content":false,"_jetpack_memberships_contains_paid_content":false,"footnotes":"","jetpack_publicize_message":"","jetpack_publicize_feature_enabled":true,"jetpack_social_post_already_shared":true,"jetpack_social_options":{"image_generator_settings":{"template":"highway","default_image_id":0,"font":"","enabled":false},"version":2}},"categories":[657],"tags":[6875,7638,803,99,10003,7036],"class_list":["post-177170","post","type-post","status-publish","format-standard","has-post-thumbnail","hentry","category-spor","tag-elinde","tag-eskisehirspor","tag-genc","tag-istiyor","tag-tutmak","tag-yildizlarini"],"jetpack_publicize_connections":[],"jetpack_featured_media_url":"https:\/\/i0.wp.com\/www.tvturk.com\/wp-content\/uploads\/2019\/07\/eskisehirspor-genc-yildizlarini-elinde-tutmak-istiyor_db8880c.jpg?fit=1000%2C697","jetpack_sharing_enabled":true,"jetpack_shortlink":"https:\/\/wp.me\/paKIfm-K5A","_links":{"self":[{"href":"http:\/\/www.tvturk.com\/index.php\/wp-json\/wp\/v2\/posts\/177170","targetHints":{"allow":["GET"]}}],"collection":[{"href":"http:\/\/www.tvturk.com\/index.php\/wp-json\/wp\/v2\/posts"}],"about":[{"href":"http:\/\/www.tvturk.com\/index.php\/wp-json\/wp\/v2\/types\/post"}],"author":[{"embeddable":true,"href":"http:\/\/www.tvturk.com\/index.php\/wp-json\/wp\/v2\/users\/1"}],"replies":[{"embeddable":true,"href":"http:\/\/www.tvturk.com\/index.php\/wp-json\/wp\/v2\/comments?post=177170"}],"version-history":[{"count":0,"href":"http:\/\/www.tvturk.com\/index.php\/wp-json\/wp\/v2\/posts\/177170\/revisions"}],"wp:featuredmedia":[{"embeddable":true,"href":"http:\/\/www.tvturk.com\/index.php\/wp-json\/wp\/v2\/media\/177171"}],"wp:attachment":[{"href":"http:\/\/www.tvturk.com\/index.php\/wp-json\/wp\/v2\/media?parent=177170"}],"wp:term":[{"taxonomy":"category","embeddable":true,"href":"http:\/\/www.tvturk.com\/index.php\/wp-json\/wp\/v2\/categories?post=177170"},{"taxonomy":"post_tag","embeddable":true,"href":"http:\/\/www.tvturk.com\/index.php\/wp-json\/wp\/v2\/tags?post=177170"}],"curies":[{"name":"wp","href":"https:\/\/api.w.org\/{rel}","templated":true}]}}