{"id":177174,"date":"2019-07-03T11:17:11","date_gmt":"2019-07-03T08:17:11","guid":{"rendered":"http:\/\/www.tvturk.com\/index.php\/fivb-challenger-kupasinin-basin-toplantisi-ljubljanada-gerceklestirildi\/"},"modified":"2019-07-03T11:17:11","modified_gmt":"2019-07-03T08:17:11","slug":"fivb-challenger-kupasinin-basin-toplantisi-ljubljanada-gerceklestirildi","status":"publish","type":"post","link":"http:\/\/www.tvturk.com\/index.php\/fivb-challenger-kupasinin-basin-toplantisi-ljubljanada-gerceklestirildi\/","title":{"rendered":"FIVB Challenger Kupas\u0131\u2019n\u0131n bas\u0131n toplant\u0131s\u0131 Ljubljana\u2019da ger\u00e7ekle\u015ftirildi"},"content":{"rendered":"<p>A Milli Erkek Voleybol Tak\u0131m\u0131\u2019n\u0131n da yer alaca\u011f\u0131 FIVB Challenger Kupas\u0131\u2019n\u0131n bas\u0131n toplant\u0131s\u0131 Slovenya\u2019n\u0131n ba\u015fkenti Ljubljana\u2019da ger\u00e7ekle\u015ftirildi.<\/p>\n<p>A Milli Erkek Voleybol Tak\u0131m\u0131, 03-07 Temmuz 2019 tarihlerinde, Slovenya\u2019n\u0131n ba\u015fkenti Ljubljana\u2019daki Stozice Arena\u2019n\u0131n ev sahipli\u011fi yapaca\u011f\u0131 FIVB Challenger Kupas\u0131 kar\u015f\u0131la\u015fmalar\u0131nda ev sahibi Slovenya ve \u015eili ile m\u00fccadele edecek. FIVB Challenger Kupas\u0131 kar\u015f\u0131la\u015fmalar\u0131 \u00f6ncesinde d\u00fczenlenen bas\u0131n toplant\u0131s\u0131na, A Milli Erkek Voleybol Tak\u0131m\u0131  Ba\u015fantren\u00f6r\u00fc Nedim \u00d6zbey ve tak\u0131m kaptan\u0131 Arslan Ek\u015fi ile di\u011fer tak\u0131m ba\u015fantren\u00f6rleri ve tak\u0131m kaptanlar\u0131 kat\u0131ld\u0131.<\/p>\n<p>Arslan Ek\u015fi: &#8220;\u0130lk hedefimiz finale kalmak&#8221;<\/p>\n<p>CEV Avrupa Alt\u0131n Ligi\u2019nde ortaya koyduklar\u0131 performansla \u015fampiyon olduklar\u0131n\u0131 ve FIVB Challenger Kupas\u0131\u2019nda yer almay\u0131 ba\u015fard\u0131klar\u0131n\u0131 s\u00f6yleyen Kaptan Arslan Ek\u015fi, &#8220;\u00d6n\u00fcm\u00fczdeki y\u0131l, Milletler Ligi\u2019nde yer alabilmek i\u00e7in \u00f6nemli bir ad\u0131m olacak. \u0130lk kez bu turnuvada m\u00fccadele edece\u011fiz. Zorlu rakiplerimiz var. \u0130lk hedefimiz finale kalabilmek. Ev sahibi Slovenya g\u00fc\u00e7l\u00fc bir tak\u0131m ve bence turnuvan\u0131n favorilerinden biri oldu\u011funu s\u00f6yleyebilirim. Ayn\u0131 grupta yer al\u0131yoruz, o ma\u00e7\u0131 kazanmak ve finale do\u011fru emin ad\u0131mlarla gitmek istiyoruz. Tak\u0131m olarak iyi bir hava yakalad\u0131k. Finale kalarak iyi bir sonu\u00e7 almak istiyoruz\u201d \u015feklinde konu\u015ftu.<\/p>\n<p>Nedim \u00d6zbey: &#8220;Tak\u0131m olarak iyi durumday\u0131z&#8221;<\/p>\n<p>Ba\u015fantren\u00f6r Nedim \u00d6zbey ise, CEV Avrupa Alt\u0131n Ligi\u2019nde m\u00fccadele ettikleri i\u00e7in di\u011fer tak\u0131mlara g\u00f6re haz\u0131r bir durumda olduklar\u0131n\u0131 ifade ederek, &#8220;\u00d6n\u00fcm\u00fczdeki y\u0131l, Milletler Ligi\u2019ne kat\u0131labilmek i\u00e7in bu turnuvada yer al\u0131yoruz. Sezon ba\u015f\u0131nda koydu\u011fumuz hedeflerden bir tanesi de bu idi. Milletler Ligi\u2019ne kat\u0131l\u0131m, T\u00fcrk erkek voleybolunun ileriye gitmesinde \u00f6nemli bir ad\u0131m olacak. Bunun da ilk ad\u0131m\u0131n\u0131 Avrupa Alt\u0131n Ligi\u2019nde \u015fampiyon olarak att\u0131k. \u0130kinci ad\u0131m\u0131 da burada atmak istiyoruz. Tak\u0131m olarak iyi durumday\u0131z, iyi bir sonu\u00e7la d\u00f6nmek istiyoruz. T\u00fcm tak\u0131mlara ba\u015far\u0131lar dilerim\u201d dedi.<\/p>\n","protected":false},"excerpt":{"rendered":"<p>A M\u0130LL\u0130 ERKEK VOLEYBOL TAKIMI&#8217;NIN DA YER ALACA\u011eI FIVB CHALLENGER KUPASI&#8217;NIN BASIN TOPLANTISI SLOVENYA\u2019NIN BA\u015eKENT\u0130 LJUBLJANA\u2019DA GER\u00c7EKLE\u015eT\u0130R\u0130LD\u0130.<\/p>\n","protected":false},"author":1,"featured_media":177175,"comment_status":"closed","ping_status":"open","sticky":false,"template":"","format":"standard","meta":{"jetpack_post_was_ever_published":false,"_jetpack_newsletter_access":"","_jetpack_dont_email_post_to_subs":false,"_jetpack_newsletter_tier_id":0,"_jetpack_memberships_contains_paywalled_content":false,"_jetpack_memberships_contains_paid_content":false,"footnotes":"","jetpack_publicize_message":"","jetpack_publicize_feature_enabled":true,"jetpack_social_post_already_shared":true,"jetpack_social_options":{"image_generator_settings":{"template":"highway","default_image_id":0,"font":"","enabled":false},"version":2}},"categories":[657],"tags":[948,43317,37433,412,26223,43318,347],"class_list":["post-177174","post","type-post","status-publish","format-standard","has-post-thumbnail","hentry","category-spor","tag-basin","tag-challenger","tag-fivb","tag-gerceklestirildi","tag-kupasinin","tag-ljubljanada","tag-toplantisi"],"jetpack_publicize_connections":[],"jetpack_featured_media_url":"https:\/\/i0.wp.com\/www.tvturk.com\/wp-content\/uploads\/2019\/07\/fivb-challenger-kupasinin-basin-toplantisi-ljubljanada-gerceklestirildi_8faec74.jpg?fit=1000%2C666","jetpack_sharing_enabled":true,"jetpack_shortlink":"https:\/\/wp.me\/paKIfm-K5E","_links":{"self":[{"href":"http:\/\/www.tvturk.com\/index.php\/wp-json\/wp\/v2\/posts\/177174","targetHints":{"allow":["GET"]}}],"collection":[{"href":"http:\/\/www.tvturk.com\/index.php\/wp-json\/wp\/v2\/posts"}],"about":[{"href":"http:\/\/www.tvturk.com\/index.php\/wp-json\/wp\/v2\/types\/post"}],"author":[{"embeddable":true,"href":"http:\/\/www.tvturk.com\/index.php\/wp-json\/wp\/v2\/users\/1"}],"replies":[{"embeddable":true,"href":"http:\/\/www.tvturk.com\/index.php\/wp-json\/wp\/v2\/comments?post=177174"}],"version-history":[{"count":0,"href":"http:\/\/www.tvturk.com\/index.php\/wp-json\/wp\/v2\/posts\/177174\/revisions"}],"wp:featuredmedia":[{"embeddable":true,"href":"http:\/\/www.tvturk.com\/index.php\/wp-json\/wp\/v2\/media\/177175"}],"wp:attachment":[{"href":"http:\/\/www.tvturk.com\/index.php\/wp-json\/wp\/v2\/media?parent=177174"}],"wp:term":[{"taxonomy":"category","embeddable":true,"href":"http:\/\/www.tvturk.com\/index.php\/wp-json\/wp\/v2\/categories?post=177174"},{"taxonomy":"post_tag","embeddable":true,"href":"http:\/\/www.tvturk.com\/index.php\/wp-json\/wp\/v2\/tags?post=177174"}],"curies":[{"name":"wp","href":"https:\/\/api.w.org\/{rel}","templated":true}]}}