{"id":177176,"date":"2019-07-03T11:31:16","date_gmt":"2019-07-03T08:31:16","guid":{"rendered":"http:\/\/www.tvturk.com\/index.php\/almanya-savunma-bakani-leyen-ab-komisyonu-baskani-oldu\/"},"modified":"2019-07-03T11:31:16","modified_gmt":"2019-07-03T08:31:16","slug":"almanya-savunma-bakani-leyen-ab-komisyonu-baskani-oldu","status":"publish","type":"post","link":"http:\/\/www.tvturk.com\/index.php\/almanya-savunma-bakani-leyen-ab-komisyonu-baskani-oldu\/","title":{"rendered":"Almanya Savunma Bakan\u0131 Leyen, AB Komisyonu Ba\u015fkan\u0131 oldu"},"content":{"rendered":"<p>Almanya \u015eans\u00f6lyesi Angela Merkel\u2019in d\u00f6rt h\u00fck\u00fcmetinde de g\u00f6rev yapan ve 2013\u2019ten beri Almanya Savunma Bakanl\u0131\u011f\u0131n\u0131 y\u00fcr\u00fcten Ursula von der Leyen, Avrupa Birli\u011fi Komisyonu Ba\u015fkan\u0131 oldu.<\/p>\n<p>61 ya\u015f\u0131ndaki Ursula von der Leyen, Avrupa Birli\u011fi Komisyonu Ba\u015fkan\u0131 oldu. Leyen, s\u0131ras\u0131yla Aile ve Gen\u00e7lik Bakan\u0131, \u00c7al\u0131\u015fma ve Sosyal \u0130\u015fleri Bakan\u0131, son olarak da Almanya Savunma Bakan\u0131 olarak g\u00f6rev yapt\u0131. Babas\u0131 Avrupa Komisyonu\u2019nda g\u00f6revli olan Ursula von der Leyen Br\u00fcksel\u2019de do\u011fdu ve 13 ya\u015f\u0131na kadar orada kald\u0131. 1971 y\u0131l\u0131nda 13 ya\u015f\u0131ndayken babas\u0131n\u0131n 1976\u2019dan 1990\u2019a kadar ba\u015fbakan oldu\u011fu A\u015fa\u011f\u0131 Saksonya\u2019ya geldi. Ursula von der Leyen t\u0131p fak\u00fcltesi mezunu bir doktor.<\/p>\n<p>2010 y\u0131l\u0131nda Merkel\u2019in Almanya cumhurba\u015fkan\u0131 aday\u0131 olan Leyen\u2019in adayl\u0131\u011f\u0131 \u00fcyesi oldu\u011fu Hristiyan Demokrat Parti\u2019nin daha muhafazakar kesimi taraf\u0131ndan engellendi. Leyen, 2015 y\u0131l\u0131nda Macaristan Ba\u015fbakan\u0131 Virtor Orban\u2019\u0131n Macaristan-S\u0131rbistan s\u0131n\u0131r\u0131nda m\u00fcltecilere tazyikli su ve g\u00f6z ya\u015fart\u0131c\u0131 gaz atmas\u0131n\u0131 ele\u015ftirerek bunun AB normlar\u0131na ayk\u0131r\u0131 olup kabul edilemeyece\u011fini s\u00f6ylemi\u015fti. AB Komisyonu\u2019nun yeni Ba\u015fkan\u0131 von der Leyen, Avrupa Birli\u011fi\u2019nin Birle\u015fik Avrupa Devletleri olmas\u0131 ve uzun d\u00f6nemde bir ordusu olmas\u0131n\u0131 savunuyor.<\/p>\n<p>Bel\u00e7ika Ba\u015fbakan\u0131 Michel, Avrupa Konseyi Ba\u015fkan\u0131 oldu<\/p>\n<p>Avrupa Birli\u011fi\u2019nin eski kalk\u0131nma ve insani yard\u0131m bakan\u0131 olan Louis Michel\u2019in o\u011flu Bel\u00e7ika Ba\u015fbakan\u0131 Charles Michel Avrupa Konseyi Ba\u015fkan\u0131 oldu. 1975 do\u011fumlu Michel, 2007 ile 2010 aras\u0131 d\u00f6rt ayr\u0131 h\u00fck\u00fcmette Bel\u00e7ika Kalk\u0131nma ve Yard\u0131m Bakan\u0131 olarak g\u00f6rev yapt\u0131.<\/p>\n<p>Charles Michel, 2009\u2019dan 2014 y\u0131l\u0131na kadar Avrupa Konseyi\u2019nin ilk ba\u015fkan\u0131 olan Herman Van Rompuy\u2019un Bel\u00e7ika Ba\u015fbakan\u0131 oldu\u011fu h\u00fck\u00fcmetten, 2010 y\u0131l\u0131nda Bel\u00e7ika Francophone Liberal Parti Reform Hareketi (Mouvement Reformateur- (MR) partisine ba\u015fkan olmak i\u00e7in istifa etti. Charles Michael 2014 y\u0131l\u0131nda Reforam Hareketi Partisi Ba\u015fkan\u0131 olarak Bel\u00e7ika h\u00fck\u00fcmetinin kurulmas\u0131 i\u00e7in m\u00fczakerelerde bulundu. Micahel Bel\u00e7ika\u2019da ola\u011fan\u00fcst\u00fc \u015fartlarda kurulan h\u00fck\u00fcmette ba\u015fbakan oldu.<\/p>\n<p>Josep Borrell AB\u2019nin yeni D\u0131\u015fi\u015fleri Temsilcisi oldu<\/p>\n<p>2004-2007 y\u0131llar\u0131nda Avrupa Parlamentosu ba\u015fkanl\u0131\u011f\u0131n\u0131 y\u00fcr\u00fcten, \u0130spanya\u2019n\u0131n 72 ya\u015f\u0131ndaki D\u0131\u015fi\u015fleri Bakan\u0131 Josep Borell AB\u2019nin yeni D\u0131\u015fi\u015fleri Temsilcisi oldu. Josep Borell, D\u0131\u015fi\u015fleri Bakan\u0131 olmadan \u00f6nce Katalan\u2019\u0131n ba\u011f\u0131ms\u0131zl\u0131\u011f\u0131na kar\u015f\u0131 \u00e7\u0131km\u0131\u015f ve Avrupa Birli\u011fi\u2019nin Venezuela konusundaki diplomasisine \u00f6nc\u00fcl\u00fck etmi\u015fti. Borell, ABD Ba\u015fkan\u0131 Donald Trump\u2019\u0131 Venezuela\u2019ya askeri m\u00fcdahale tehdidi ve Meksika\u2019da\u2019an Amerika\u2019ya g\u00f6\u00e7\u00fc \u00f6nlemek i\u00e7in Sahara \u00e7\u00f6l\u00fcne duvar \u00f6rme projesine \u201cKovboy\u201d diyerek tiye alm\u0131\u015ft\u0131.<\/p>\n<p>Kuzey Katalonya\u2019n\u0131n bir k\u00f6y\u00fcnde bir f\u0131r\u0131nc\u0131n\u0131n o\u011flu olan Josep Borrell gen\u00e7li\u011finde in\u015faatlarda, restoranlarda, \u00e7iftliklerde ve \u00fcz\u00fcm ba\u011flar\u0131nda \u00e7al\u0131\u015ft\u0131. Madrid\u2019de m\u00fchendislik e\u011fitimi alan Borell ABD ve Fransa\u2019da y\u00fcksek lisans e\u011fitimini tamamlad\u0131.<\/p>\n<p>1975\u2019te Sosyalist Parti\u2019de siyasete giren Josep Borrell 1979 se\u00e7imlerinde Madrid\u2019den milletvekili se\u00e7ildi. Borrell, 1998 y\u0131l\u0131nda partinin ba\u015fkan\u0131 olmadan \u00f6nce Finans Bakan\u0131, Ula\u015ft\u0131rma ve Kamu \u0130\u015fleri Bakan\u0131 olarak g\u00f6rev yapt\u0131. Borrell ayn\u0131 zamanda e\u015fcinsel haklar\u0131 savunucusu.<\/p>\n<p>Avrupa Birli\u011fi Komisyonu nas\u0131l olu\u015fur<\/p>\n<p>Avrupa Birli\u011fi \u00fclkelerinin AB temsilcilerini se\u00e7mesinden sonra Parlamento AB\u2019nin Y\u00fcr\u00fctme organ\u0131 olan Avrupa Komisyonu\u2019nun yeni ba\u015fkan\u0131n\u0131 se\u00e7er. AB \u00fcyesi \u00fclkeler Avrupa se\u00e7im sonu\u00e7lar\u0131n\u0131 dikkate alarak Komisyon ba\u015fkan\u0131 i\u00e7in aday g\u00f6sterir. Buna ilaveten Parlamentonun yeni Komisyon ba\u015fkan\u0131n\u0131 y\u00fczde 51 \u00e7o\u011funlukla onaylamas\u0131 gerekir.  Adaylar\u0131n gereken \u00e7o\u011funlu\u011fu alamamas\u0131 halinde \u00fcye \u00fclkelerin bir ay i\u00e7inde yeni bir aday belirmesi gerekir.<\/p>\n<p>Avrupa Birli\u011fi Konseyi yeni AB\u2019nin yeni liderlerini tayin etti<\/p>\n<p>Avrupa Konseyi, Charles Michel\u2019i 1 Aral\u0131k 2019\u2019dan 31 May\u0131s 2022\u2019ye kadar Konsey Ba\u015fkan\u0131 olarak se\u00e7ti. Konsey ba\u015fkan\u0131n\u0131n ba\u015fkanl\u0131k s\u00fcresi bir defaya mahsus uzat\u0131labilir. Avrupa Konseyi ayn\u0131 zamanda, AB \u00fcyesi \u00fclkeleri devlet ba\u015fkanlar\u0131n\u0131n Charles Michel\u2019in ayn\u0131 s\u00fcre i\u00e7in Avrupa Zirvesi ba\u015fkan\u0131 olarak atanmas\u0131n\u0131 kabul etti\u011fini onaylad\u0131.<\/p>\n","protected":false},"excerpt":{"rendered":"<p>ALMANYA SAVUNMA BAKANI URSULA VON DER LEYEN AB KOM\u0130SYONU BA\u015eKANI OLDU<\/p>\n","protected":false},"author":1,"featured_media":177177,"comment_status":"closed","ping_status":"open","sticky":false,"template":"","format":"standard","meta":{"jetpack_post_was_ever_published":false,"_jetpack_newsletter_access":"","_jetpack_dont_email_post_to_subs":false,"_jetpack_newsletter_tier_id":0,"_jetpack_memberships_contains_paywalled_content":false,"_jetpack_memberships_contains_paid_content":false,"footnotes":"","jetpack_publicize_message":"","jetpack_publicize_feature_enabled":true,"jetpack_social_post_already_shared":true,"jetpack_social_options":{"image_generator_settings":{"template":"highway","default_image_id":0,"font":"","enabled":false},"version":2}},"categories":[10],"tags":[42,933,216,7169,43319,77,33],"class_list":["post-177176","post","type-post","status-publish","format-standard","has-post-thumbnail","hentry","category-dunya","tag-almanya","tag-bakani","tag-baskani","tag-komisyonu","tag-leyen","tag-oldu","tag-savunma"],"jetpack_publicize_connections":[],"jetpack_featured_media_url":"https:\/\/i0.wp.com\/www.tvturk.com\/wp-content\/uploads\/2019\/07\/almanya-savunma-bakani-leyen-ab-komisyonu-baskani-oldu_928ae11.jpg?fit=1000%2C730","jetpack_sharing_enabled":true,"jetpack_shortlink":"https:\/\/wp.me\/paKIfm-K5G","_links":{"self":[{"href":"http:\/\/www.tvturk.com\/index.php\/wp-json\/wp\/v2\/posts\/177176","targetHints":{"allow":["GET"]}}],"collection":[{"href":"http:\/\/www.tvturk.com\/index.php\/wp-json\/wp\/v2\/posts"}],"about":[{"href":"http:\/\/www.tvturk.com\/index.php\/wp-json\/wp\/v2\/types\/post"}],"author":[{"embeddable":true,"href":"http:\/\/www.tvturk.com\/index.php\/wp-json\/wp\/v2\/users\/1"}],"replies":[{"embeddable":true,"href":"http:\/\/www.tvturk.com\/index.php\/wp-json\/wp\/v2\/comments?post=177176"}],"version-history":[{"count":0,"href":"http:\/\/www.tvturk.com\/index.php\/wp-json\/wp\/v2\/posts\/177176\/revisions"}],"wp:featuredmedia":[{"embeddable":true,"href":"http:\/\/www.tvturk.com\/index.php\/wp-json\/wp\/v2\/media\/177177"}],"wp:attachment":[{"href":"http:\/\/www.tvturk.com\/index.php\/wp-json\/wp\/v2\/media?parent=177176"}],"wp:term":[{"taxonomy":"category","embeddable":true,"href":"http:\/\/www.tvturk.com\/index.php\/wp-json\/wp\/v2\/categories?post=177176"},{"taxonomy":"post_tag","embeddable":true,"href":"http:\/\/www.tvturk.com\/index.php\/wp-json\/wp\/v2\/tags?post=177176"}],"curies":[{"name":"wp","href":"https:\/\/api.w.org\/{rel}","templated":true}]}}